{"country":"TR","images":[{"url":"https:\/\/middleeasy.com\/wp-content\/uploads\/2026\/08\/andre-fili-kai-kamaka-ufc-fight-night-290.jpg","link":"https:\/\/middleeasy.com\/mma-news\/andre-fili-kai-kamaka-iii-ufc-fight-night-290-booking\/","title":"Andre Fili vs. Kai Kamaka III Reported For UFC Fight Night 290 On Oct","thumbnail":"https:\/\/ts3.mm.bing.net\/th?id=OIF.HfEyadG1DcIC2yWu2HqtQQ&pid=15.1","size":"1600\u00d7900","desc":"","filetype":"","width":"1600\u00d7900","height":null,"domain":"middleeasy.com"},{"url":"https:\/\/img-s-msn-com.akamaized.net\/tenant\/amp\/entityid\/AA2aFtCg.img?w=3722&h=2097&m=4&q=65","link":"https:\/\/www.msn.com\/en-us\/sports\/mma_ufc\/max-holloway-wants-ufc-title-shot-next\/ar-AA2aFXJu","title":"Max Holloway wants UFC title shot next","thumbnail":"https:\/\/ts1.mm.bing.net\/th?id=OIF.pZX8sxwdWyK7Kn7r%2bxNTeg&pid=15.1","size":"3722\u00d72097","desc":"","filetype":"","width":"3722\u00d72097","height":null,"domain":"www.msn.com"},{"url":"https:\/\/www.bjpenn.com\/wp-content\/uploads\/2026\/08\/Carlos-Prates-says-he-will-KO-Islam-Makhachev-following-UFC-330-in-Philadelphia.jpg","link":"https:\/\/www.bjpenn.com\/mma-news\/carlos-prates\/carlos-prates-islam-makhachev-ufc-330-performance-more-confident\/","title":"Carlos Prates explains why Islam Makhachev's UFC 330 performance makes","thumbnail":"https:\/\/ts2.mm.bing.net\/th?id=OIF.ObKUv7WzpVY0ejxylmtJ9g&pid=15.1","size":"1200\u00d7800","desc":"","filetype":"","width":"1200\u00d7800","height":null,"domain":"www.bjpenn.com"},{"url":"https:\/\/news.agentmma.com\/tw-mmafighting-2093339995318989255.jpg","link":"https:\/\/agentmma.com\/news\/89340-gaethje-doubts-rematch-with-topuria-says-next-fight-is-ufc-s-call","title":"Gaethje doubts rematch with Topuria, says next fight is UFC's call","thumbnail":"https:\/\/ts3.explicit.bing.net\/th?id=OIF.pp2VsegWeHG8vQDPhjZ%2fKg&pid=15.1","size":"1200\u00d7627","desc":"","filetype":"","width":"1200\u00d7627","height":null,"domain":"agentmma.com"},{"url":"https:\/\/img-s-msn-com.akamaized.net\/tenant\/amp\/entityid\/AA2bjmDe.img?w=3617&h=2038&m=4&q=65","link":"https:\/\/www.msn.com\/en-us\/sports\/mma_ufc\/jiri-prochazka-teases-ufc-fight-news\/ar-AA2biGKj","title":"Jiri Prochazka teases UFC fight news","thumbnail":"https:\/\/ts2.mm.bing.net\/th?id=OIF.iGDcxIMHrZP3dwGxX%2b7V7w&pid=15.1","size":"3617\u00d72038","desc":"","filetype":"","width":"3617\u00d72038","height":null,"domain":"www.msn.com"},{"url":"https:\/\/ringside24.com\/media\/post\/gettyimages-2292075115_slug.jpg","link":"https:\/\/ringside24.com\/en\/news\/mma\/257419-song-yadong-vs-umar-nurmagomedov-set-for-ufc-fight-night-286-why-the-shanghai-main-event-could-decide-the-next-title-challenger","title":"Song Yadong vs. Umar Nurmagomedov Set for UFC Fight Night 286: Why the","thumbnail":"https:\/\/ts4.mm.bing.net\/th?id=OIF.Wl4IjS4My1kH283jE4VS3g&pid=15.1","size":"1024\u00d7683","desc":"","filetype":"","width":"1024\u00d7683","height":null,"domain":"ringside24.com"},{"url":"https:\/\/s.yimg.com\/lo\/mysterio\/api\/d6a49808f9cefdbea746108e92dc4f6ba94975f34a731f7068e7add3735dcd1f\/lightyear_networkapi\/resizefill_w1200%3Bquality_80%3Bformat_webp\/https:\/\/media.zenfs.com\/en\/sb_nation_articles_115\/2d3216ac511a46873b9a3fa1e3ae5c14.jpg","link":"https:\/\/sports.yahoo.com\/articles\/nsac-trying-withhold-max-holloway-210134513.html","title":"NSAC trying to withhold Max Holloway\u2019s fight purse following UFC 329","thumbnail":"https:\/\/ts4.mm.bing.net\/th?id=OIF.Ad9JDYSqT%2f%2bVT8UhJXHZNg&pid=15.1","size":"1200\u00d7857","desc":"","filetype":"","width":"1200\u00d7857","height":null,"domain":"sports.yahoo.com"},{"url":"https:\/\/rg.org\/_next\/image?url=https:%2F%2Fcms-cdn-rg-prod-bemymedia-com.s3.us-east-2.amazonaws.com%2FGetty_Images_2275392399_6ec153d235.jpg&w=1024&q=75","link":"https:\/\/rg.org\/news\/mma\/ufc-imavov-chimaev-strickland-title-shot-decision","title":"UFC Title Shot: Imavov Or Chimaev Next For Strickland?","thumbnail":"https:\/\/ts2.mm.bing.net\/th?id=OIF.ZftPKlTqXnLb4eBdOekLpw&pid=15.1","size":"1024\u00d7683","desc":"","filetype":"","width":"1024\u00d7683","height":null,"domain":"rg.org"},{"url":"https:\/\/talksport.com\/wp-content\/uploads\/2025\/01\/arman-tsarukyan-georgia-seen-stage-963517686.jpg?w=620","link":"https:\/\/talksport.com\/mma\/4494997\/arman-tsarukyan-next-fight-title-shot-ufc-311-ruffy\/","title":"Arman Tsarukyan to get UFC title shot if he wins next fight as shock","thumbnail":"https:\/\/ts2.mm.bing.net\/th?id=OIF.bAPJLGrmQMN%2bevhDTrhhbQ&pid=15.1","size":"620\u00d7411","desc":"","filetype":"","width":"620\u00d7411","height":null,"domain":"talksport.com"},{"url":"https:\/\/img-s-msn-com.akamaized.net\/tenant\/amp\/entityid\/AA29Cgop.img?w=912&h=513&m=4&q=70","link":"https:\/\/www.msn.com\/en-us\/sports\/mma_ufc\/veteran-fighter-books-next-ufc-fight-just-days-after-losing-ufc-debut\/ar-AA29C1ix","title":"Veteran fighter books next UFC fight just days after losing UFC debut","thumbnail":"https:\/\/ts3.mm.bing.net\/th?id=OIF.sk7OtLPxZp2E%2fpb0dyTqGQ&pid=15.1","size":"912\u00d7513","desc":"","filetype":"","width":"912\u00d7513","height":null,"domain":"www.msn.com"},{"url":"https:\/\/static0.givemesportimages.com\/wordpress\/wp-content\/uploads\/2026\/08\/mixcollage-16-aug-2026-07-22-am-1299.jpg?q=49&fit=crop&w=825&dpr=2","link":"https:\/\/www.givemesport.com\/islam-makhachev-names-next-fight-carlos-prates-ufc-330-mma\/","title":"UFC 330: Islam Makhachev Wants to Fight Carlos Prates Next","thumbnail":"https:\/\/ts2.mm.bing.net\/th?id=OIF.HZ%2fX%2bBhEC3TaK9kXmj%2fcJw&pid=15.1","size":"1650\u00d7825","desc":"","filetype":"","width":"1650\u00d7825","height":null,"domain":"www.givemesport.com"},{"url":"https:\/\/images.footballfanatics.com\/ufc-merchandise\/mens-ufc-unity-by-venum-black-authentic-fight-week-dry-tech-t-shirt_ss5_p-204524815+u-n0ckj5gs4pnyjga0jblj+v-ba2lhx1jczh3zy7ewkst.jpg?_hv=2","link":"https:\/\/www.ufcstore.com\/en\/mens-ufc-unity-by-venum-black-authentic-fight-week-dry-tech-t-shirt\/p-240071944626759061+z-94-3493484535","title":"Men's UFC Unity by Venum Black Authentic Fight Week Dry Tech T-Shirt","thumbnail":"https:\/\/ts2.mm.bing.net\/th?id=OIF.5W7%2bGC5aoL2e5ExHKLx18w&pid=15.1","size":"1800\u00d71800","desc":"","filetype":"","width":"1800\u00d71800","height":null,"domain":"www.ufcstore.com"},{"url":"https:\/\/platform.mmafighting.com\/wp-content\/uploads\/sites\/109\/2026\/08\/gettyimages-2292564691.jpg?quality=90&strip=all&crop=0%2C0.83607492962105%2C100%2C78.528840453773&w=1200","link":"https:\/\/www.mmafighting.com\/ufc\/508011\/on-to-the-next-one-matches-to-make-after-ufc-shanghai","title":"On To the Next One: Matches to make after UFC Shanghai | MMA Fighting","thumbnail":"https:\/\/ts4.mm.bing.net\/th?id=OIF.%2f9itOTP%2fwhh9gZC%2b62zb8w&pid=15.1","size":"1200\u00d7624","desc":"","filetype":"","width":"1200\u00d7624","height":null,"domain":"www.mmafighting.com"},{"url":"https:\/\/s.yimg.com\/lo\/mysterio\/api\/4707f4fe8007ece37840b5f2d2e7532892cdf6777d64a687b8d91b1197ed5d9a\/lightyear_networkapi\/resizefill_w959_h540%3Bquality_80%3Bformat_webp\/https:\/\/media.zenfs.com\/en\/forbes_contributor_845\/5ff60fe19beaeebdc8682dcfaf24dc9d","link":"https:\/\/sports.yahoo.com\/articles\/khamzat-chimaevs-next-fight-faces-060147158.html","title":"Khamzat Chimaev's Next Fight: When He Faces Sean Strickland At UFC 328","thumbnail":"https:\/\/ts3.mm.bing.net\/th?id=OIF.MoJKNqive3gJ8OhY1q2Z9g&pid=15.1","size":"959\u00d7540","desc":"","filetype":"","width":"959\u00d7540","height":null,"domain":"sports.yahoo.com"},{"url":"https:\/\/img-s-msn-com.akamaized.net\/tenant\/amp\/entityid\/AA2blnCU.img?w=768&h=432&m=6&x=217&y=97&s=530&d=202","link":"https:\/\/www.msn.com\/en-us\/news\/other\/ufc-legend-justin-gaethje-responds-to-potential-conor-mcgregor-fight\/ar-AA2bkMGn","title":"UFC legend Justin Gaethje responds to potential Conor McGregor fight","thumbnail":"https:\/\/ts4.mm.bing.net\/th?id=OIF.rXGxx4zzpCoJIVBKxtxhrA&pid=15.1","size":"768\u00d7432","desc":"","filetype":"","width":"768\u00d7432","height":null,"domain":"www.msn.com"},{"url":"https:\/\/www.lowkickmma.com\/wp-content\/uploads\/2025\/04\/ufc-cage-1024x682.jpg","link":"https:\/\/www.lowkickmma.com\/edson-barboza-possible-retirement-ufc-330\/","title":"Edson Barboza Opens Up On Possibly Retiring After UFC 330 Fight Against","thumbnail":"https:\/\/ts3.mm.bing.net\/th?id=OIF.Um5b0DBJXd44G3Oe6nwSkA&pid=15.1","size":"1024\u00d7682","desc":"","filetype":"","width":"1024\u00d7682","height":null,"domain":"www.lowkickmma.com"},{"url":"https:\/\/mmainsight.com\/wp-content\/uploads\/2026\/08\/UFC-Fight-Night-286-Poster.jpg","link":"https:\/\/mmainsight.com\/news\/ufc-fight-night-287-fight-card","title":"UFC Fight Night 287 Fight Card","thumbnail":"https:\/\/ts2.mm.bing.net\/th?id=OIF.IcN1B4R8bFVBVVFUPPWBog&pid=15.1","size":"640\u00d7400","desc":"","filetype":"","width":"640\u00d7400","height":null,"domain":"mmainsight.com"},{"url":"https:\/\/next-fight.com\/og-image.png","link":"https:\/\/next-fight.com\/en\/event\/ufc-332","title":"UFC 332 \u2014 Full Fight Card, Date & Time","thumbnail":"https:\/\/ts1.mm.bing.net\/th?id=OIF.z0XtKqOqdBQl5hWbHw2ZJg&pid=15.1","size":"1200\u00d7630","desc":"","filetype":"","width":"1200\u00d7630","height":null,"domain":"next-fight.com"},{"url":"https:\/\/s.yimg.com\/lo\/mysterio\/api\/6eb22e51123acf686d84167d04ca09569a3cc9a8f7d867244ce8e6238f99d532\/lightyear_networkapi\/resizefill_w1200%3Bquality_80%3Bformat_webp\/https:\/\/media.zenfs.com\/en\/heavy_214\/c2dc25d03346ed97bcb705a65d3cb8cb.jpg","link":"https:\/\/sports.yahoo.com\/articles\/ufc-exploring-potential-alex-pereira-215053261.html","title":"UFC Exploring Potential Alex Pereira vs. Josh Hokit Fight - Yahoo Sports","thumbnail":"https:\/\/ts3.mm.bing.net\/th?id=OIF.3XRpv4ic0OOUw98Im62HJA&pid=15.1","size":"1200\u00d7676","desc":"","filetype":"","width":"1200\u00d7676","height":null,"domain":"sports.yahoo.com"},{"url":"https:\/\/platform.mmafighting.com\/wp-content\/uploads\/sites\/109\/2026\/08\/gettyimages-2265353832.jpg?quality=90&strip=all&crop=0%2C2.9377291672679%2C100%2C78.525760320257&w=1200","link":"https:\/\/forums.sherdog.com\/threads\/caio-borralho-seemingly-turns-down-chimaevs-invite-says-focus-now-in-return-is-top-10-fighters.4390391\/","title":"Media - Caio Borralho seemingly turns down Chimaev's invite, says focus","thumbnail":"https:\/\/ts1.mm.bing.net\/th?id=OIF.uthoYzCPV2gwNcIUWa0S8g&pid=15.1","size":"1200\u00d7624","desc":"","filetype":"","width":"1200\u00d7624","height":null,"domain":"forums.sherdog.com"},{"url":"https:\/\/s.yimg.com\/lo\/mysterio\/api\/6091678d058d86f8d8d0f6854ec1c06759a4f25c5ac041b7c435a5a9952ae7a2\/lightyear_networkapi\/resizefill_w1200%3Bquality_80%3Bformat_webp\/https:\/\/media.zenfs.com\/en\/lindy_s_sports_articles_490\/b9c43421cab8b84c8c51743e97deb102.jpg","link":"https:\/\/sports.yahoo.com\/articles\/next-ufc-welterweight-title-shot-223718085.html","title":"Who Should Get The Next UFC Welterweight Title Shot? - Yahoo Sports","thumbnail":"https:\/\/ts3.mm.bing.net\/th?id=OIF.FiIhiCcKMo6UORe3uMxusQ&pid=15.1","size":"1200\u00d7800","desc":"","filetype":"","width":"1200\u00d7800","height":null,"domain":"sports.yahoo.com"},{"url":"https:\/\/img-s-msn-com.akamaized.net\/tenant\/amp\/entityid\/AA1S3JKt.img?w=4207&h=2805&m=4&q=80","link":"https:\/\/www.msn.com\/en-us\/sports\/mma\/charles-oliveira-shoots-down-ufc-title-eliminators-against-arman-paddy-pimblett-i-m-next-in-line-i-can-wait\/ar-AA2aU3xz","title":"Charles Oliveira shoots down UFC title eliminators against Arman, Paddy","thumbnail":"https:\/\/ts2.mm.bing.net\/th?id=OIF.HSvzF7raCVyhQUpJzPPfog&pid=15.1","size":"4207\u00d72805","desc":"","filetype":"","width":"4207\u00d72805","height":null,"domain":"www.msn.com"},{"url":"https:\/\/resizer.ladbiblegroup.com\/unsafe\/rs:fit:3840:0:0:0\/g:sm\/q:70\/aHR0cHM6Ly9ldS1pbWFnZXMuY29udGVudHN0YWNrLmNvbS92My9hc3NldHMvYmx0YTkwZDA1YWQ0MWE1NGE3MS9ibHRmZmU1NDYyNGM3NzY5N2M3LzZhOTZmOTFhZDk0YTQ2ODY0YWUxNWM0Yy90aHJlZS1mb3JtZXItdWZjLXN0YXJzLXJldmVhbC10aGUtcmlkaWN1bG91cy1wbGFjZXMtZHJ1Zy10ZXN0ZXJzLXRyYWNrZWQtdGhlbS1kb3duLXRodW1ibmFpbC5qcGc.webp","link":"https:\/\/www.sportbible.com\/ufc\/conor-mcgregor-next-move-guaranteed-final-ufc-fight-748269-20260819","title":"Conor McGregor's next move 'guaranteed' after final UFC fight","thumbnail":"https:\/\/ts2.mm.bing.net\/th?id=OIF.D32HzMPIJNjJcsxl3D0vtw&pid=15.1","size":"1600\u00d7900","desc":"","filetype":"","width":"1600\u00d7900","height":null,"domain":"www.sportbible.com"},{"url":"https:\/\/bloodyelbow.com\/wp-content\/uploads\/1\/2025\/11\/GettyImages-2246902544-1140x760.jpg","link":"https:\/\/bloodyelbow.com\/2026\/08\/26\/sean-brady-unsure-whether-din-thomas-will-corner-his-next-ufc-fight-after-recent-outburst\/","title":"Sean Brady unsure whether Din Thomas will corner his next UFC fight","thumbnail":"https:\/\/ts4.mm.bing.net\/th?id=OIF.yicwh581ThXpLd2JHYHT%2bg&pid=15.1","size":"1140\u00d7760","desc":"","filetype":"","width":"1140\u00d7760","height":null,"domain":"bloodyelbow.com"},{"url":"https:\/\/mmajunkie.usatoday.com\/gcdn\/authoring\/authoring-images\/2025\/11\/22\/SMMA\/87420072007-dan-hooker-ufc-fight-night-265-qatar-prefight-2.png?crop=1199,675,x0,y63&width=1199&height=675&format=pjpg&auto=webp","link":"https:\/\/www.thescore.com\/mma\/news\/1127557\/fight-forecast-whats-next-for-the-champions-of-ufc-205","title":"Fight Forecast: What's next for the champions of UFC 205? | theScore","thumbnail":"https:\/\/ts2.mm.bing.net\/th?id=OIF.wdCGJopGtfC73YhCfhy0Fg&pid=15.1","size":"1199\u00d7675","desc":"","filetype":"","width":"1199\u00d7675","height":null,"domain":"www.thescore.com"},{"url":"https:\/\/cdn.balkanfightnews.com\/posts\/278\/featured-By5lNmkc.png","link":"https:\/\/balkanfightnews.com\/news\/mma-digest-august-14-2026","title":"MMA Digest - UFC 330 Highlights and Upcoming Fights","thumbnail":"https:\/\/ts2.explicit.bing.net\/th?id=OIF.htsYrnAI4T3n3JUZSz8UEg&pid=15.1","size":"1536\u00d71024","desc":"","filetype":"","width":"1536\u00d71024","height":null,"domain":"balkanfightnews.com"},{"url":"https:\/\/images.footballfanatics.com\/ufc-merchandise\/mens-ufc-unity-by-venum-black-authentic-fight-week-dry-tech-t-shirt_ss5_p-204524815+pv-6+u-n0ckj5gs4pnyjga0jblj+v-dir7kzwx9wy7mxbkvvbd.jpg?_hv=2&w=1018","link":"https:\/\/www.ufcstore.com\/en\/mens-ufc-unity-by-venum-black-authentic-fight-week-dry-tech-t-shirt\/p-240071944626759061+z-94-3493484535","title":"Men's UFC Unity by Venum Black Authentic Fight Week Dry Tech T-Shirt","thumbnail":"https:\/\/ts2.mm.bing.net\/th?id=OIF.LQV2GKAdfhyL0BIExU7OmA&pid=15.1","size":"1018\u00d71018","desc":"","filetype":"","width":"1018\u00d71018","height":null,"domain":"www.ufcstore.com"},{"url":"https:\/\/images.footballfanatics.com\/ufc-merchandise\/mens-ufc-unity-by-venum-black-authentic-fight-week-dry-tech-t-shirt_ss5_p-204524815+pv-5+u-n0ckj5gs4pnyjga0jblj+v-exn1a0qybkukiigwthpv.jpg?_hv=2&w=1018","link":"https:\/\/www.ufcstore.com\/en\/mens-ufc-unity-by-venum-black-authentic-fight-week-dry-tech-t-shirt\/p-240071944626759061+z-94-3493484535","title":"Men's UFC Unity by Venum Black Authentic Fight Week Dry Tech T-Shirt","thumbnail":"https:\/\/ts3.mm.bing.net\/th?id=OIF.DyYtq1GrAuw87NfrNhiy6Q&pid=15.1","size":"1018\u00d71018","desc":"","filetype":"","width":"1018\u00d71018","height":null,"domain":"www.ufcstore.com"},{"url":"https:\/\/img-s-msn-com.akamaized.net\/tenant\/amp\/entityid\/AA28SZsp.img?w=1280&h=720&m=4&q=91","link":"https:\/\/www.msn.com\/en-us\/sports\/mma_ufc\/conor-mcgregor-hints-at-ufc-last-dance-fight-date-in-new-ig-video-after-knee-injury-vs-holloway\/ar-AA28SweD","title":"Conor McGregor hints at UFC 'Last Dance' fight date in new IG video","thumbnail":"https:\/\/ts4.mm.bing.net\/th?id=OIF.qKTdfpnPq0%2fyrCjcnWI7lA&pid=15.1","size":"1280\u00d7720","desc":"","filetype":"","width":"1280\u00d7720","height":null,"domain":"www.msn.com"},{"url":"https:\/\/fightcampconditioning.com\/wp-content\/uploads\/2026\/09\/ufc-manual-20260901-donchenko_inline_2.jpg","link":"https:\/\/fightcampconditioning.com\/ar\/daniil-donchenko-gets-paris-wish\/","title":"Daniil Donchenko Gets Paris Wish - UFC Fan Hub","thumbnail":"https:\/\/ts4.mm.bing.net\/th?id=OIF.Zgnmet6%2fuicM5HCpxdDMZw&pid=15.1","size":"1200\u00d7675","desc":"","filetype":"","width":"1200\u00d7675","height":null,"domain":"fightcampconditioning.com"},{"url":"https:\/\/s.yimg.com\/lo\/mysterio\/api\/9d66d9f2f5a29a08b84961caa235cb483ed49c8e7bd7d40415f99c78cbacb1f1\/lightyear_networkapi\/resizefill_w1200%3Bquality_80%3Bformat_webp\/https:\/\/media.zenfs.com\/en\/mma_junkie_usa_today_articles_344\/f5894a4fe1fea970075d7e293735bc23.jpg","link":"https:\/\/sports.yahoo.com\/articles\/mick-maynards-shoes-whats-next-184025083.html","title":"Mick Maynard's Shoes: What's next for Gregory Rodrigues after UFC","thumbnail":"https:\/\/ts4.mm.bing.net\/th?id=OIF.ELP29pWywfUabILX39SOZw&pid=15.1","size":"1200\u00d7675","desc":"","filetype":"","width":"1200\u00d7675","height":null,"domain":"sports.yahoo.com"},{"url":"https:\/\/platform.mmafighting.com\/wp-content\/uploads\/sites\/109\/2026\/08\/gettyimages-2289659660.jpg?quality=90&strip=all&crop=0%2C10.732984293194%2C100%2C78.534031413613&w=1200","link":"https:\/\/www.mmafighting.com\/ufc\/504151\/on-to-the-next-one-matches-to-make-after-ufc-vegas-120","title":"On To the Next One: Matches to make after UFC Vegas 120 | MMA Fighting","thumbnail":"https:\/\/ts3.mm.bing.net\/th?id=OIF.Vd9cf23NSUwa4%2fpJI2iy9w&pid=15.1","size":"1200\u00d7623","desc":"","filetype":"","width":"1200\u00d7623","height":null,"domain":"www.mmafighting.com"},{"url":"https:\/\/mmajunkie.usatoday.com\/gcdn\/authoring\/authoring-images\/2026\/08\/14\/SMMA\/91297728007-yt.jpg?crop=1919,1079,x0,y0&width=1919&height=1079&format=pjpg&auto=webp","link":"https:\/\/mmajunkie.usatoday.com\/videos\/sports\/ufc\/2026\/08\/13\/ufc-330-full-pre-fight-press-conference-faceoffs\/91267014007\/","title":"UFC 330 full pre-fight press conference faceoffs","thumbnail":"https:\/\/ts1.mm.bing.net\/th?id=OIF.px9vDpeQ7RaPRqvkDNqhxw&pid=15.1","size":"1919\u00d71079","desc":"","filetype":"","width":"1919\u00d71079","height":null,"domain":"mmajunkie.usatoday.com"},{"url":"https:\/\/static0.thesportsterimages.com\/wordpress\/wp-content\/uploads\/2025\/02\/ufc-2025-schedule.jpg","link":"https:\/\/worksheetshq.com\/view\/next-live-ufc-fight\/","title":"Next Live Ufc Fight","thumbnail":"https:\/\/ts3.mm.bing.net\/th?id=OIP.5OjKT0ochkjFX-tjsg8BuQHaDt&pid=15.1","size":"1400\u00d7700","desc":"","filetype":"","width":"1400\u00d7700","height":null,"domain":"worksheetshq.com"},{"url":"https:\/\/i.redd.it\/32wkz5h2fa991.jpg","link":"https:\/\/developer.tp-filmproduktionen.de\/ufc-upcoming-fight-schedule-2024-list-dates-locations-venue\/","title":"Ufc Upcoming Fight Schedule 2024 List: Dates, Locations, Venue \u2013 YKNN","thumbnail":"https:\/\/ts3.mm.bing.net\/th?id=OIP.wogDnjqBc-4BIihD0nlZxAHaEo&pid=15.1","size":"1440\u00d7900","desc":"","filetype":"","width":"1440\u00d7900","height":null,"domain":"developer.tp-filmproduktionen.de"},{"url":"https:\/\/http2.mlstatic.com\/D_NQ_NP_744407-MLU72532692456_102023-F.jpg","link":"https:\/\/listado.mercadolibre.com.mx\/camaras-accesorios\/camaras\/camaras-digitales","title":"C\u00e1maras Digitales | MercadoLibre.com.mx","thumbnail":"https:\/\/ts1.mm.bing.net\/th?id=OIP.-GORJbpSee1S9VNH_xgLiwHaGj&pid=15.1","size":"1139\u00d71008","desc":"C\u00e1maras Digitales | MercadoLibre.com.mx","filetype":"","width":"1139\u00d71008","height":null,"domain":"listado.mercadolibre.com.mx"},{"url":"https:\/\/www.euronics.es\/blog\/wp-content\/uploads\/2015\/12\/C\u00e1mara-r\u00e9flex-Canon-EOS-700D-EF-S-18-55-IS-STM.jpg","link":"https:\/\/www.euronics.es\/blog\/que-es-mejor-regalar-una-camara-evil-o-reflex\/","title":"Qu\u00e9 es mejor regalar, \u00bfuna c\u00e1mara Evil o Reflex? | C\u00e1maras Digitales en","thumbnail":"https:\/\/ts2.mm.bing.net\/th?id=OIP.q2gOhgFIIGB7j1HjtB-hsAHaGM&pid=15.1","size":"2752\u00d72301","desc":"Qu\u00e9 es mejor regalar, \u00bfuna c\u00e1mara Evil o Reflex? | C\u00e1maras Digitales en ...","filetype":"","width":"2752\u00d72301","height":null,"domain":"www.euronics.es"},{"url":"https:\/\/www.memoflores.com\/wp-content\/uploads\/rx10-3.jpg","link":"https:\/\/tipsparalafotografia.blogspot.com\/p\/las-mejores-camaras-para-la-fotografia.html","title":"Fotografia: Las Mejores Camaras Para La Fotograf\u00eda","thumbnail":"https:\/\/ts1.mm.bing.net\/th?id=OIP.AX-qPWProluOGC4rTf_kYAHaGs&pid=15.1","size":"1706\u00d71544","desc":"Fotografia: Las Mejores Camaras Para La Fotograf\u00eda","filetype":"","width":"1706\u00d71544","height":null,"domain":"tipsparalafotografia.blogspot.com"},{"url":"https:\/\/tutiendaideal.com.ar\/wp-content\/uploads\/2020\/11\/nb_camara-fotografica-canon-powershot-sx420_ver_3f2b7a78a8a8dbc910300af1b4a59f06.png","link":"https:\/\/tutiendaideal.com.ar\/producto\/camara-fotografica-canon-powershot-sx420-20mpx\/","title":"CAMARA FOTOGRAFICA CANON POWERSHOT SX420 20mpx | Tu Tienda Ideal","thumbnail":"https:\/\/ts2.mm.bing.net\/th?id=OIP.Ima03D-ghw2Cw2CgYZS8ygHaHa&pid=15.1","size":"1500\u00d71500","desc":"\ue000CAMARA\ue001 FOTOGRAFICA CANON POWERSHOT SX420 20mpx | Tu Tienda Ideal","filetype":"","width":"1500\u00d71500","height":null,"domain":"tutiendaideal.com.ar"},{"url":"https:\/\/i5.walmartimages.com.mx\/mg\/gm\/1p\/images\/product-images\/img_large\/00001380330272l.jpg","link":"https:\/\/www.walmart.com.mx\/ip\/destacados-fotografia\/camara-fotografica-canon-eos-rebel-t7-mas-lente-ef-s18-55mm\/00001380330272","title":"C\u00e1mara Fotogr\u00e1fica Canon EOS Rebel T7 m\u00e1s Lente EF-S18-55mm | Walmart","thumbnail":"https:\/\/ts4.mm.bing.net\/th?id=OIP.DoJVU0gkeD38lLO2s96L4gHaHa&pid=15.1","size":"1000\u00d71000","desc":"C\u00e1mara Fotogr\u00e1fica Canon EOS Rebel T7 m\u00e1s Lente EF-S18-55mm | Walmart ...","filetype":"","width":"1000\u00d71000","height":null,"domain":"www.walmart.com.mx"},{"url":"https:\/\/4.bp.blogspot.com\/-J2NPrFftRKA\/WGlR6o58cOI\/AAAAAAAAN0o\/Kpv2HWLD4ssKyEOOcrOlQKgXi4yxXELKACLcB\/s1600\/810I82QRlDL._SL1500_.jpg","link":"https:\/\/www.daniabeatrizfotografiasypinturas.com\/2017\/01\/mejores-camaras-digitales-para-empezar.html","title":"Consejos para comprar una c\u00e1mara de fotos (Lista de las mejores c\u00e1maras","thumbnail":"https:\/\/ts3.mm.bing.net\/th?id=OIP.q5kfftX8KTXg_3yngd-lIgHaFj&pid=15.1","size":"1500\u00d71126","desc":"Consejos para comprar una c\u00e1mara de fotos (Lista de las mejores c\u00e1maras ...","filetype":"","width":"1500\u00d71126","height":null,"domain":"www.daniabeatrizfotografiasypinturas.com"},{"url":"https:\/\/i.blogs.es\/09689c\/fujifilm_x-pro1\/1366_2000.jpg","link":"https:\/\/www.xataka.com\/fotografia-y-video\/un-recorrido-por-las-31-camaras-mas-importantes-de-la-historia-de-la-fotografia-digital","title":"Fotograf\u00eda digital: evoluci\u00f3n e historia a trav\u00e9s de 31 c\u00e1maras","thumbnail":"https:\/\/ts3.mm.bing.net\/th?id=OIP.v6wIJNV-X3DOR50Zd2P3NgHaFB&pid=15.1","size":"1366\u00d7927","desc":"Fotograf\u00eda digital: evoluci\u00f3n e historia a trav\u00e9s de 31 c\u00e1maras","filetype":"","width":"1366\u00d7927","height":null,"domain":"www.xataka.com"},{"url":"https:\/\/images-na.ssl-images-amazon.com\/images\/I\/91b1trIE1jL._SL1500_.jpg","link":"https:\/\/eldiariony.com\/guia-de-compras\/las-5-camaras-digitales-con-mejor-resolucion-por-debajo-de-500\/","title":"Las 5 c\u00e1maras digitales con la mejor resoluci\u00f3n por debajo de $500 | El","thumbnail":"https:\/\/ts2.mm.bing.net\/th?id=OIP.yAHseaibG2J7IYzd71Nq9wHaGl&pid=15.1","size":"1500\u00d71334","desc":"Las 5 c\u00e1maras digitales con la mejor resoluci\u00f3n por debajo de $500 | El ...","filetype":"","width":"1500\u00d71334","height":null,"domain":"eldiariony.com"},{"url":"https:\/\/www.memoflores.com\/wp-content\/uploads\/camaras-2016-3.jpg","link":"https:\/\/mode.ecoadventuremexico.com\/camara-fotografica-web-camaras-fotograficas-no-profesionales-vs-profesionales-diferencias\/","title":"Camara Fotografica Web \u2013 C\u00e1maras fotogr\u00e1ficas no profesionales vs","thumbnail":"https:\/\/ts1.mm.bing.net\/th?id=OIP.D9cbAePydMntAToYBrdGvAHaFl&pid=15.1","size":"2224\u00d71678","desc":"\ue000Camara\ue001 Fotografica Web \u2013 C\u00e1maras fotogr\u00e1ficas no profesionales vs ...","filetype":"","width":"2224\u00d71678","height":null,"domain":"mode.ecoadventuremexico.com"},{"url":"https:\/\/cl.buscafs.com\/www.qore.com\/public\/uploads\/images\/24202.jpg","link":"https:\/\/www.qore.com\/previos\/25676\/Una-camara-accesible-disenada-para-fotografos-y-cineastas-de-primer-nivel","title":"Una c\u00e1mara accesible dise\u00f1ada para fot\u00f3grafos y cineastas de primer","thumbnail":"https:\/\/ts1.mm.bing.net\/th?id=OIP.eqj_i7vqXaY8oOij3TU3SgHaFj&pid=15.1","size":"600\u00d7450","desc":"Una c\u00e1mara accesible dise\u00f1ada para fot\u00f3grafos y cineastas de primer ...","filetype":"","width":"600\u00d7450","height":null,"domain":"www.qore.com"},{"url":"https:\/\/www.dzoom.org.es\/wp-content\/uploads\/2012\/12\/qcam.jpg","link":"https:\/\/www.dzoom.org.es\/comprar-camara-digital-que-camara-digital-elijo\/","title":"Comprar C\u00e1mara de Fotos\u2026 \u00bfQu\u00e9 C\u00e1mara me Conviene?","thumbnail":"https:\/\/ts4.mm.bing.net\/th?id=OIP.JfUYhecgEFQ_qCFuCpffiAHaE7&pid=15.1","size":"1280\u00d7853","desc":"Comprar C\u00e1mara de Fotos\u2026 \u00bfQu\u00e9 C\u00e1mara me Conviene?","filetype":"","width":"1280\u00d7853","height":null,"domain":"www.dzoom.org.es"},{"url":"https:\/\/camaras.todosobrefotografia.com\/wp-content\/uploads\/camara-fotografica-gigante-de-marca.jpg","link":"https:\/\/camaras.todosobrefotografia.com\/camara-fotografica-gigante-la-mayor-camara-digital-del-mundo\/","title":"Camara fotografica gigante - La mayor c\u00e1mara digital del mundo","thumbnail":"https:\/\/ts1.mm.bing.net\/th?id=OIP.H98TxmYgTKB7mttpXzTxTgHaDP&pid=15.1","size":"1140\u00d7500","desc":"\ue000Camara\ue001 fotografica gigante - La mayor c\u00e1mara digital del mundo","filetype":"","width":"1140\u00d7500","height":null,"domain":"camaras.todosobrefotografia.com"},{"url":"https:\/\/hogarmexicano.com.mx\/wp-content\/uploads\/2020\/10\/camara-profesional-canon.jpg","link":"https:\/\/hogarmexicano.com.mx\/camaras-profesionales\/","title":"Mejores Marcas de C\u00e1maras Profesionales (Ranking M\u00e9xico 2023)","thumbnail":"https:\/\/ts1.mm.bing.net\/th?id=OIP.76KbTNQf1_hi_OuGadlO-QHaHa&pid=15.1","size":"1280\u00d71280","desc":"Mejores Marcas de C\u00e1maras Profesionales (Ranking M\u00e9xico 2023)","filetype":"","width":"1280\u00d71280","height":null,"domain":"hogarmexicano.com.mx"},{"url":"https:\/\/media.ldlc.com\/r1600\/ld\/products\/00\/06\/02\/89\/LD0006028956.jpg","link":"https:\/\/www.ldlc.com\/es-es\/ficha\/PB00548703.html","title":"Panasonic DC-TZ200D Plata - C\u00e1mara compacta - LDLC | \u00a1Musericordia!","thumbnail":"https:\/\/ts4.mm.bing.net\/th?id=OIP.00R_LRF_ubXFM0ss4tG-TAHaHa&pid=15.1","size":"1600\u00d71600","desc":"Panasonic DC-TZ200D Plata - C\u00e1mara compacta - LDLC | \u00a1Musericordia!","filetype":"","width":"1600\u00d71600","height":null,"domain":"www.ldlc.com"},{"url":"https:\/\/media.ldlc.com\/r1600\/ld\/products\/00\/06\/24\/40\/LD0006244091.jpg","link":"https:\/\/www.ldlc.com\/es-es\/ficha\/PB00684416.html","title":"AgfaPhoto Realishot C130 - Negro - C\u00e1mara compacta - LDLC","thumbnail":"https:\/\/ts2.mm.bing.net\/th?id=OIP.pICCmRQGSP6xmOGVW6gj0QHaHa&pid=15.1","size":"1600\u00d71600","desc":"AgfaPhoto Realishot C130 - Negro - C\u00e1mara compacta - LDLC","filetype":"","width":"1600\u00d71600","height":null,"domain":"www.ldlc.com"},{"url":"https:\/\/img.freepik.com\/fotos-premium\/camara-marca-mas-reciente_944019-6453.jpg","link":"https:\/\/www.freepik.es\/fotos-vectores-gratis\/mockup-camara\/30","title":"P\u00e1gina 30 | Mockup Camara - Vectores y PSD gratuitos para descargar","thumbnail":"https:\/\/ts1.mm.bing.net\/th?id=OIP.mMVJ-fxL9larzCBl9m4qRgHaHa&pid=15.1","size":"626\u00d7626","desc":"P\u00e1gina 30 | Mockup \ue000Camara\ue001 - Vectores y PSD gratuitos para descargar","filetype":"","width":"626\u00d7626","height":null,"domain":"www.freepik.es"},{"url":"https:\/\/comofuncionaque.com\/wp-content\/uploads\/2017\/03\/fujifilm-camara-de-fotos.jpg","link":"https:\/\/comofuncionaque.com\/tienes-una-camara-de-fotos-digital-mira-como-funcionan\/","title":"\u00bfTienes una c\u00e1mara de fotos digital? \u00a1Mira c\u00f3mo funcionan!","thumbnail":"https:\/\/ts3.mm.bing.net\/th?id=OIP.eL4l_HmkF5rPyya4bbXPKgHaFL&pid=15.1","size":"1200\u00d7839","desc":"\u00bfTienes una c\u00e1mara de fotos digital? \u00a1Mira c\u00f3mo funcionan!","filetype":"","width":"1200\u00d7839","height":null,"domain":"comofuncionaque.com"},{"url":"https:\/\/dlcdnwebimgs.asus.com\/gain\/818d26a5-2d8b-49e3-8381-86fb5945d8cd\/","link":"https:\/\/www.mindomo.com\/nl\/mindmap\/clasificacion-del-hardware-20a284733b114b41a995d06ec77d775b","title":"Clasificaci\u00f3n del Hardware - Mind Map","thumbnail":"https:\/\/ts1.mm.bing.net\/th?id=OIP.lQzSNva28W_xCYupTyD7NQHaHa&pid=15.1","size":"2400\u00d72400","desc":"Clasificaci\u00f3n del Hardware - Mind Map","filetype":"","width":"2400\u00d72400","height":null,"domain":"www.mindomo.com"},{"url":"https:\/\/walkermacrobahia.com\/wp-content\/uploads\/2024\/10\/24-CAMARA-DMC-FX80PU-PANASONIC-scaled.jpg","link":"https:\/\/walkermacrobahia.com\/tienda\/camara-dmc-fx80pu-panasonic\/","title":"CAMARA DMC-FX80PU PANASONIC - Walker Macro Bah\u00eda","thumbnail":"https:\/\/ts3.mm.bing.net\/th?id=OIP.DX8QV5rP_d_l21ZAPMcmYAHaHa&pid=15.1","size":"1600\u00d71600","desc":"\ue000CAMARA\ue001 DMC-FX80PU PANASONIC - Walker Macro Bah\u00eda","filetype":"","width":"1600\u00d71600","height":null,"domain":"walkermacrobahia.com"},{"url":"https:\/\/i.blogs.es\/b03100\/nikon-z-fc-y-otras-camaras-inspiracion-retro\/1024_682.jpg","link":"https:\/\/www.xatakafoto.com\/tag\/disenos-de-camaras","title":"Dise\u00f1os de c\u00e1maras - Xataka Foto","thumbnail":"https:\/\/ts2.mm.bing.net\/th?id=OIP.WcnNOa5Sootp4RR0BLBDrAHaE7&pid=15.1","size":"1024\u00d7682","desc":"Dise\u00f1os de c\u00e1maras - Xataka Foto","filetype":"","width":"1024\u00d7682","height":null,"domain":"www.xatakafoto.com"},{"url":"https:\/\/i5.walmartimages.com.mx\/mg\/gm\/3pp\/asr\/a1d604f8-e4bf-4152-b71f-0bfd70bd2526.44349334f15d11e46ab7c9feb5855b0e.jpeg?odnHeight=2000&odnWidth=2000&odnBg=ffffff","link":"https:\/\/www.bodegaaurrera.com.mx\/ip\/accesorios-para-computadoras\/camara-web-2k-con-de-microfono-para-computadora-de-escritorio-computadora-portatil-pc-camara-soledad-webcam-de-transmision\/00009965493730","title":"C\u00e1mara web 2k con de micr\u00f3fono para computadora de escritorio","thumbnail":"https:\/\/ts2.mm.bing.net\/th?id=OIP.APQMz7ggquTLmSbDb6cNEwHaHa&pid=15.1","size":"2000\u00d72000","desc":"C\u00e1mara web 2k con de micr\u00f3fono para computadora de escritorio ...","filetype":"","width":"2000\u00d72000","height":null,"domain":"www.bodegaaurrera.com.mx"},{"url":"https:\/\/hogarmexicano.com.mx\/wp-content\/uploads\/2020\/10\/camara-web-para-pc.jpg","link":"https:\/\/hogarmexicano.com.mx\/camaras-web\/","title":"Definici\u00f3n y funci\u00f3n de las c\u00e1maras web para computadora","thumbnail":"https:\/\/ts4.mm.bing.net\/th?id=OIP.JvP2jRPU4UE0E3qTPNknDAHaE7&pid=15.1","size":"2000\u00d71333","desc":"Definici\u00f3n y funci\u00f3n de las c\u00e1maras web para computadora","filetype":"","width":"2000\u00d71333","height":null,"domain":"hogarmexicano.com.mx"},{"url":"https:\/\/static.vecteezy.com\/system\/resources\/previews\/021\/259\/186\/original\/hand-drawn-modern-black-photo-camera-isolated-digital-camera-photography-equipment-vector.jpg","link":"https:\/\/es.vecteezy.com\/arte-vectorial\/21259186-mano-dibujado-moderno-negro-foto-camara-aislado-digital-camara-fotografia-equipo","title":"mano dibujado moderno negro foto c\u00e1mara aislado. digital c\u00e1mara","thumbnail":"https:\/\/ts1.mm.bing.net\/th?id=OIP.RTZT89UMqfX7ZFreGxdz1wHaHa&pid=15.1","size":"1920\u00d71920","desc":"mano dibujado moderno negro foto c\u00e1mara aislado. digital c\u00e1mara ...","filetype":"","width":"1920\u00d71920","height":null,"domain":"es.vecteezy.com"},{"url":"https:\/\/img.freepik.com\/fotos-premium\/vector-camara-icono-plano_917213-19509.jpg","link":"https:\/\/www.freepik.es\/fotos\/camara-realista","title":"Fotos de Camara Realista, +83.000 Fotos de stock gratuitas de gran calidad","thumbnail":"https:\/\/ts2.mm.bing.net\/th?id=OIP.tfzQh5i-LxBczBs67h3lTwHaHa&pid=15.1","size":"626\u00d7626","desc":"Fotos de \ue000Camara\ue001 Realista, +83.000 Fotos de stock gratuitas de gran calidad","filetype":"","width":"626\u00d7626","height":null,"domain":"www.freepik.es"},{"url":"https:\/\/e00-elmundo.uecdn.es\/assets\/multimedia\/imagenes\/2023\/08\/21\/16926502279891.jpg","link":"https:\/\/www.elmundo.es\/tecnologia\/gadgets\/2023\/08\/21\/64e3cba7fc6c835b168b45a9.html","title":"Probamos la Sony Alpha 6700: una c\u00e1mara peque\u00f1a con la calidad de las","thumbnail":"https:\/\/ts2.mm.bing.net\/th?id=OIP.oAX-GDrr-2pRSFpbNbn6NQHaFj&pid=15.1","size":"1088\u00d7817","desc":"Probamos la Sony Alpha 6700: una c\u00e1mara peque\u00f1a con la calidad de las ...","filetype":"","width":"1088\u00d7817","height":null,"domain":"www.elmundo.es"},{"url":"https:\/\/comparativas.lavanguardia.com\/wp-content\/uploads\/2023\/01\/Camara-de-fotos-2.jpg","link":"https:\/\/www.lavanguardia.com\/comprar\/comparativas\/comparativa-mejores-camaras-de-fotos\/","title":"\ud83e\udd47 Mejores c\u00e1maras de fotos 2026 - Comparativas La Vanguardia","thumbnail":"https:\/\/ts3.mm.bing.net\/th?id=OIP._QDi5umYT__Qz2F8yY4UPwHaD7&pid=15.1","size":"750\u00d7398","desc":"\ud83e\udd47 Mejores c\u00e1maras de fotos 2026 - Comparativas La Vanguardia","filetype":"","width":"750\u00d7398","height":null,"domain":"www.lavanguardia.com"},{"url":"https:\/\/m.media-amazon.com\/images\/I\/61DRyuOB3vL._AC_.jpg","link":"https:\/\/www.amazon.com.mx\/Nisheng-computadora-transmisi\u00f3n-profesional-conferencias\/dp\/B0BJ6QHMQ3","title":"Nisheng C\u00e1mara web 4K con micr\u00f3fono, c\u00e1mara web de enfoque autom\u00e1tico","thumbnail":"https:\/\/ts4.mm.bing.net\/th?id=OIP.Jsvjsp-88whyAE4-FJ2jAgHaHF&pid=15.1","size":"1583\u00d71514","desc":"Nisheng C\u00e1mara web 4K con micr\u00f3fono, c\u00e1mara web de enfoque autom\u00e1tico ...","filetype":"","width":"1583\u00d71514","height":null,"domain":"www.amazon.com.mx"},{"url":"https:\/\/m.media-amazon.com\/images\/I\/715i3L24+WL._AC_SL1500_.jpg","link":"https:\/\/www.tiendamia.cr\/p\/amz\/b0djm8l5n4\/camara-web-full-hd-con-microfono-incorporado-y-tripode-giratorio","title":"C\u00e1mara web Full HD con micr\u00f3fono incorporado y tr\u00edpode giratorio","thumbnail":"https:\/\/ts4.mm.bing.net\/th?id=OIP.7Jlzu7MxgWHFNh2jVjTlGQHaH3&pid=15.1","size":"1412\u00d71500","desc":"C\u00e1mara web Full HD con micr\u00f3fono incorporado y tr\u00edpode giratorio ...","filetype":"","width":"1412\u00d71500","height":null,"domain":"www.tiendamia.cr"},{"url":"https:\/\/img.freepik.com\/fotos-premium\/detalle-alto-camara-verano-3d_842224-3248.jpg","link":"https:\/\/www.freepik.es\/fotos\/basado-camara","title":"Fotos de Basado Camara, +67.000 Fotos de stock gratuitas de gran calidad","thumbnail":"https:\/\/ts2.mm.bing.net\/th?id=OIP.oTbzK_dGujSgmfGssYe8cAHaHa&pid=15.1","size":"626\u00d7626","desc":"Fotos de Basado \ue000Camara\ue001, +67.000 Fotos de stock gratuitas de gran calidad","filetype":"","width":"626\u00d7626","height":null,"domain":"www.freepik.es"},{"url":"https:\/\/i5.walmartimages.com.mx\/mg\/gm\/3pp\/asr\/3cf4f003-80dc-43c6-b82f-08216720cddb.298fc3f3b1e2be09575fc0a5932e2506.jpeg?odnHeight=2000&odnWidth=2000&odnBg=ffffff","link":"https:\/\/www.walmart.com.mx\/ip\/accesorios-para-computadoras\/camara-de-computadora-camara-web-de-computadora-con-camara-de-pc-camara-estetica-elegante\/00097942699651","title":"C\u00e1mara de computadora, c\u00e1mara web de computadora con c\u00e1mara de PC","thumbnail":"https:\/\/ts2.mm.bing.net\/th?id=OIP.Sx71U8w5hjVN_Cto8U6NqQHaHa&pid=15.1","size":"2000\u00d72000","desc":"C\u00e1mara de computadora, c\u00e1mara web de computadora con c\u00e1mara de PC ...","filetype":"","width":"2000\u00d72000","height":null,"domain":"www.walmart.com.mx"},{"url":"https:\/\/www.nationalgeographic.com.es\/medio\/2023\/02\/17\/camara_8a2b107e_891882228_230217105946_1280x853.jpg","link":"https:\/\/www.nationalgeographic.com.es\/fotografia\/trucos-para-limpiar-tu-camara-fotos_19528","title":"Trucos para limpiar tu c\u00e1mara de fotos","thumbnail":"https:\/\/ts3.mm.bing.net\/th?id=OIP.bTGHjMuCgHSUV_k-JAfDXAHaE7&pid=15.1","size":"1280\u00d7853","desc":"Trucos para limpiar tu c\u00e1mara de fotos","filetype":"","width":"1280\u00d7853","height":null,"domain":"www.nationalgeographic.com.es"},{"url":"https:\/\/static.vecteezy.com\/system\/resources\/previews\/002\/696\/134\/large_2x\/camera-photographic-retro-free-vector.jpg","link":"https:\/\/es.vecteezy.com\/arte-vectorial\/2696134-camara-fotografica-retro","title":"c\u00e1mara fotogr\u00e1fica retro 2696134 Vector en Vecteezy","thumbnail":"https:\/\/ts3.mm.bing.net\/th?id=OIP.afMixqlGaEJUKi2OCfxD1QHaHa&pid=15.1","size":"1960\u00d71960","desc":"c\u00e1mara fotogr\u00e1fica retro 2696134 Vector en Vecteezy","filetype":"","width":"1960\u00d71960","height":null,"domain":"es.vecteezy.com"},{"url":"https:\/\/img.freepik.com\/vector-premium\/camara-estilo-diseno-plano_180868-1497.jpg?w=2000","link":"https:\/\/www.freepik.es\/vector-premium\/camara-estilo-diseno-plano_23607281.htm","title":"C\u00e1mara en estilo de dise\u00f1o plano | Vector Premium","thumbnail":"https:\/\/ts2.mm.bing.net\/th?id=OIP.0wyWP2zseXHtz1PFYrOOZAHaHa&pid=15.1","size":"2000\u00d72000","desc":"C\u00e1mara en estilo de dise\u00f1o plano | Vector Premium","filetype":"","width":"2000\u00d72000","height":null,"domain":"www.freepik.es"},{"url":"https:\/\/img.freepik.com\/vector-gratis\/camara-estilo-diseno-plano_573652-577.jpg?w=2000","link":"https:\/\/www.freepik.es\/vector-premium\/camara-estilo-diseno-plano_23850515.htm","title":"C\u00e1mara con estilo de dise\u00f1o plano | Vector Premium","thumbnail":"https:\/\/ts4.mm.bing.net\/th?id=OIP.iCIr4QRvuCV6y6md1uhaaAHaHa&pid=15.1","size":"2000\u00d72000","desc":"C\u00e1mara con estilo de dise\u00f1o plano | Vector Premium","filetype":"","width":"2000\u00d72000","height":null,"domain":"www.freepik.es"},{"url":"https:\/\/png.pngtree.com\/png-clipart\/20240404\/original\/pngtree-photo-camera-3d-cartoon-illustrator-png-image_14748308.png","link":"https:\/\/narodnatribuna.info\/lists\/d\/dibujado-a-mano-ilustracin-vectorial-de-dibujos-animados-de-cmara\/","title":"Dibujado A Mano Ilustracin Vectorial De Dibujos Animados De Cmara","thumbnail":"https:\/\/ts2.mm.bing.net\/th?id=OIP.iJi5LxRFsTGveNWcjRMEZAHaHa&pid=15.1","size":"2500\u00d72500","desc":"Dibujado A Mano Ilustracin Vectorial De Dibujos Animados De Cmara","filetype":"","width":"2500\u00d72500","height":null,"domain":"narodnatribuna.info"},{"url":"https:\/\/www.marketinet.com\/wp-content\/uploads\/2024\/06\/blog\/ux\/MicrosoftTeams-image (10).png","link":"https:\/\/www.marketinet.com\/blog\/importancia-diseno-botones-ux-ui\/","title":"Importancia del dise\u00f1o de botones en UX y UI","thumbnail":"https:\/\/ts1.mm.bing.net\/th?id=OIP.4_5beNGThtE4SaIBzX8tQgHaE7&pid=15.1","size":"4747\u00d73160","desc":"Importancia del dise\u00f1o de botones en UX y UI","filetype":"","width":"4747\u00d73160","height":null,"domain":"www.marketinet.com"},{"url":"https:\/\/www.beverlyhillscarclub.com\/galleria_images\/15772\/15772_main_l.jpg","link":"https:\/\/www.beverlyhillscarclub.com\/1967-ford-fairlane-500-convertible-c-15772.htm","title":"1967 Ford Fairlane 500 Convertible | Beverly Hills Car Club","thumbnail":"https:\/\/ts4.mm.bing.net\/th?id=OIP.SW_OOPX9L9J1_1hML2toOwHaE8&pid=15.1","size":"1200\u00d7800","desc":"","filetype":"","width":"1200\u00d7800","height":null,"domain":"www.beverlyhillscarclub.com"},{"url":"https:\/\/bringatrailer.com\/wp-content\/uploads\/2022\/03\/1967_ford_fairlane-xl-convertible_1967_ford_fairlane-xl-convertible_6df5c79d-55ff-421f-b779-961d8751de29-alpaFy-26527-26527-scaled.jpg","link":"https:\/\/bringatrailer.com\/listing\/1967-ford-fairlane-xl-convertible\/","title":"1967 Ford Fairlane 500 XL Convertible 289 for sale on BaT Auctions","thumbnail":"https:\/\/ts4.mm.bing.net\/th?id=OIP.qqmsDKaB2RKgJxMZNimGMwHaE7&pid=15.1","size":"2048\u00d71363","desc":"","filetype":"","width":"2048\u00d71363","height":null,"domain":"bringatrailer.com"},{"url":"https:\/\/cdn.dealeraccelerate.com\/coyote\/1\/811\/67255\/1920x1440\/1967-ford-fairlane-500-xl-convertible","link":"https:\/\/www.coyoteclassics.com\/vehicles\/838\/1967-ford-fairlane-500-xl-convertible","title":"1967 Ford Fairlane 500 XL Convertible | Coyote Classics","thumbnail":"https:\/\/ts3.mm.bing.net\/th?id=OIP.opVpANAj-eX_E_RgDh-o-AHaFj&pid=15.1","size":"1920\u00d71440","desc":"","filetype":"","width":"1920\u00d71440","height":null,"domain":"www.coyoteclassics.com"},{"url":"https:\/\/bringatrailer.com\/wp-content\/uploads\/2024\/04\/1967_ford_fairlane_g-45025.jpg","link":"https:\/\/bringatrailer.com\/listing\/1967-ford-fairlane-36\/","title":"1967 Ford Fairlane GT Convertible 390 for sale on BaT Auctions - closed","thumbnail":"https:\/\/ts1.mm.bing.net\/th?id=OIP.gZNvTF01EojluSEuksFCowHaE7&pid=15.1","size":"2048\u00d71365","desc":"","filetype":"","width":"2048\u00d71365","height":null,"domain":"bringatrailer.com"},{"url":"https:\/\/images.mecum.com\/image\/upload\/c_fill,f_auto,g_center,q_auto,w_1600,h_899\/v1702552032\/auctions\/FL24\/1107842\/427707.jpg?","link":"https:\/\/www.mecum.com\/lots\/1107842\/1967-ford-fairlane-gta-convertible\/","title":"1967 Ford Fairlane GTA Convertible For Sale At Auction - Mecum Auctions","thumbnail":"https:\/\/ts4.mm.bing.net\/th?id=OIP.8-gRwH_PZV99XqDwow1rvQHaEK&pid=15.1","size":"1600\u00d7899","desc":"","filetype":"","width":"1600\u00d7899","height":null,"domain":"www.mecum.com"},{"url":"https:\/\/cdn1.mecum.com\/auctions\/sc0519\/sc0519-380363\/images\/img7320-1556053397774@2x.jpg?1556829361000","link":"https:\/\/www.mecum.com\/lots\/SC0519-380363\/1967-ford-fairlane-500-convertible\/","title":"1967 Ford Fairlane 500 Convertible | T40.1 | Indy 2019","thumbnail":"https:\/\/ts1.mm.bing.net\/th?id=OIP.4jE_hWlwFO6jiEJpx8HUkwHaEK&pid=15.1","size":"1664\u00d7936","desc":"fairlane 1967 convertible ford screen full sc0519","filetype":"","width":"1664\u00d7936","height":null,"domain":"www.mecum.com"},{"url":"https:\/\/res.cloudinary.com\/mecum\/image\/upload\/c_fill,f_auto,g_auto,q_auto,w_1920\/v1669823128\/auctions\/fl19\/fl0119-359522\/944581_12.jpg?","link":"https:\/\/www.mecum.com\/lots\/FL0119-359522\/1967-ford-fairlane-gt-convertible\/","title":"1967 Ford Fairlane GT Convertible at Kissimmee 2019 as F207 - Mecum","thumbnail":"https:\/\/ts4.mm.bing.net\/th?id=OIP.-aqPoyp_WLiD3I4DBewNigHaEK&pid=15.1","size":"1920\u00d71080","desc":"","filetype":"","width":"1920\u00d71080","height":null,"domain":"www.mecum.com"},{"url":"https:\/\/images.mecum.com\/image\/upload\/c_fill,f_auto,g_center,q_auto,w_1600,h_899\/v1761166524\/auctions\/FL26\/1159326\/115823.jpg?","link":"https:\/\/www.mecum.com\/lots\/1159326\/1967-ford-fairlane-gt-convertible\/","title":"1967 Ford Fairlane GT Convertible For Sale At Auction - Mecum Auctions","thumbnail":"https:\/\/ts2.mm.bing.net\/th?id=OIP.FsaMVvm2SOElRrP7Xkvo1wHaEK&pid=15.1","size":"1600\u00d7899","desc":"","filetype":"","width":"1600\u00d7899","height":null,"domain":"www.mecum.com"},{"url":"https:\/\/en.wheelz.me\/wp-content\/uploads\/2025\/12\/0390465516221225.webp","link":"https:\/\/en.wheelz.me\/1967-ford-fairlane-gt-convertible\/","title":"Gold Standard Muscle: The 1967 Ford Fairlane GT Convertible | en.wheelz.me","thumbnail":"https:\/\/ts3.mm.bing.net\/th?id=OIP.BkTgWVCEoC-UdtbQLYXeuAHaE8&pid=15.1","size":"1500\u00d71000","desc":"","filetype":"","width":"1500\u00d71000","height":null,"domain":"en.wheelz.me"},{"url":"https:\/\/thevaultms.com\/wp-content\/uploads\/2024\/08\/AR508169.jpg","link":"https:\/\/thevaultms.com\/inventory\/1967-ford-fairlane-500-convertible\/","title":"1967 Ford Fairlane 500 Convertible - The Vault MS","thumbnail":"https:\/\/ts4.mm.bing.net\/th?id=OIP.MUhyuznADfM4nTXNWAp4YQHaEK&pid=15.1","size":"2048\u00d71152","desc":"","filetype":"","width":"2048\u00d71152","height":null,"domain":"thevaultms.com"},{"url":"https:\/\/bringatrailer.com\/wp-content\/uploads\/2024\/05\/1967_ford_fairlane_67fairlane-street-1-41988.jpg?fit=940%2C626","link":"https:\/\/bringatrailer.com\/listing\/1967-ford-fairlane-37\/","title":"1967 Ford Fairlane 500 Convertible for sale on BaT Auctions - closed on","thumbnail":"https:\/\/ts2.mm.bing.net\/th?id=OIP.MeWleF5ZLdxYE74qngLoiAHaE7&pid=15.1","size":"940\u00d7626","desc":"","filetype":"","width":"940\u00d7626","height":null,"domain":"bringatrailer.com"},{"url":"https:\/\/images.fineartamerica.com\/images\/artworkimages\/mediumlarge\/3\/1-1967-ford-fairlane-gt-convertible-dave-koontz.jpg","link":"https:\/\/knifepunchrecords.com\/1967-ford-fairlane-gt-convertible\/","title":"1967 Ford Fairlane Gt Convertible \u2013 PBHO","thumbnail":"https:\/\/ts2.mm.bing.net\/th?id=OIP.WH6F7LqKQ1Q7kQKbWJsQxAHaE8&pid=15.1","size":"900\u00d7600","desc":"","filetype":"","width":"900\u00d7600","height":null,"domain":"knifepunchrecords.com"},{"url":"https:\/\/images.classic.com\/vehicles\/2ed0ab2e690b98e031d0283112c7e467.jpeg?auto=format&fit=crop&ar=16:9","link":"https:\/\/www.classic.com\/m\/ford\/fairlane\/year-1967\/","title":"1967 Ford Fairlane Market - CLASSIC.COM","thumbnail":"https:\/\/ts1.mm.bing.net\/th?id=OIP.8cGdb5sXudWYlUl1tA1nlQHaEK&pid=15.1","size":"1280\u00d7720","desc":"","filetype":"","width":"1280\u00d7720","height":null,"domain":"www.classic.com"},{"url":"https:\/\/www.garagekeptmotors.com\/imagetag\/1769\/main\/l\/Used-1967-Ford-Fairlane-GT-Convertible-1738347043.jpg","link":"https:\/\/www.garagekeptmotors.com\/used-vehicle-1967-ford-fairlane-gt-convertible-c-1769\/","title":"Used 1967 Ford Fairlane GT Convertible For Sale (Sold) | Garage Kept","thumbnail":"https:\/\/ts1.mm.bing.net\/th?id=OIP.zlW6AVlr_LVJlGTxgYeUgwHaE8&pid=15.1","size":"1920\u00d71280","desc":"","filetype":"","width":"1920\u00d71280","height":null,"domain":"www.garagekeptmotors.com"},{"url":"https:\/\/en.wheelz.me\/wp-content\/uploads\/2025\/12\/0359465516221225.webp","link":"https:\/\/en.wheelz.me\/1967-ford-fairlane-gt-convertible\/","title":"Gold Standard Muscle: The 1967 Ford Fairlane GT Convertible | en.wheelz.me","thumbnail":"https:\/\/ts4.mm.bing.net\/th?id=OIP.ZvTR0MAqrBRFC0P8EVLDDQHaE8&pid=15.1","size":"1500\u00d71000","desc":"","filetype":"","width":"1500\u00d71000","height":null,"domain":"en.wheelz.me"},{"url":"https:\/\/images.classic.com\/vehicles\/429a6c75dd79997ef2b3fb55796babb52c7f5a3f.jpg?auto=format&fit=crop&ar=16:9","link":"https:\/\/www.classic.com\/m\/ford\/fairlane\/year-1967\/","title":"1967 Ford Fairlane Market - CLASSIC.COM","thumbnail":"https:\/\/ts3.mm.bing.net\/th?id=OIP.GnOvWjvlYrvErrVtxYvmvgHaEK&pid=15.1","size":"2048\u00d71152","desc":"","filetype":"","width":"2048\u00d71152","height":null,"domain":"www.classic.com"},{"url":"https:\/\/res.cloudinary.com\/mecum\/image\/upload\/c_fill,f_auto,g_auto,q_auto,w_1920\/v1669823128\/auctions\/sc16\/sc0516-240633\/509846_1.jpg?","link":"https:\/\/www.mecum.com\/lots\/SC0516-240633\/1967-ford-fairlane-500-convertible\/","title":"1967 Ford Fairlane 500 Convertible at Indy 2016 as T86 - Mecum Auctions","thumbnail":"https:\/\/ts2.mm.bing.net\/th?id=OIP.MTV1iyvjUK86xh1IjVkdiQHaEK&pid=15.1","size":"1920\u00d71080","desc":"","filetype":"","width":"1920\u00d71080","height":null,"domain":"www.mecum.com"},{"url":"https:\/\/cdn1.mecum.com\/auctions\/fl0119\/fl0119-359522\/images\/08-1542828046374@2x.jpg?1546552015000","link":"https:\/\/www.mecum.com\/lots\/FL0119-359522\/1967-ford-fairlane-gt-convertible\/","title":"1967 Ford Fairlane GT Convertible | F207 | Kissimmee 2019","thumbnail":"https:\/\/ts4.mm.bing.net\/th?id=OIP.osRZOKf71tnRGMTc5JBJjgHaEK&pid=15.1","size":"1664\u00d7936","desc":"fairlane convertible ford 1967 gt screen full fl0119","filetype":"","width":"1664\u00d7936","height":null,"domain":"www.mecum.com"},{"url":"https:\/\/thevaultms.com\/wp-content\/uploads\/2024\/08\/AR508114.jpg","link":"https:\/\/thevaultms.com\/inventory\/1967-ford-fairlane-500-convertible\/","title":"1967 Ford Fairlane 500 Convertible - The Vault MS","thumbnail":"https:\/\/ts1.mm.bing.net\/th?id=OIP.LABFDPZ0qKu5T6swzXrdngHaEK&pid=15.1","size":"2048\u00d71152","desc":"","filetype":"","width":"2048\u00d71152","height":null,"domain":"thevaultms.com"},{"url":"https:\/\/cdn1.mecum.com\/auctions\/pa0817\/pa0817-294854\/images\/pa0817-294854_10@2x.jpg?1494681085000","link":"https:\/\/www.mecum.com\/lots\/PA0817-294854\/1967-ford-fairlane-500xl-convertible\/","title":"1967 Ford Fairlane 500XL Convertible | F76 | Harrisburg 2017","thumbnail":"https:\/\/ts4.mm.bing.net\/th?id=OIP.X1a5jf9aHGJP-J9zWuyVrgHaEK&pid=15.1","size":"1664\u00d7936","desc":"fairlane 1967 convertible ford 500xl screen full pa0817 engine","filetype":"","width":"1664\u00d7936","height":null,"domain":"www.mecum.com"},{"url":"https:\/\/cdn1.mecum.com\/auctions\/fl0112\/fl0112-120755\/images\/fl0112-120755_1@2x.jpg?1327676992000","link":"https:\/\/www.mecum.com\/lots\/FL0112-120755\/1967-ford-fairlane-500-convertible\/","title":"1967 Ford Fairlane 500 Convertible | F67 | Kissimmee 2012","thumbnail":"https:\/\/ts1.mm.bing.net\/th?id=OIP.xeT9i7Y4fE4ywt48oXNZ0gHaEK&pid=15.1","size":"1664\u00d7936","desc":"1967 fairlane convertible ford screen full fl0112","filetype":"","width":"1664\u00d7936","height":null,"domain":"www.mecum.com"},{"url":"https:\/\/images.classic.com\/vehicles\/e37d372ca22a757b26ae780b9af480c0149a2256.jpg?auto=format&fit=crop&ar=16:9","link":"https:\/\/www.classic.com\/m\/ford\/fairlane\/year-1967\/","title":"1967 Ford Fairlane Market - CLASSIC.COM","thumbnail":"https:\/\/ts4.mm.bing.net\/th?id=OIP.eQ0MBfmGUdFdKlClJwEdBQHaEK&pid=15.1","size":"1012\u00d7570","desc":"","filetype":"","width":"1012\u00d7570","height":null,"domain":"www.classic.com"},{"url":"https:\/\/images.classic.com\/vehicles\/4fbc3ebac9a27539e4eefe964e4dc739.jpeg?auto=format&fit=crop&ar=16:9","link":"https:\/\/www.classic.com\/m\/ford\/fairlane\/year-1967\/","title":"1967 Ford Fairlane Market - CLASSIC.COM","thumbnail":"https:\/\/ts2.mm.bing.net\/th?id=OIP.OjtqOFJ1SfBhvB41ETCjnwHaEK&pid=15.1","size":"1920\u00d71080","desc":"","filetype":"","width":"1920\u00d71080","height":null,"domain":"www.classic.com"},{"url":"https:\/\/barnfinds.com\/wp-content\/uploads\/2025\/11\/1967-Ford-Fairlane-XL-Convertible-1.jpg","link":"https:\/\/barnfinds.com\/tidy-drop-top-1967-ford-fairlane-xl-convertible\/","title":"Tidy Drop Top: 1967 Ford Fairlane XL Convertible | Barn Finds","thumbnail":"https:\/\/ts1.mm.bing.net\/th?id=OIP.VDBp7URuoSSWsoVZHLtIrwHaFj&pid=15.1","size":"2042\u00d71532","desc":"","filetype":"","width":"2042\u00d71532","height":null,"domain":"barnfinds.com"},{"url":"https:\/\/ccmarketplace.azureedge.net\/cc-temp\/listing\/107\/9431\/11429417-1967-ford-fairlane-500-xl-v-8-convertible-std.jpg","link":"https:\/\/classiccars.com\/listings\/view\/1079431\/1967-ford-fairlane-500-xl-v-8-convertible-for-sale-in-auburn-indiana-46706","title":"1967 Ford Fairlane 500 XL V-8 Convertible for Sale | ClassicCars.com","thumbnail":"https:\/\/ts3.mm.bing.net\/th?id=OIP.JUl8jgUzf_G085cy8dLkUQHaFj&pid=15.1","size":"1280\u00d7960","desc":"fairlane 1967 500 ford convertible xl sale classic car insurance inspection financing transport auburn","filetype":"","width":"1280\u00d7960","height":null,"domain":"classiccars.com"},{"url":"https:\/\/cdn.dealeraccelerate.com\/streetside\/2\/46313\/3972730\/1920x1440\/w\/1967-ford-fairlane-500-xl-convertible","link":"https:\/\/www.streetsideclassics.com\/vehicles\/7452-dfw\/1967-ford-fairlane-500-xl-convertible","title":"1967 Ford Fairlane | Classic Cars for Sale - Streetside Classics","thumbnail":"https:\/\/ts3.mm.bing.net\/th?id=OIP.azrgDszbzRpo28E-yNxrZAHaE8&pid=15.1","size":"1920\u00d71280","desc":"","filetype":"","width":"1920\u00d71280","height":null,"domain":"www.streetsideclassics.com"},{"url":"https:\/\/images.classic.com\/vehicles\/b60665f8cfc883280b7946426fcaf145.jpeg?auto=format&fit=crop&ar=16:9","link":"https:\/\/www.classic.com\/m\/ford\/fairlane\/year-1967\/","title":"1967 Ford Fairlane Market - CLASSIC.COM","thumbnail":"https:\/\/ts2.mm.bing.net\/th?id=OIP.JReToP0BERcwKeCpWINXqwHaEK&pid=15.1","size":"1280\u00d7720","desc":"","filetype":"","width":"1280\u00d7720","height":null,"domain":"www.classic.com"},{"url":"https:\/\/thevaultms.com\/wp-content\/uploads\/2024\/08\/AR508099.jpg","link":"https:\/\/thevaultms.com\/inventory\/1967-ford-fairlane-500-convertible\/","title":"1967 Ford Fairlane 500 Convertible - The Vault MS","thumbnail":"https:\/\/ts1.mm.bing.net\/th?id=OIP.A2m6MBBqIpMviGwC1oezQQHaEK&pid=15.1","size":"2048\u00d71152","desc":"","filetype":"","width":"2048\u00d71152","height":null,"domain":"thevaultms.com"},{"url":"http:\/\/www.barnfreshclassics.com\/wp-content\/uploads\/2017\/09\/IMG_4407.jpg","link":"http:\/\/www.barnfreshclassics.com\/shop\/cars-for-sale\/1967-ford-fairlane-gt\/","title":"1967 Ford Fairlane GT - Barn Fresh Classics, LLC","thumbnail":"https:\/\/ts3.mm.bing.net\/th?id=OIP.iBhOLIqbCpPgVSneJd8BVQHaFj&pid=15.1","size":"4032\u00d73024","desc":"fairlane ford 1967 gt sale cars","filetype":"","width":"4032\u00d73024","height":null,"domain":"www.barnfreshclassics.com"},{"url":"https:\/\/res.cloudinary.com\/mecum\/image\/upload\/c_fill,f_auto,g_auto,q_auto,w_1920\/v1659679361\/auctions\/sc13\/sc0513-153223\/209826_1.jpg?","link":"https:\/\/www.mecum.com\/lots\/SC13-153223\/1967-ford-fairlane-convertible\/","title":"1967 Ford Fairlane Convertible at Dana Mecum's 26th Original Spring","thumbnail":"https:\/\/ts3.mm.bing.net\/th?id=OIP.bG-Eu1xicuqXcYt7nGgKewHaFj&pid=15.1","size":"1920\u00d71440","desc":"","filetype":"","width":"1920\u00d71440","height":null,"domain":"www.mecum.com"},{"url":"https:\/\/res.cloudinary.com\/mecum\/image\/upload\/c_fill,f_auto,g_auto,q_auto,w_1920\/v1659679361\/auctions\/sc13\/sc0513-153223\/209832_7.jpg?","link":"https:\/\/www.mecum.com\/lots\/SC13-153223\/1967-ford-fairlane-convertible\/","title":"1967 Ford Fairlane Convertible at Dana Mecum's 26th Original Spring","thumbnail":"https:\/\/ts4.mm.bing.net\/th?id=OIP.I0ZZYnSVAOT-4ZV7NJQ4lwHaFj&pid=15.1","size":"1920\u00d71440","desc":"","filetype":"","width":"1920\u00d71440","height":null,"domain":"www.mecum.com"},{"url":"https:\/\/cdn.dealeraccelerate.com\/streetside\/2\/40728\/3241414\/1920x1440\/w\/1967-ford-fairlane-500-convertible","link":"https:\/\/www.streetsideclassics.com\/vehicles\/6391-dfw\/1967-ford-fairlane-500-convertible","title":"1967 Ford Fairlane | Classic Cars for Sale - Streetside Classics","thumbnail":"https:\/\/ts2.mm.bing.net\/th?id=OIP.1-dXuWZMkz8OUC_XEx9klAHaE8&pid=15.1","size":"1920\u00d71280","desc":"","filetype":"","width":"1920\u00d71280","height":null,"domain":"www.streetsideclassics.com"},{"url":"https:\/\/topclassiccarsforsale.com\/uploads\/photoalbum\/1967-ford-fairlane-convertible-black-convertible-500-xl-2.jpg","link":"https:\/\/topclassiccarsforsale.com\/ford\/749823-1967-ford-fairlane-convertible-black-convertible-500-xl.html","title":"1967 Ford Fairlane Convertible Black convertible 500 Xl for sale","thumbnail":"https:\/\/ts2.mm.bing.net\/th?id=OIP.5GhcrXZ_bLpaH_oPn5mqPAHaFj&pid=15.1","size":"1200\u00d7900","desc":"","filetype":"","width":"1200\u00d7900","height":null,"domain":"topclassiccarsforsale.com"},{"url":"https:\/\/topclassiccarsforsale.com\/uploads\/photoalbum\/1967-ford-fairlane-convertible-black-convertible-500-xl-3.jpg","link":"https:\/\/topclassiccarsforsale.com\/ford\/749823-1967-ford-fairlane-convertible-black-convertible-500-xl.html","title":"1967 Ford Fairlane Convertible Black convertible 500 Xl for sale","thumbnail":"https:\/\/ts1.mm.bing.net\/th?id=OIP.HfwrECJamOsZYch6XlkLnwHaFj&pid=15.1","size":"1200\u00d7900","desc":"","filetype":"","width":"1200\u00d7900","height":null,"domain":"topclassiccarsforsale.com"},{"url":"https:\/\/cdn.dealeraccelerate.com\/coyote\/1\/966\/84264\/1920x1440\/1967-ford-fairlane","link":"https:\/\/www.coyoteclassics.com\/vehicles\/1007\/1967-ford-fairlane","title":"1967 Ford Fairlane | Coyote Classics","thumbnail":"https:\/\/ts3.mm.bing.net\/th?id=OIP.e9uTg_xCqnnBAIfwYGd1oQHaFj&pid=15.1","size":"1920\u00d71440","desc":"","filetype":"","width":"1920\u00d71440","height":null,"domain":"www.coyoteclassics.com"},{"url":"https:\/\/i8.amplience.net\/i\/naras\/gettyimages-955762636.jpg.jpg","link":"https:\/\/www.grammy.com\/news\/nicki-minaj-reveals-queen-album-cover-artwork","title":"Nicki Minaj Reveals 'Queen' Album Cover Artwork | GRAMMY.com","thumbnail":"https:\/\/ts2.mm.bing.net\/th?id=OIP.YwY_L6QPwuHxfYXPNfDxugHaE2&pid=15.1","size":"4872\u00d73192","desc":"\ue000Nicki Minaj\ue001 Reveals 'Queen' Album Cover Artwork | \ue000GRAMMY.com\ue001","filetype":"","width":"4872\u00d73192","height":null,"domain":"www.grammy.com"},{"url":"https:\/\/wallpapers.com\/images\/hd\/nicki-minaj-pictures-qw0zv3gqvxlidj8m.jpg","link":"https:\/\/wallpapers.com\/nicki-minaj-pictures","title":"[300+] Nicki Minaj Pictures | Wallpapers.com","thumbnail":"https:\/\/ts4.explicit.bing.net\/th?id=OIP.fkvO8ru54DUKc-FQB6fTLgHaFr&pid=15.1","size":"1920\u00d71473","desc":"[300+] \ue000Nicki Minaj\ue001 Pictures | Wallpapers.com","filetype":"","width":"1920\u00d71473","height":null,"domain":"wallpapers.com"},{"url":"https:\/\/wallpapers.com\/images\/hd\/nicki-minaj-hd-peach-hair-fpvgwg7ug778vtsk.jpg","link":"https:\/\/wallpapers.com\/nicki-minaj","title":"[100+] Nicki Minaj Wallpapers | Wallpapers.com","thumbnail":"https:\/\/ts2.mm.bing.net\/th?id=OIP.Eoe_Atu5pPL-oPwl-DLCyAHaE8&pid=15.1","size":"1920\u00d71280","desc":"[100+] \ue000Nicki Minaj\ue001 Wallpapers | Wallpapers.com","filetype":"","width":"1920\u00d71280","height":null,"domain":"wallpapers.com"},{"url":"https:\/\/a57.foxnews.com\/static.foxnews.com\/foxnews.com\/content\/uploads\/2025\/11\/1200\/675\/nicki-minaj-performing-singing-rap.jpg?ve=1&tl=1","link":"https:\/\/noticias.foxnews.com\/media\/un-ambassador-explains-how-unlikely-team-up-nicki-minaj-came-together-global-religious-freedom-push.print","title":"UN ambassador explains how 'unlikely' team-up with Nicki Minaj came","thumbnail":"https:\/\/ts3.mm.bing.net\/th?id=OIP.4SX15cPIjwTQmibSUrJ8ogHaEK&pid=15.1","size":"1200\u00d7675","desc":"UN ambassador explains how 'unlikely' team-up with \ue000Nicki Minaj\ue001 came ...","filetype":"","width":"1200\u00d7675","height":null,"domain":"noticias.foxnews.com"},{"url":"https:\/\/wallpapers.com\/images\/hd\/nicki-minaj-hd-puckered-lips-8woqit334gs79acl.jpg","link":"https:\/\/wallpapers.com\/nicki-minaj","title":"[100+] Nicki Minaj Wallpapers | Wallpapers.com","thumbnail":"https:\/\/ts1.mm.bing.net\/th?id=OIP._OQFVOZnoXgmkisDqr2g1wHaEK&pid=15.1","size":"1920\u00d71079","desc":"[100+] \ue000Nicki Minaj\ue001 Wallpapers | Wallpapers.com","filetype":"","width":"1920\u00d71079","height":null,"domain":"wallpapers.com"},{"url":"https:\/\/transfertracker.ai\/api\/og?type=rumour&id=lamine-camara-to-chelsea","link":"https:\/\/transfertracker.ai\/transfer\/lamine-camara\/monaco-to-chelsea\/2026","title":"Lamine Camara to Chelsea \u00b7 Transfer Probability & Latest News","thumbnail":"https:\/\/ts3.mm.bing.net\/th?id=OIF.LQRoHOJz3tTqrhpFbfAdiw&pid=15.1","size":"1200\u00d7630","desc":"","filetype":"","width":"1200\u00d7630","height":null,"domain":"transfertracker.ai"},{"url":"https:\/\/icdn.empireofthekop.com\/wp-content\/uploads\/2026\/09\/Lamine-Camara-Chelsea-Liverpool-Premier-League.jpg","link":"https:\/\/www.empireofthekop.com\/2026\/09\/01\/talks-collapse-giving-liverpool-perfect-transfer-lifeline-on-deadline-day\/","title":"Lamine Camara could sign for Liverpool after Chelsea talks end","thumbnail":"https:\/\/ts2.mm.bing.net\/th?id=OIF.tK8pTf2Pfi6xVcHNoJi8Gw&pid=15.1","size":"3410\u00d72420","desc":"","filetype":"","width":"3410\u00d72420","height":null,"domain":"www.empireofthekop.com"},{"url":"https:\/\/africasoccer.com\/wp-content\/uploads\/2026\/09\/Lamine-Camara-1012x739.jpg","link":"https:\/\/africasoccer.com\/chelsea-submit-e45m-bid-for-monaco-midfielder-lamine-camara\/","title":"Chelsea submit \u20ac45m bid for Monaco midfielder Lamine Camara","thumbnail":"https:\/\/ts3.mm.bing.net\/th?id=OIF.2wFcqVJG2%2fKrMc1XfjV2%2fQ&pid=15.1","size":"1012\u00d7739","desc":"","filetype":"","width":"1012\u00d7739","height":null,"domain":"africasoccer.com"},{"url":"https:\/\/hermes.media.static.aol.com\/media\/2026\/09\/01\/d10347af-95c4-39bf-8573-afb6cb8f3bf5\/9244fc16-13c4-48aa-a8db-dc2d4db4fed1.jpg","link":"https:\/\/www.aol.co.uk\/articles\/lamine-camara-meet-chelsea-target-134822000.html","title":"Who is Lamine Camara? Meet Chelsea target like Toni Kroos who was","thumbnail":"https:\/\/ts1.mm.bing.net\/th?id=OIF.n3sBFy9FdYaTKTKMDGmcLQ&pid=15.1","size":"810\u00d7539","desc":"","filetype":"","width":"810\u00d7539","height":null,"domain":"www.aol.co.uk"},{"url":"https:\/\/livesport-ott-images.ssl.cdn.cra.cz\/r1200xfq60\/f507779f-f133-4173-8574-957763fd07eb.jpeg","link":"https:\/\/www.tribalfootball.com\/article\/soccer-ligue-1-chelsea-s-camara-move-could-be-back-on-after-balogun-s-failed-everton-medical-41adc4ea-c22e-4acc-a4be-386e0c59cd16","title":"Chelsea's Camara move could be back on after Balogun's failed Everton","thumbnail":"https:\/\/ts2.mm.bing.net\/th?id=OIF.4wdRl3NdWk5PmZEq2MFtcQ&pid=15.1","size":"1200\u00d7800","desc":"","filetype":"","width":"1200\u00d7800","height":null,"domain":"www.tribalfootball.com"},{"url":"https:\/\/images.teamtalk.com\/content\/uploads\/2026\/09\/01114941\/Monacos-Lamine-Camara-is-closing-on-a-move-to-Chelsea.jpg","link":"https:\/\/www.teamtalk.com\/chelsea\/lamine-camara-huge-contract-agreement-60m-enzo-fernandez-successor-exclusive","title":"Chelsea: Blues agree HUGE contract with \u00a351.4m Enzo Fernandez successor","thumbnail":"https:\/\/ts4.mm.bing.net\/th?id=OIF.h5Wr2b0Hlc9W6IGKO8FMaA&pid=15.1","size":"1600\u00d7900","desc":"","filetype":"","width":"1600\u00d7900","height":null,"domain":"www.teamtalk.com"},{"url":"https:\/\/hermes.media.static.aol.com\/media\/2026\/08\/29\/f25998ba-7abc-3c86-9fa5-14e1bda2ccd4\/095e23e6-471d-47de-8918-e99e7ba6f45f.jpg","link":"https:\/\/www.aol.co.uk\/articles\/chelseas-lamine-camara-transfer-stance-113844000.html","title":"Chelsea's Lamine Camara transfer stance revealed with Enzo Fernandez","thumbnail":"https:\/\/ts4.mm.bing.net\/th?id=OIF.2UH6s4WeTSTrsGKnLCzUlg&pid=15.1","size":"810\u00d7539","desc":"","filetype":"","width":"810\u00d7539","height":null,"domain":"www.aol.co.uk"},{"url":"https:\/\/images.ps-aws.com\/c?url=https:%2F%2Fimages.teamtalk.com%2Fcontent%2Fuploads%2F2026%2F09%2F01180604%2FChelsea-boss-Xabi-Alonso-and-Lamine-Camara-1.jpg","link":"https:\/\/www.teamtalk.com\/chelsea\/laime-camara-news-chelsea-major-issue-deal-blocked-enzo-fernandez-replacement","title":"Chelsea: Blues in race against time to sign Enzo Fernandez replacement","thumbnail":"https:\/\/ts4.mm.bing.net\/th?id=OIF.OC8hWiwgMLbKv1KVqm5fQw&pid=15.1","size":"1600\u00d7804","desc":"","filetype":"","width":"1600\u00d7804","height":null,"domain":"www.teamtalk.com"},{"url":"https:\/\/livesport-ott-images.ssl.cdn.cra.cz\/r900xfq60\/d8943688-a87c-45e3-9a65-0c93bee880c9.jpeg","link":"https:\/\/www.flashscore.com\/news\/soccer-premier-league-flashscore-sources-monaco-and-chelsea-battle-continuing-over-50m-rated-camara\/fyFIr8Or\/","title":"Chelsea continue race to sign Lamine Camara | Flashscore.com","thumbnail":"https:\/\/ts3.mm.bing.net\/th?id=OIF.Wj2abXCxPTdIeJnu9U7dHg&pid=15.1","size":"900\u00d7600","desc":"","filetype":"","width":"900\u00d7600","height":null,"domain":"www.flashscore.com"},{"url":"https:\/\/d2x51gyc4ptf2q.cloudfront.net\/content\/uploads\/2026\/09\/01142139\/F365-One-Badge-Morgan-Gibbs-White-Martin-Zubimendi-Lucas-Bergvall-Chelsea.jpg","link":"https:\/\/www.football365.com\/news\/chelsea-stunning-late-bid-arsenal-zubimendi-gibbs-white-bergvall-camara-liverpool","title":"Chelsea plot STUNNING late move for Arsenal star as Camara could wait","thumbnail":"https:\/\/ts3.mm.bing.net\/th?id=OIF.ThiyuwrMLl4Vv9iD3LSh%2bA&pid=15.1","size":"1600\u00d7900","desc":"","filetype":"","width":"1600\u00d7900","height":null,"domain":"www.football365.com"},{"url":"https:\/\/s.yimg.com\/lo\/mysterio\/api\/401d87c406ebc75c8020bead5c64ce3a8e65b01db7e748a836beff64a382fb86\/lightyear_networkapi\/resizefill_w1200%3Bquality_80%3Bformat_webp\/https:\/\/media.zenfs.com\/en\/get_french_football_news_702\/17dabe458fe4e018fe5312a2cdca31c3.jpg","link":"https:\/\/sports.yahoo.com\/articles\/monaco-demanded-70m-lamine-camara-200000194.html","title":"Monaco demanded \u20ac70m for Lamine Camara in negotiations with Chelsea","thumbnail":"https:\/\/ts3.mm.bing.net\/th?id=OIF.hNe4UzRkiYaqzX1q1JuLEA&pid=15.1","size":"1200\u00d7800","desc":"","filetype":"","width":"1200\u00d7800","height":null,"domain":"sports.yahoo.com"},{"url":"https:\/\/s.yimg.com\/lo\/mysterio\/api\/0c2174072abac4028939eab64db422f9e2cf4837420ebd43b52b59a599ba8734\/lightyear_networkapi\/resizefill_w1000_h600%3Bquality_80%3Bformat_webp\/https:\/\/media.zenfs.com\/en\/sportsview_articles_932\/a68e2b90cdba5b9aa6e4542e7bf2be8f.jpg","link":"https:\/\/sports.yahoo.com\/articles\/chelsea-submit-45m-offer-lamine-095500235.html","title":"Chelsea submit \u20ac45m offer for Lamine Camara - Yahoo Sports","thumbnail":"https:\/\/ts4.mm.bing.net\/th?id=OIF.aUTlJpC8NphDu4pOTNgHbQ&pid=15.1","size":"1000\u00d7600","desc":"","filetype":"","width":"1000\u00d7600","height":null,"domain":"sports.yahoo.com"},{"url":"https:\/\/s.yimg.com\/lo\/mysterio\/api\/95b419232a4275e3d728e077e37bb5e87f9b9458c7c5f9c74531dc2aa7b2b51a\/lightyear_networkapi\/resizefill_w1200%3Bquality_80%3Bformat_webp\/https:\/\/media.zenfs.com\/en\/get_french_football_news_702\/f4898572d795d291d332519ae1dd0eda.jpg","link":"https:\/\/sports.yahoo.com\/articles\/chelsea-45m-lamine-camara-offer-113500368.html","title":"Chelsea\u2019s \u20ac45m Lamine Camara offer rejected by Monaco - Yahoo Sports","thumbnail":"https:\/\/ts2.mm.bing.net\/th?id=OIF.ZmTu3cVEhhJCTjEzYfXjQw&pid=15.1","size":"1200\u00d7800","desc":"","filetype":"","width":"1200\u00d7800","height":null,"domain":"sports.yahoo.com"},{"url":"https:\/\/icdn.empireofthekop.com\/wp-content\/uploads\/2026\/09\/Lamine-Camara-Liverpool-Monaco-Chelsea-Premier-League.jpg","link":"https:\/\/www.empireofthekop.com\/2026\/09\/01\/talks-collapse-giving-liverpool-perfect-transfer-lifeline-on-deadline-day\/","title":"Lamine Camara could sign for Liverpool after Chelsea talks end","thumbnail":"https:\/\/ts2.mm.bing.net\/th?id=OIF.rKU6G1RPAspGQlAvhztM0w&pid=15.1","size":"1800\u00d71012","desc":"","filetype":"","width":"1800\u00d71012","height":null,"domain":"www.empireofthekop.com"},{"url":"https:\/\/www.thesun.ie\/wp-content\/uploads\/sites\/3\/2026\/09\/lamine-camara-monaco-pre-season-1103951211.jpg?resize=600","link":"https:\/\/www.thesun.ie\/sport\/17550522\/chelsea-lamine-camara-transfer-monaco-enzo-fernandez\/","title":"Chelsea submit \u00a338.5million transfer bid for Monaco star Lamine Camara","thumbnail":"https:\/\/ts2.explicit.bing.net\/th?id=OIF.nKTz3aw3xLlD5LmRvqjEZA&pid=15.1","size":"3229\u00d72153","desc":"","filetype":"","width":"3229\u00d72153","height":null,"domain":"www.thesun.ie"},{"url":"https:\/\/img.a.transfermarkt.technology\/foto\/galerie\/lamine-camara-2026-senegal-1075115256-1780385309-198723.jpg?lm=4711","link":"https:\/\/www.transfermarkt.co.uk\/enzo-fernandez-replacement-chelsea-have-second-bid-for-camara-rejected-by-monaco\/view\/news\/485926","title":"Enzo Fern\u00e1ndez replacement? Chelsea make second bid for Monaco star","thumbnail":"https:\/\/ts4.mm.bing.net\/th?id=OIF.6s7MtUk5Z4xNiBrs06PEOw&pid=15.1","size":"1002\u00d7560","desc":"","filetype":"","width":"1002\u00d7560","height":null,"domain":"www.transfermarkt.co.uk"},{"url":"https:\/\/www.thesun.ie\/wp-content\/uploads\/sites\/3\/2026\/09\/DD-TRANSFER_NEWS_LIVE_BLOG-01-09-op-1.jpg?quality=90&strip=all&w=1920&h=1080&crop=1","link":"https:\/\/www.thesun.ie\/sport\/17505510\/transfer-news-live-chelsea-liverpool-grealish-updates\/","title":"Transfer Deadline Day LIVE: Man City 'AGREE' Enzo deal, Monaco REJECT","thumbnail":"https:\/\/ts2.mm.bing.net\/th?id=OIF.yuOc5N6GcCsAfavXdgoVXw&pid=15.1","size":"1920\u00d71080","desc":"","filetype":"","width":"1920\u00d71080","height":null,"domain":"www.thesun.ie"},{"url":"https:\/\/images.ps-aws.com\/c?url=https:%2F%2Fimages.teamtalk.com%2Fcontent%2Fuploads%2F2026%2F05%2F19144649%2Flamine-camara-liverpool-badge.jpg","link":"https:\/\/www.teamtalk.com\/liverpool\/liverpool-slammed-baffling-lamine-camara-decision-chelsea-eye-arsenal-tottenham-stars","title":"Liverpool: FSG branded a 'joke' over Lamine Camara decision as Chelsea","thumbnail":"https:\/\/ts1.mm.bing.net\/th?id=OIF.YzRKuxqpW8Wcj9EQQn78iQ&pid=15.1","size":"1600\u00d7900","desc":"","filetype":"","width":"1600\u00d7900","height":null,"domain":"www.teamtalk.com"},{"url":"https:\/\/media.thehardtackle.com\/uploads\/2026\/09\/imago1079111144-scaled.jpg","link":"https:\/\/thehardtackle.com\/transfer-news\/2026\/09\/01\/lamine-camara-agrees-personal-terms-with-chelsea-bid-rejected\/","title":"Lamine Camara agrees personal terms with Chelsea, bid rejected","thumbnail":"https:\/\/ts4.mm.bing.net\/th?id=OIF.WgthfHmyk5oFPzE1UhJttg&pid=15.1","size":"2560\u00d71707","desc":"","filetype":"","width":"2560\u00d71707","height":null,"domain":"thehardtackle.com"},{"url":"https:\/\/img-s-msn-com.akamaized.net\/tenant\/amp\/entityid\/AA2bddRe.img?w=800&h=415&q=60&m=2&f=jpg","link":"https:\/\/www.msn.com\/en-gb\/sport\/football\/chelsea-keep-gittens-push-for-camara-as-exits-continue\/ss-AA2b4duv","title":"Chelsea keep Gittens, push for Camara as exits continue","thumbnail":"https:\/\/ts3.mm.bing.net\/th?id=OIF.9KtzmYu1WyRTdkXrPDrJfQ&pid=15.1","size":"737\u00d7415","desc":"","filetype":"","width":"737\u00d7415","height":null,"domain":"www.msn.com"},{"url":"https:\/\/chelseafcnews.co.uk\/img\/8474c092-3732-4bc3-bccb-f073a36cf4e9-1200.webp","link":"https:\/\/chelseafcnews.co.uk\/news\/chelsea-fcs-camara-bid-rejected-amid-enzo-talks","title":"Chelsea FC's Camara bid rejected amid Enzo talks - Chelsea FC","thumbnail":"https:\/\/ts4.mm.bing.net\/th?id=OIF.TCPDpI9Yd9Z7HE1MH%2frmIg&pid=15.1","size":"1200\u00d7675","desc":"","filetype":"","width":"1200\u00d7675","height":null,"domain":"chelseafcnews.co.uk"},{"url":"https:\/\/img-s-msn-com.akamaized.net\/tenant\/amp\/entityid\/AA2bcpnL.img?w=800&h=415&q=60&m=2&f=jpg","link":"https:\/\/www.msn.com\/en-gb\/news\/other\/chelsea-agree-deal-for-lamine-camara-ahead-of-medical\/ss-AA2bbSGV","title":"Chelsea agree deal for Lamine Camara ahead of medical","thumbnail":"https:\/\/ts4.mm.bing.net\/th?id=OIF.LNy6AW2t6zWmxJAUCBZjHA&pid=15.1","size":"737\u00d7415","desc":"","filetype":"","width":"737\u00d7415","height":null,"domain":"www.msn.com"},{"url":"https:\/\/chelseafconline.com\/wp-content\/uploads\/2026\/09\/This-Is-Why-Chelsea-Want-Lamine-Camara\ud83c\uddf8\ud83c\uddf3\ud83d\udd35-0-4-screenshot.png","link":"https:\/\/chelseafconline.com\/2026\/09\/lamine-camara-will-not-join-chelsea-this-summer\/","title":"Lamine Camara Will Not Join Chelsea This Summer - Chelsea FC Online","thumbnail":"https:\/\/ts2.mm.bing.net\/th?id=OIF.2YoZKRLSayuFcCQRoulZHA&pid=15.1","size":"1280\u00d7720","desc":"","filetype":"","width":"1280\u00d7720","height":null,"domain":"chelseafconline.com"},{"url":"https:\/\/media.thehardtackle.com\/uploads\/2018\/12\/GettyImages-1057669522.jpg","link":"https:\/\/thehardtackle.com\/transfer-news\/2026\/09\/02\/lamine-camara-set-for-as-monaco-stay-as-chelsea-suffer-blow\/","title":"Lamine Camara set for AS Monaco stay as Chelsea suffer blow","thumbnail":"https:\/\/ts2.mm.bing.net\/th?id=OIF.zhd%2fwT4CaKMmySVt%2fXdPkA&pid=15.1","size":"2460\u00d71640","desc":"","filetype":"","width":"2460\u00d71640","height":null,"domain":"thehardtackle.com"},{"url":"https:\/\/img-s-msn-com.akamaized.net\/tenant\/amp\/entityid\/AA2ba4li.img?w=800&h=415&q=60&m=2&f=jpg","link":"https:\/\/www.msn.com\/en-gb\/sport\/football\/chelsea-agree-deal-for-camara-as-fernandez-exit-looms\/ss-AA2b9v71","title":"Chelsea agree deal for Camara as Fernandez exit looms","thumbnail":"https:\/\/ts1.mm.bing.net\/th?id=OIF.5CT%2fO1HYRFZdBnjMI8WtbQ&pid=15.1","size":"735\u00d7415","desc":"","filetype":"","width":"735\u00d7415","height":null,"domain":"www.msn.com"},{"url":"https:\/\/img-s-msn-com.akamaized.net\/tenant\/amp\/entityid\/AA2b9HmH.img?w=956&h=600&m=4&q=100","link":"https:\/\/www.msn.com\/en-au\/news\/other\/chelsea-push-for-camara-as-fernandez-exit-nears\/ss-AA2b9s4q","title":"Chelsea push for Camara as Fernandez exit nears","thumbnail":"https:\/\/ts2.mm.bing.net\/th?id=OIF.MVUiu5Kmrv8tzkYxfMjN7g&pid=15.1","size":"956\u00d7600","desc":"","filetype":"","width":"956\u00d7600","height":null,"domain":"www.msn.com"},{"url":"https:\/\/s.yimg.com\/lo\/mysterio\/api\/7cea01ec79572415546d4457938a5dc6df3645bd6c0134f439c9586ab1d6204f\/lightyear_networkapi\/resizefill_w1024_h576%3Bquality_80%3Bformat_webp\/https:\/\/media.zenfs.com\/en\/bbc_us_articles_995\/fd222bffd2469541322acb774edd9521.jpg","link":"https:\/\/ca.sports.yahoo.com\/news\/roma-deny-chelsea-made-kone-103858506.html","title":"Roma deny Chelsea have made Kone offer while Blues move for Camara","thumbnail":"https:\/\/ts4.mm.bing.net\/th?id=OIF.ILcuitMmyCJAhL%2b5d8oezA&pid=15.1","size":"1024\u00d7576","desc":"","filetype":"","width":"1024\u00d7576","height":null,"domain":"ca.sports.yahoo.com"},{"url":"https:\/\/img-s-msn-com.akamaized.net\/tenant\/amp\/entityid\/AA2bbt57.img?w=800&h=415&q=60&m=2&f=jpg","link":"https:\/\/www.msn.com\/en-gb\/news\/other\/chelsea-close-in-on-camara-with-fernandez-future-in-balance\/ss-AA2bbWJc","title":"Chelsea close in on Camara with Fernandez future in balance","thumbnail":"https:\/\/ts2.mm.bing.net\/th?id=OIF.N051s55lWQShEsOYAtFr%2bA&pid=15.1","size":"736\u00d7415","desc":"","filetype":"","width":"736\u00d7415","height":null,"domain":"www.msn.com"},{"url":"https:\/\/img-s-msn-com.akamaized.net\/tenant\/amp\/entityid\/AA2biIU0.img?w=800&h=415&q=60&m=2&f=jpg","link":"https:\/\/www.msn.com\/en-gb\/news\/other\/chelseas-lamine-camara-deal-stalls-as-agents-intervene\/ss-AA2bhkXT","title":"Chelsea's Lamine Camara deal stalls as agents intervene","thumbnail":"https:\/\/ts1.mm.bing.net\/th?id=OIF.rfjFZbPj5OF81D0oBtrj5A&pid=15.1","size":"736\u00d7415","desc":"","filetype":"","width":"736\u00d7415","height":null,"domain":"www.msn.com"},{"url":"https:\/\/img-s-msn-com.akamaized.net\/tenant\/amp\/entityid\/AA2bbVfQ.img?w=955&h=600&m=4&q=100","link":"https:\/\/www.msn.com\/en-us\/news\/other\/chelsea-plan-camara-move-as-fern%C3%A1ndez-nears-city-switch\/ss-AA2bcA5O","title":"Chelsea plan Camara move as Fern\u00e1ndez nears City switch","thumbnail":"https:\/\/ts4.mm.bing.net\/th?id=OIF.%2bO6aodPVNHAi%2bCdbd9yvHQ&pid=15.1","size":"955\u00d7600","desc":"","filetype":"","width":"955\u00d7600","height":null,"domain":"www.msn.com"},{"url":"https:\/\/www.sportsmole.co.uk\/thumbor\/-ePsGp8TxAKIP6rxiuY2YPBKwbM=\/2000x1500\/smart\/filters:format(webp)\/https:\/\/sportsmole-media-prod.s3.gra.io.cloud.ovh.net\/uploads\/2026\/09\/zubimendi-camara-enzo-email-sportmole-6a96ee703cfad052079292.png","link":"https:\/\/www.sportsmole.co.uk\/football\/chelsea\/transfer-talk\/news\/arsenal-star-now-chelseas-first-camara-alternative-as-fernandez-nears-city-move_604223.html","title":"Arsenal star now Chelsea's 'first' Lamine Camara alternative as Enzo","thumbnail":"https:\/\/ts1.mm.bing.net\/th?id=OIF.tXsYlMQPxlpC0PJbyBZsxw&pid=15.1","size":"2000\u00d71500","desc":"","filetype":"","width":"2000\u00d71500","height":null,"domain":"www.sportsmole.co.uk"},{"url":"https:\/\/www.the-sun.com\/wp-content\/uploads\/sites\/6\/2026\/09\/Transfer-News-OP-2026-09-01T190515.233.jpg?quality=90&strip=all&w=1920&h=1080&crop=1","link":"https:\/\/www.the-sun.com\/sport\/16932488\/transfer-deadline-day-live-chelsea-man-city-enzo-fernandez-updates\/","title":"Transfer deadline day LIVE: Man City AGREE Fernandez move, Liverpool","thumbnail":"https:\/\/ts4.mm.bing.net\/th?id=OIF.DOEdtTqE%2bu2akbgRu3pKMQ&pid=15.1","size":"1920\u00d71080","desc":"","filetype":"","width":"1920\u00d71080","height":null,"domain":"www.the-sun.com"},{"url":"https:\/\/cdn1.thechelseachronicle.com\/uploads\/17\/2026\/08\/GettyImages-2292272665-1024x683.jpg","link":"https:\/\/www.thechelseachronicle.com\/transfer-news\/details-emerge-as-monaco-willing-to-compromise-with-chelsea-over-lamine-camara-price\/","title":"Details emerge as Monaco willing to compromise with Chelsea over Lamine","thumbnail":"https:\/\/ts4.mm.bing.net\/th?id=OIF.1usRdZLeSOrs6jqVmO%2bZZg&pid=15.1","size":"1024\u00d7683","desc":"","filetype":"","width":"1024\u00d7683","height":null,"domain":"www.thechelseachronicle.com"},{"url":"https:\/\/media.thehardtackle.com\/uploads\/2026\/05\/imago1076607007-scaled.jpg","link":"https:\/\/thehardtackle.com\/transfer-news\/2026\/09\/01\/as-monaco-reject-second-chelsea-bid-for-lamine-camara\/","title":"AS Monaco reject second Chelsea bid for Lamine Camara","thumbnail":"https:\/\/ts2.mm.bing.net\/th?id=OIF.yEnbG7lCAnMlY1zohjYnQg&pid=15.1","size":"2560\u00d71707","desc":"","filetype":"","width":"2560\u00d71707","height":null,"domain":"thehardtackle.com"},{"url":"https:\/\/static0.footballfancastimages.com\/wordpress\/wp-content\/uploads\/2026\/08\/senegal-s-habib-diarra-comes-on-as-a-substitute-to-replace-lamine-camara.JPG?q=49&fit=crop&w=825&dpr=2","link":"https:\/\/www.footballfancast.com\/chelsea-enzo-fernandez-replacement-lucas-bergvall\/","title":"Tottenham star now open to shock Chelsea switch to replace Enzo Fernandez","thumbnail":"https:\/\/ts3.mm.bing.net\/th?id=OIF.DsTqujcGYCZ3p2nGBQIeSw&pid=15.1","size":"1650\u00d7825","desc":"","filetype":"","width":"1650\u00d7825","height":null,"domain":"www.footballfancast.com"},{"url":"https:\/\/www.londonmiddlebury.com\/hs-fs\/hubfs\/Google Logo Evolution LM (3).png?width=2560&name=Google Logo Evolution LM (3).png","link":"https:\/\/www.londonmiddlebury.com\/blog-resources\/a-lookback-on-the-history-of-the-google-logo","title":"A Lookback on the History of the \u2018Google\u2019 Logo","thumbnail":"https:\/\/ts3.mm.bing.net\/th?id=OIP.CWADf1euqRbHRQgGwFhlbwHaF7&pid=15.1","size":"1350\u00d71080","desc":"A Lookback on the \ue000History\ue001 of the \u2018\ue000Google\ue001\u2019 \ue000Logo\ue001","filetype":"","width":"1350\u00d71080","height":null,"domain":"www.londonmiddlebury.com"},{"url":"https:\/\/1000logos.net\/wp-content\/uploads\/2016\/11\/google-logo-history-1.jpg","link":"https:\/\/1000logos.net\/google-logo\/","title":"Google Logo and symbol, meaning, history, PNG, brand","thumbnail":"https:\/\/ts1.mm.bing.net\/th?id=OIP.BOP7oz26D7DlX-LYedpkbAHaGR&pid=15.1","size":"1300\u00d71100","desc":"\ue000Google\ue001 \ue000Logo\ue001 and symbol, meaning, \ue000history\ue001, PNG, brand","filetype":"","width":"1300\u00d71100","height":null,"domain":"1000logos.net"},{"url":"https:\/\/media.licdn.com\/dms\/image\/v2\/D5612AQH_Ock-K51NbA\/article-cover_image-shrink_720_1280\/B56ZbzdzAxH0AI-\/0\/1747841397789?e=2147483647&v=beta&t=QonJH7EtdumLHJ9XYTCfFaeev_Rm98eKrZh-TVfkwcc","link":"https:\/\/www.linkedin.com\/pulse\/lookback-history-google-logo-londonmiddlebury-1q7gc","title":"A Lookback on the History of the \u2018Google\u2019 Logo","thumbnail":"https:\/\/ts1.mm.bing.net\/th?id=OIP.tSwv3C_5IuilDGe-I1q8rQHaEK&pid=15.1","size":"1280\u00d7720","desc":"A Lookback on the \ue000History\ue001 of the \u2018\ue000Google\ue001\u2019 \ue000Logo\ue001","filetype":"","width":"1280\u00d7720","height":null,"domain":"www.linkedin.com"},{"url":"https:\/\/logolook.net\/wp-content\/uploads\/2021\/06\/Google-Logo-History.png","link":"https:\/\/logolook.net\/google-logo\/","title":"Google Logo and symbol, meaning, history, sign.","thumbnail":"https:\/\/ts2.mm.bing.net\/th?id=OIP.-xG38WHzIsop2e9alIAC-QHaHi&pid=15.1","size":"3840\u00d73912","desc":"\ue000Google\ue001 \ue000Logo\ue001 and symbol, meaning, \ue000history\ue001, sign.","filetype":"","width":"3840\u00d73912","height":null,"domain":"logolook.net"},{"url":"https:\/\/logos-world.net\/wp-content\/uploads\/2020\/10\/Google-Logo-History.jpg","link":"https:\/\/logos-world.net\/google-logo\/","title":"Google Logo, symbol, meaning, history, PNG, brand","thumbnail":"https:\/\/ts4.mm.bing.net\/th?id=OIP.yMV_TyHKsbo0pMg4-tfUwAHaG5&pid=15.1","size":"3840\u00d73573","desc":"\ue000Google\ue001 \ue000Logo\ue001, symbol, meaning, \ue000history\ue001, PNG, brand","filetype":"","width":"3840\u00d73573","height":null,"domain":"logos-world.net"},{"url":"https:\/\/cdn.logojoy.com\/wp-content\/uploads\/20230801145544\/Google-Logo-Evolution-Infographic.jpg","link":"https:\/\/looka.com\/blog\/google-logo\/","title":"Google Logo Evolution: The Colorful Journey of an Iconic Brand | Looka","thumbnail":"https:\/\/ts3.mm.bing.net\/th?id=OIP.-0xVfF3KjHDKfafhNxcFjAHaFJ&pid=15.1","size":"1000\u00d7695","desc":"\ue000Google\ue001 \ue000Logo\ue001 Evolution: The Colorful Journey of an Iconic Brand | Looka","filetype":"","width":"1000\u00d7695","height":null,"domain":"looka.com"},{"url":"https:\/\/companylogos.org\/wp-content\/uploads\/2025\/05\/Google-Logo-Evolution-1.jpg","link":"https:\/\/companylogos.org\/google-logo\/","title":"The History and Evolution of the Google Logo - Famous Company Logos","thumbnail":"https:\/\/ts1.mm.bing.net\/th?id=OIP.8tUOiOEaLUQwepB4CTkJFgHaIK&pid=15.1","size":"750\u00d7827","desc":"The \ue000History\ue001 and Evolution of the \ue000Google\ue001 \ue000Logo\ue001 - Famous Company \ue000Logos\ue001","filetype":"","width":"750\u00d7827","height":null,"domain":"companylogos.org"},{"url":"https:\/\/cdn.logojoy.com\/wp-content\/uploads\/20230801145549\/google-logo-timeline-2048x1166.jpg","link":"https:\/\/looka.com\/blog\/google-logo\/","title":"Google Logo Evolution: The Colorful Journey of an Iconic Brand | Looka","thumbnail":"https:\/\/ts2.mm.bing.net\/th?id=OIP.UpsA-p0y3hQAjYNnIgoy1AHaEN&pid=15.1","size":"2048\u00d71166","desc":"\ue000Google\ue001 \ue000Logo\ue001 Evolution: The Colorful Journey of an Iconic Brand | Looka","filetype":"","width":"2048\u00d71166","height":null,"domain":"looka.com"},{"url":"https:\/\/www.thelogocreative.co.uk\/wp-content\/uploads\/Google-Logo-Evolution-History.jpg","link":"https:\/\/cuantasmas.org\/evolution-du-logo-google-histoire-du-logo-google-evolution-et-signification-du-logo\/","title":"Evolution Du Logo Google : Histoire du logo Google : \u00c9volution et","thumbnail":"https:\/\/ts2.mm.bing.net\/th?id=OIP.qJPGSqqKBBrqdyn9FFyoUQHaG4&pid=15.1","size":"1000\u00d7930","desc":"Evolution Du \ue000Logo\ue001 \ue000Google\ue001 : Histoire du \ue000logo\ue001 \ue000Google\ue001 : \u00c9volution et ...","filetype":"","width":"1000\u00d7930","height":null,"domain":"cuantasmas.org"},{"url":"https:\/\/dwglogo.com\/wp-content\/uploads\/2022\/04\/the-logo-evolution-of-google.png","link":"https:\/\/utpaqp.edu.pe\/explore\/word-logo-evolution","title":"Word Logo Evolution","thumbnail":"https:\/\/ts3.mm.bing.net\/th?id=OIP.Tr_0NECUQakLw5EtpeICZQHaGy&pid=15.1","size":"1393\u00d71278","desc":"Word \ue000Logo\ue001 Evolution","filetype":"","width":"1393\u00d71278","height":null,"domain":"utpaqp.edu.pe"},{"url":"https:\/\/images.squarespace-cdn.com\/content\/v1\/57d088b3ff7c5003ba7eb002\/1551815866849-HXK45PM4SATE6KV6BG08\/the-evolution-of-a-logo-google-joanne-klee-marketing-image-2019.png","link":"https:\/\/ar.inspiredpencil.com\/pictures-2026\/history-of-google-logo-design","title":"History Of Google Logo Design","thumbnail":"https:\/\/ts2.mm.bing.net\/th?id=OIP.eURzX99fdgQEDzFRrcE4UQHaJV&pid=15.1","size":"736\u00d7928","desc":"\ue000History\ue001 Of \ue000Google\ue001 \ue000Logo\ue001 Design","filetype":"","width":"736\u00d7928","height":null,"domain":"ar.inspiredpencil.com"},{"url":"https:\/\/uploads-ssl.webflow.com\/5de2db6d3719a1e2f3e4454c\/63c9b5249da3eb646cc9e8a6_3_90f53aac3a578516abefc87640967926_800.jpeg","link":"https:\/\/www.ebaqdesign.com\/blog\/logo-evolution","title":"Logo Evolution of 10 Famous Brands (Timeline)","thumbnail":"https:\/\/ts1.mm.bing.net\/th?id=OIP.rYIxmBMnSq6y3_yxvRuR9AHaE7&pid=15.1","size":"800\u00d7533","desc":"\ue000Logo\ue001 Evolution of 10 Famous Brands (Timeline)","filetype":"","width":"800\u00d7533","height":null,"domain":"www.ebaqdesign.com"},{"url":"https:\/\/64.media.tumblr.com\/6eea3f77fde1a657e61003daba3d0e0b\/tumblr_nudglwdNTC1qdvqkoo1_1280.jpg","link":"https:\/\/ar.inspiredpencil.com\/pictures-2026\/history-of-google-logo-design","title":"History Of Google Logo Design","thumbnail":"https:\/\/ts2.mm.bing.net\/th?id=OIP.Kero4dSzRVEUte4_29tPIgHaNy&pid=15.1","size":"550\u00d71024","desc":"\ue000History\ue001 Of \ue000Google\ue001 \ue000Logo\ue001 Design","filetype":"","width":"550\u00d71024","height":null,"domain":"ar.inspiredpencil.com"},{"url":"https:\/\/i.ytimg.com\/vi\/s6PlPTbNT7w\/maxresdefault.jpg","link":"https:\/\/storage.googleapis.com\/dmsgsbzyklreee\/google-logo-history-easter-egg.html","title":"Google Logo History Easter Egg at Pedro Vice blog","thumbnail":"https:\/\/ts3.mm.bing.net\/th?id=OIP.CO_mElnGD7E-Vpr3ZgNHTQHaEK&pid=15.1","size":"1280\u00d7720","desc":"\ue000Google Logo History\ue001 Easter Egg at Pedro Vice blog","filetype":"","width":"1280\u00d7720","height":null,"domain":"storage.googleapis.com"},{"url":"https:\/\/clipartcraft.com\/images\/google-logo-history-font-4.png","link":"https:\/\/clipartcraft.com\/explore\/google-logo-history-font.html","title":"Google logo history font - Results: 10 images for Google logo history font","thumbnail":"https:\/\/ts4.mm.bing.net\/th?id=OIP.BfVyPhaAm3aejbN1-uIGUgHaEq&pid=15.1","size":"920\u00d7579","desc":"\ue000Google logo history\ue001 font - Results: 10 images for \ue000Google logo history\ue001 font","filetype":"","width":"920\u00d7579","height":null,"domain":"clipartcraft.com"},{"url":"https:\/\/www.zilliondesigns.com\/blog\/wp-content\/uploads\/google-logo-evolution.png","link":"https:\/\/storage.googleapis.com\/drwpwfoabhruze\/history-of-google-logo-design.html","title":"History Of Google Logo Design at Lawrence Burgess blog","thumbnail":"https:\/\/ts4.mm.bing.net\/th?id=OIP.2XOveVeCnWG5sXQ1e2EJ_wHaHa&pid=15.1","size":"1000\u00d71000","desc":"\ue000History\ue001 Of \ue000Google\ue001 \ue000Logo\ue001 Design at Lawrence Burgess blog","filetype":"","width":"1000\u00d71000","height":null,"domain":"storage.googleapis.com"},{"url":"https:\/\/logolook.net\/wp-content\/uploads\/2021\/11\/Google-Maps-Logo-history.png","link":"https:\/\/fity.club\/lists\/g\/google-birthday-logo\/","title":"Google Birthday Logo","thumbnail":"https:\/\/ts2.mm.bing.net\/th?id=OIP.bG32pRo4Xf0aO0mrwqdBRwHaFb&pid=15.1","size":"3840\u00d72819","desc":"\ue000Google\ue001 Birthday \ue000Logo\ue001","filetype":"","width":"3840\u00d72819","height":null,"domain":"fity.club"},{"url":"https:\/\/99designs-blog.imgix.net\/blog\/wp-content\/uploads\/2017\/10\/google-logos-1998-2015-IIHIH.jpg?auto=format&q=60&fit=max&w=930","link":"https:\/\/storage.googleapis.com\/dmgzbkyskedtje\/google-logo-history-animation.html","title":"Google Logo History Animation at Amy Curley blog","thumbnail":"https:\/\/ts1.mm.bing.net\/th?id=OIP.ePp2dfByHRMT9t3bkDhAWgHaHa&pid=15.1","size":"800\u00d7800","desc":"\ue000Google Logo History\ue001 Animation at Amy Curley blog","filetype":"","width":"800\u00d7800","height":null,"domain":"storage.googleapis.com"},{"url":"https:\/\/images-wixmp-ed30a86b8c4ca887773594c2.wixmp.com\/f\/2283fb47-9bee-453c-b439-5b715d8457ea\/di3o14r-ef7f2a17-47d3-4cdd-96a4-0513fdc23b75.jpg\/v1\/fill\/w_1280,h_1280,q_75,strp\/google_logo_history__by_adrianthecoolguy2k5_di3o14r-fullview.jpg?token=eyJ0eXAiOiJKV1QiLCJhbGciOiJIUzI1NiJ9.eyJzdWIiOiJ1cm46YXBwOjdlMGQxODg5ODIyNjQzNzNhNWYwZDQxNWVhMGQyNmUwIiwiaXNzIjoidXJuOmFwcDo3ZTBkMTg4OTgyMjY0MzczYTVmMGQ0MTVlYTBkMjZlMCIsIm9iaiI6W1t7ImhlaWdodCI6Ijw9MTI4MCIsInBhdGgiOiJcL2ZcLzIyODNmYjQ3LTliZWUtNDUzYy1iNDM5LTViNzE1ZDg0NTdlYVwvZGkzbzE0ci1lZjdmMmExNy00N2QzLTRjZGQtOTZhNC0wNTEzZmRjMjNiNzUuanBnIiwid2lkdGgiOiI8PTEyODAifV1dLCJhdWQiOlsidXJuOnNlcnZpY2U6aW1hZ2Uub3BlcmF0aW9ucyJdfQ.PZOQlgvWiVEE7JaaawjOmH8qkPzYKKVS95zj5KccBpM","link":"https:\/\/www.deviantart.com\/adrianthecoolguy2k5\/art\/Google-Logo-History-1094551227","title":"Google Logo History by AdrianTheCoolGuy2K5 on DeviantArt","thumbnail":"https:\/\/ts3.mm.bing.net\/th?id=OIP.KoBy9EXLuBuKlm9M5tp5YgHaHa&pid=15.1","size":"1280\u00d71280","desc":"\ue000Google Logo History\ue001 by AdrianTheCoolGuy2K5 on DeviantArt","filetype":"","width":"1280\u00d71280","height":null,"domain":"www.deviantart.com"},{"url":"https:\/\/i.pinimg.com\/originals\/01\/0c\/9e\/010c9e72734bdf33be040fda8252bff5.jpg","link":"https:\/\/in.pinterest.com\/pin\/google-logo-evolution--823314375658253077\/","title":"Google Logo Evolution","thumbnail":"https:\/\/ts1.mm.bing.net\/th?id=OIP.zNAxyTKCv_GmTNeZ3pYgGQHaPj&pid=15.1","size":"736\u00d71545","desc":"\ue000Google\ue001 \ue000Logo\ue001 Evolution","filetype":"","width":"736\u00d71545","height":null,"domain":"in.pinterest.com"},{"url":"https:\/\/images.appypie.com\/wp-content\/uploads\/2020\/03\/25154752\/Google-Logos-Over-the-Years-Appy-Pie.png","link":"https:\/\/storage.googleapis.com\/deqkpfqcuzpqze\/google-history-pictures.html","title":"Google History Pictures at Mabel Singer blog","thumbnail":"https:\/\/ts4.mm.bing.net\/th?id=OIP.Yvs2SisqmdLjxEYJtHDKuAHaJP&pid=15.1","size":"1713\u00d72136","desc":"\ue000Google\ue001 \ue000History\ue001 Pictures at Mabel Singer blog","filetype":"","width":"1713\u00d72136","height":null,"domain":"storage.googleapis.com"},{"url":"https:\/\/www.o-communication.com\/wp-content\/uploads\/2019\/05\/evolution-logo-google.jpg","link":"https:\/\/storage.googleapis.com\/dmsgsbzyklreee\/google-logo-history-easter-egg.html","title":"Google Logo History Easter Egg at Pedro Vice blog","thumbnail":"https:\/\/ts2.mm.bing.net\/th?id=OIP.e3umFh5uJ6TyK7NzeqdWiwHaFj&pid=15.1","size":"800\u00d7600","desc":"\ue000Google Logo History\ue001 Easter Egg at Pedro Vice blog","filetype":"","width":"800\u00d7600","height":null,"domain":"storage.googleapis.com"},{"url":"https:\/\/www.designyourway.net\/blog\/wp-content\/uploads\/2024\/01\/google-logos-throughout-history-1-768x374.jpg","link":"https:\/\/www.designyourway.net\/blog\/evolution-of-logos\/","title":"The Changing Face of Brands: Evolution of Logos Explained","thumbnail":"https:\/\/ts1.mm.bing.net\/th?id=OIP.yDkRdrK-tZJrd7f1zdGHpwHaDm&pid=15.1","size":"768\u00d7374","desc":"The Changing Face of Brands: Evolution of \ue000Logos\ue001 Explained","filetype":"","width":"768\u00d7374","height":null,"domain":"www.designyourway.net"},{"url":"https:\/\/oraco.com.au\/wp-content\/uploads\/2022\/02\/Logo-History-01-Google.jpg","link":"https:\/\/fivxm.asolival.com\/evolution-of-google-logo-google-logo-history\/","title":"Evolution Of Google Logo | Google Logo History \u2013 RPSFAD","thumbnail":"https:\/\/ts4.mm.bing.net\/th?id=OIP.zfK22B_i7NYO7OJcPmozMgHaBs&pid=15.1","size":"1240\u00d7285","desc":"Evolution Of \ue000Google\ue001 \ue000Logo\ue001 | \ue000Google Logo History\ue001 \u2013 RPSFAD","filetype":"","width":"1240\u00d7285","height":null,"domain":"fivxm.asolival.com"},{"url":"https:\/\/images-wixmp-ed30a86b8c4ca887773594c2.wixmp.com\/f\/dcccb580-d38b-4fae-8e53-9d8be147dd53\/dgad49y-4e46b6c3-2537-4c1f-a5a9-c8c982958e33.jpg\/v1\/fill\/w_1280,h_1440,q_75,strp\/google_logo_evolution_by_spikydangerousflower_dgad49y-fullview.jpg?token=eyJ0eXAiOiJKV1QiLCJhbGciOiJIUzI1NiJ9.eyJzdWIiOiJ1cm46YXBwOjdlMGQxODg5ODIyNjQzNzNhNWYwZDQxNWVhMGQyNmUwIiwiaXNzIjoidXJuOmFwcDo3ZTBkMTg4OTgyMjY0MzczYTVmMGQ0MTVlYTBkMjZlMCIsIm9iaiI6W1t7ImhlaWdodCI6Ijw9MTQ0MCIsInBhdGgiOiJcL2ZcL2RjY2NiNTgwLWQzOGItNGZhZS04ZTUzLTlkOGJlMTQ3ZGQ1M1wvZGdhZDQ5eS00ZTQ2YjZjMy0yNTM3LTRjMWYtYTVhOS1jOGM5ODI5NThlMzMuanBnIiwid2lkdGgiOiI8PTEyODAifV1dLCJhdWQiOlsidXJuOnNlcnZpY2U6aW1hZ2Uub3BlcmF0aW9ucyJdfQ.nGMiv0_DNgk5--BkKVBQOVWv4R-6iyzwZ_qq4Eqwbuc","link":"https:\/\/fity.club\/lists\/e\/evolution-of-the-google-logo\/","title":"Evolution Of The Google Logo The Fascinating History Of The Google","thumbnail":"https:\/\/ts4.mm.bing.net\/th?id=OIP.HIuajNV4KOMWBVJKQTt4iwHaIV&pid=15.1","size":"1280\u00d71440","desc":"Evolution Of The \ue000Google\ue001 \ue000Logo\ue001 The Fascinating \ue000History\ue001 Of The \ue000Google\ue001","filetype":"","width":"1280\u00d71440","height":null,"domain":"fity.club"},{"url":"https:\/\/thebrandboy.com\/wp-content\/uploads\/2024\/01\/google-logo-history-evolution.png","link":"https:\/\/fity.club\/lists\/2025\/google-history-logo\/","title":"Google History Logo","thumbnail":"https:\/\/ts1.mm.bing.net\/th?id=OIP.KvHrxnNATpRR4gzuGfWeKAHaFj&pid=15.1","size":"1024\u00d7768","desc":"\ue000Google\ue001 \ue000History\ue001 \ue000Logo\ue001","filetype":"","width":"1024\u00d7768","height":null,"domain":"fity.club"},{"url":"https:\/\/www.pngitem.com\/pimgs\/m\/483-4830402_google-logo-history-with-years-png-transparent-background.png","link":"https:\/\/narodnatribuna.info\/lists\/g\/google-logo-history-png-free-transparent-png-logos\/","title":"Google Logo History Png Free Transparent Png Logos","thumbnail":"https:\/\/ts1.mm.bing.net\/th?id=OIP.eEH5AYb-p8F8ZBtFWClBjgHaK7&pid=15.1","size":"860\u00d71270","desc":"\ue000Google Logo History\ue001 Png Free Transparent Png \ue000Logos\ue001","filetype":"","width":"860\u00d71270","height":null,"domain":"narodnatribuna.info"},{"url":"https:\/\/1000logos.net\/wp-content\/uploads\/2025\/05\/Google-Workspace-Logo-history.png","link":"https:\/\/1000logos.net\/google-workspace-logo\/","title":"Google Workspace Logo and symbol, meaning, history, PNG, brand","thumbnail":"https:\/\/ts3.mm.bing.net\/th?id=OIP.UVp8fxL8aoNo6G2T4ja3-gHaGf&pid=15.1","size":"3840\u00d73366","desc":"\ue000Google\ue001 Workspace \ue000Logo\ue001 and symbol, meaning, \ue000history\ue001, PNG, brand","filetype":"","width":"3840\u00d73366","height":null,"domain":"1000logos.net"},{"url":"https:\/\/logovent.com\/blog\/wp-content\/uploads\/2024\/05\/The-Historical-Evolution-of-the-Google-Logo.png","link":"https:\/\/narodnatribuna.info\/lists\/m\/meaning-google-logo-and-symbol-history-and-evolution-in-2020-google\/","title":"Meaning Google Logo And Symbol History And Evolution In 2020 Google","thumbnail":"https:\/\/ts3.mm.bing.net\/th?id=OIP.GWGCtdzS5tbxuUpqyOxnXwHaDL&pid=15.1","size":"700\u00d7300","desc":"Meaning \ue000Google\ue001 \ue000Logo\ue001 And Symbol \ue000History\ue001 And Evolution In 2020 \ue000Google\ue001","filetype":"","width":"700\u00d7300","height":null,"domain":"narodnatribuna.info"},{"url":"https:\/\/laureljmarcus.com\/wp-content\/uploads\/2017\/07\/Google-logo-evolution.png","link":"https:\/\/www.narodnatribuna.info\/lists\/pictures\/google-logo-evolution\/","title":"Google Logo Evolution Evolution Of Google Logo History : Toevolution","thumbnail":"https:\/\/ts4.mm.bing.net\/th?id=OIP.Ucx3nti6mgRSI52hVyIh5wHaDN&pid=15.1","size":"2006\u00d7870","desc":"\ue000Google\ue001 \ue000Logo\ue001 Evolution Evolution Of \ue000Google Logo History\ue001 : Toevolution","filetype":"","width":"2006\u00d7870","height":null,"domain":"www.narodnatribuna.info"},{"url":"https:\/\/i.ytimg.com\/vi\/wEPXXiU_cs0\/maxresdefault.jpg","link":"https:\/\/fity.club\/lists\/g\/google-logo-evolution\/","title":"Google Logo Evolution","thumbnail":"https:\/\/ts2.mm.bing.net\/th?id=OIP.wodfkR1510voCqszoSVfFAHaEK&pid=15.1","size":"1280\u00d7720","desc":"\ue000Google\ue001 \ue000Logo\ue001 Evolution","filetype":"","width":"1280\u00d7720","height":null,"domain":"fity.club"},{"url":"https:\/\/omisido.com\/wp-content\/uploads\/2023\/02\/google-logo-history-1030x515.jpeg","link":"https:\/\/omisido.com\/history-of-the-google-logo\/","title":"Google logo history and evolution","thumbnail":"https:\/\/ts2.mm.bing.net\/th?id=OIP.4LFB288VugFSaEOF_t3oEgHaDt&pid=15.1","size":"1030\u00d7515","desc":"\ue000Google logo history\ue001 and evolution","filetype":"","width":"1030\u00d7515","height":null,"domain":"omisido.com"},{"url":"https:\/\/www.designevo.com\/images\/blog\/google-logo\/google-logo-history.jpg","link":"https:\/\/www.designevo.com\/blog\/google-logo.html","title":"Google Logo Study - Design For A Colorful And Simple World","thumbnail":"https:\/\/ts4.mm.bing.net\/th?id=OIP.Xs7bKiazlf7uz4zZXf6_oQHaEx&pid=15.1","size":"801\u00d7517","desc":"\ue000Google\ue001 \ue000Logo\ue001 Study - Design For A Colorful And Simple World","filetype":"","width":"801\u00d7517","height":null,"domain":"www.designevo.com"},{"url":"https:\/\/www.wscubetech.com\/blog\/wp-content\/uploads\/2025\/12\/google-logo-history.webp","link":"https:\/\/www.wscubetech.com\/blog\/google-logo-history\/","title":"Google Logo History From 1998 to Today (Evolution Images)","thumbnail":"https:\/\/ts4.mm.bing.net\/th?id=OIP.XsJUwpGVeF8FIcwEDfUJkAHaDl&pid=15.1","size":"1654\u00d7800","desc":"\ue000Google Logo History\ue001 From 1998 to Today (Evolution Images)","filetype":"","width":"1654\u00d7800","height":null,"domain":"www.wscubetech.com"},{"url":"https:\/\/logos-world.net\/wp-content\/uploads\/2022\/01\/Google-Maps-Icons-Logo-History.jpg","link":"https:\/\/logos-world.net\/google-maps-logo\/","title":"Google Maps Logo, symbol, meaning, history, PNG, brand","thumbnail":"https:\/\/ts3.mm.bing.net\/th?id=OIP.wIxFcaUekIR8gOgd628k3gHaJq&pid=15.1","size":"3840\u00d75012","desc":"\ue000Google\ue001 Maps \ue000Logo\ue001, symbol, meaning, \ue000history\ue001, PNG, brand","filetype":"","width":"3840\u00d75012","height":null,"domain":"logos-world.net"},{"url":"https:\/\/www.slideteam.net\/wp\/wp-content\/uploads\/2021\/11\/One-Page-Stock-Pitch-for-Aerospace-Company.png","link":"https:\/\/storage.googleapis.com\/dgnzlkgoribjve\/pitch-paper-example.html","title":"Pitch Paper Example at Kaitlyn Guest blog","thumbnail":"https:\/\/ts2.mm.bing.net\/th?id=OIP.KhhHH31hP8TPuIeCa19ivgHaKs&pid=15.1","size":"720\u00d71040","desc":"\ue000Pitch\ue001 Paper \ue000Example\ue001 at Kaitlyn Guest blog","filetype":"","width":"720\u00d71040","height":null,"domain":"storage.googleapis.com"},{"url":"https:\/\/www.slideteam.net\/wp\/wp-content\/uploads\/2021\/11\/One-Page-Stock-Pitch-for-Pharmaceutical-Company-Report.png","link":"https:\/\/www.slideteam.net\/blog\/stock-pitch-templates","title":"Stock Pitch Templates to Persuade Your Investors With Confidence","thumbnail":"https:\/\/ts2.mm.bing.net\/th?id=OIP.uLce0mD3X2IxOcbB8tSw_gHaKs&pid=15.1","size":"720\u00d71040","desc":"\ue000Stock\ue001 \ue000Pitch\ue001 Templates to Persuade Your Investors With Confidence","filetype":"","width":"720\u00d71040","height":null,"domain":"www.slideteam.net"},{"url":"https:\/\/www.slideteam.net\/wp\/wp-content\/uploads\/2021\/11\/One-Page-Stock-Pitch-for-Physical-Fitness-Company.png","link":"https:\/\/monsieurjo.com\/stock-pitch-questions-examples\/","title":"Stock Pitch Questions Examples \u2013 DYNF","thumbnail":"https:\/\/ts3.mm.bing.net\/th?id=OIP.MZeipSyrFbcM21UaMOwavAHaKs&pid=15.1","size":"720\u00d71040","desc":"\ue000Stock\ue001 \ue000Pitch\ue001 Questions \ue000Examples\ue001 \u2013 DYNF","filetype":"","width":"720\u00d71040","height":null,"domain":"monsieurjo.com"},{"url":"https:\/\/as1.ftcdn.net\/v2\/jpg\/12\/40\/58\/02\/1000_F_1240580293_SA3nuB6MB1mRmME9y7QRrAceT5X2mS9Y.jpg","link":"https:\/\/stock.adobe.com\/fr\/templates\/investor-pitch-deck-presentation-template\/1240580293","title":"Investor Pitch Deck Presentation Template mod\u00e8le Stock | Adobe Stock","thumbnail":"https:\/\/ts4.mm.bing.net\/th?id=OIP.w0Fo2swr4zK9dpqp8o22hQHaFJ&pid=15.1","size":"1000\u00d7695","desc":"Investor \ue000Pitch\ue001 Deck Presentation Template mod\u00e8le \ue000Stock\ue001 | Adobe \ue000Stock\ue001","filetype":"","width":"1000\u00d7695","height":null,"domain":"stock.adobe.com"},{"url":"https:\/\/www.slideteam.net\/wp\/wp-content\/uploads\/2024\/08\/One-Page-Stock-Pitch-for-Semiconductor-Company.png","link":"https:\/\/www.slideteam.net\/blog\/top-10-company-infographic-templates-with-examples-and-samples","title":"Top 10 Company Infographic Templates with Examples and Samples","thumbnail":"https:\/\/ts1.mm.bing.net\/th?id=OIP.pMrsdAYoSHfFOdLcjWZSvAHaKs&pid=15.1","size":"720\u00d71040","desc":"Top 10 Company Infographic Templates with \ue000Examples\ue001 and Samples","filetype":"","width":"720\u00d71040","height":null,"domain":"www.slideteam.net"},{"url":"https:\/\/assets-global.website-files.com\/628cb4acdaf9087cd633cc6b\/633d5c2ed9947e329bec4f1b_Company-Stock-History-Overview-Slide.webp","link":"https:\/\/www.careerprinciples.com\/resources\/stock-pitch","title":"What is a Stock Pitch? (With Examples) | Career Principles","thumbnail":"https:\/\/ts4.mm.bing.net\/th?id=OIP.yTZH3UyKPnOmXZRGZPxCcQHaEI&pid=15.1","size":"1160\u00d7647","desc":"What is a \ue000Stock\ue001 \ue000Pitch\ue001? (With \ue000Examples\ue001) | Career Principles","filetype":"","width":"1160\u00d7647","height":null,"domain":"www.careerprinciples.com"},{"url":"https:\/\/images.ctfassets.net\/lzny33ho1g45\/2eZwXgYNoGhuy4MNsYXSKr\/c0fbad188f042a03ce532e992fc1bfcc\/investor-pitch-example.png?w=1400","link":"https:\/\/zapier.com\/blog\/elevator-pitch-example\/","title":"11 actually great elevator pitch examples & how to make yours | Zapier","thumbnail":"https:\/\/ts2.mm.bing.net\/th?id=OIP.6k5pjnMfqDQRw4x_utx4DAHaI-&pid=15.1","size":"1400\u00d71697","desc":"11 actually great elevator \ue000pitch\ue001 \ue000examples\ue001 & how to make yours | Zapier","filetype":"","width":"1400\u00d71697","height":null,"domain":"zapier.com"},{"url":"https:\/\/www.slideteam.net\/wp\/wp-content\/uploads\/2021\/11\/One-Page-Stock-Pitch-for-Departmental-Stores-Document.png","link":"https:\/\/www.slideteam.net\/blog\/stock-pitch-templates","title":"Stock Pitch Templates to Persuade Your Investors With Confidence","thumbnail":"https:\/\/ts4.mm.bing.net\/th?id=OIP.OYLEsmhZXAP9dRMW2ykEVAHaKs&pid=15.1","size":"720\u00d71040","desc":"\ue000Stock\ue001 \ue000Pitch\ue001 Templates to Persuade Your Investors With Confidence","filetype":"","width":"720\u00d71040","height":null,"domain":"www.slideteam.net"},{"url":"https:\/\/yis.org\/wp-content\/uploads\/2018\/02\/AeroVironment-Stock-Pitch-Adele-Payman-page-005-791x1024.jpg","link":"https:\/\/templates.rjuuc.edu.np\/en\/one-page-pitch-template-free.html","title":"One Page Pitch Template Free","thumbnail":"https:\/\/ts1.mm.bing.net\/th?id=OIP.hv2K0XNHQAwCW5bLbqZ6tAHaJl&pid=15.1","size":"791\u00d71024","desc":"One Page \ue000Pitch\ue001 Template Free","filetype":"","width":"791\u00d71024","height":null,"domain":"templates.rjuuc.edu.np"},{"url":"https:\/\/assets.visme.co\/templates\/presentations\/thumbnails\/i_Banking-Stock-Pitch-Presentation-full_1.jpg","link":"https:\/\/www.visme.co\/templates\/presentations\/banking-stock-pitch-presentation-templates-1425289213\/","title":"Banking Stock Pitch Presentation Template | Visme","thumbnail":"https:\/\/ts4.mm.bing.net\/th?id=OIP.mDYQQUwCHqTEP5qIRDh6bgHaEK&pid=15.1","size":"1366\u00d7768","desc":"Banking \ue000Stock\ue001 \ue000Pitch\ue001 Presentation Template | Visme","filetype":"","width":"1366\u00d7768","height":null,"domain":"www.visme.co"},{"url":"https:\/\/image4.slideserve.com\/8911065\/what-is-a-stock-pitch-five-components-l.jpg","link":"https:\/\/www.slideserve.com\/kaylaf\/stock-pitches-101-powerpoint-ppt-presentation","title":"PPT - Stock Pitches 101 PowerPoint Presentation, free download - ID:8911065","thumbnail":"https:\/\/ts3.mm.bing.net\/th?id=OIP.ed1Z14lccJMgjMfbEaJ6OAHaEK&pid=15.1","size":"2560\u00d71440","desc":"PPT - \ue000Stock\ue001 \ue000Pitches\ue001 101 PowerPoint Presentation, free download - ID:8911065","filetype":"","width":"2560\u00d71440","height":null,"domain":"www.slideserve.com"},{"url":"https:\/\/assets-global.website-files.com\/628cb4acdaf9087cd633cc6b\/633d58b62457657d61e05e7b_Company-Overview-Slide.webp","link":"https:\/\/www.careerprinciples.com\/resources\/stock-pitch","title":"What is a Stock Pitch? (With Examples) | Career Principles","thumbnail":"https:\/\/ts3.mm.bing.net\/th?id=OIP.d6Vx0BD3K1Gzl_qIDEjqoAHaEH&pid=15.1","size":"1160\u00d7645","desc":"What is a \ue000Stock\ue001 \ue000Pitch\ue001? (With \ue000Examples\ue001) | Career Principles","filetype":"","width":"1160\u00d7645","height":null,"domain":"www.careerprinciples.com"},{"url":"https:\/\/assets.visme.co\/templates\/presentations\/thumbnails\/i_Tech-Stock-Pitch-Presentation-full_1.jpg","link":"https:\/\/www.visme.co\/templates\/presentations\/tech-stock-pitch-presentation-templates-1425289214\/","title":"Tech Stock Pitch Presentation Template | Visme","thumbnail":"https:\/\/ts4.mm.bing.net\/th?id=OIP.A2lCS8bcWEjAuMJwDyKVZQHaEK&pid=15.1","size":"1366\u00d7768","desc":"Tech \ue000Stock\ue001 \ue000Pitch\ue001 Presentation Template | Visme","filetype":"","width":"1366\u00d7768","height":null,"domain":"www.visme.co"},{"url":"https:\/\/assets.visme.co\/templates\/presentations\/thumbnails\/i_Stock-Pitch-Presentation-full_10.jpg","link":"https:\/\/www.visme.co\/templates\/presentations\/stock-pitch-presentation-templates-1425288838\/","title":"Stock Pitch Presentation Template | Visme","thumbnail":"https:\/\/ts1.mm.bing.net\/th?id=OIP.3q8ZOJQrUeNP1CutmqM-vgHaEK&pid=15.1","size":"1366\u00d7768","desc":"\ue000Stock\ue001 \ue000Pitch\ue001 Presentation Template | Visme","filetype":"","width":"1366\u00d7768","height":null,"domain":"www.visme.co"},{"url":"https:\/\/i.pinimg.com\/originals\/6a\/77\/aa\/6a77aa466593916c0f889f10a30f5d5b.jpg","link":"https:\/\/www.pinterest.com\/pin\/361343570098243254\/","title":"Business pitch presentation, Business plan template, Business planning","thumbnail":"https:\/\/ts4.mm.bing.net\/th?id=OIP.aWLrXg7Jylh2Y4_lLzTDGwHaKG&pid=15.1","size":"720\u00d7982","desc":"Business \ue000pitch\ue001 presentation, Business plan template, Business planning","filetype":"","width":"720\u00d7982","height":null,"domain":"www.pinterest.com"},{"url":"https:\/\/s3.studylib.net\/store\/data\/008203521_1-1344a7fcd8f52f9fd3b956dd04c0d75e-768x994.png","link":"https:\/\/viidaisyblog.blob.core.windows.net\/janberaav\/stock-pitch-example-pdf.html","title":"Stock Pitch Example Pdf at viidaisyblog Blog","thumbnail":"https:\/\/ts2.mm.bing.net\/th?id=OIP.CF24VVi5o7wgdUCrtaexMwHaJl&pid=15.1","size":"768\u00d7994","desc":"\ue000Stock\ue001 \ue000Pitch\ue001 \ue000Example\ue001 Pdf at viidaisyblog Blog","filetype":"","width":"768\u00d7994","height":null,"domain":"viidaisyblog.blob.core.windows.net"},{"url":"https:\/\/imgv2-2-f.scribdassets.com\/img\/document\/553208843\/original\/3f1a8524f6\/1713555249?v=1","link":"https:\/\/www.scribd.com\/document\/553208843\/Stock-Pitch","title":"Stock Pitch | PDF | Interest | Investing","thumbnail":"https:\/\/ts4.mm.bing.net\/th?id=OIP.mqXLtlka6n-Ac9dYEJJBWAHaJ4&pid=15.1","size":"768\u00d71024","desc":"\ue000Stock\ue001 \ue000Pitch\ue001 | PDF | Interest | Investing","filetype":"","width":"768\u00d71024","height":null,"domain":"www.scribd.com"},{"url":"https:\/\/assets.visme.co\/templates\/presentations\/thumbnails\/i_Technology-Stock-Pitch-Presentation-full_1.jpg","link":"https:\/\/www.visme.co\/templates\/presentations\/technology-stock-pitch-presentation-templates-1425289211\/","title":"Technology Stock Pitch Presentation Template | Visme","thumbnail":"https:\/\/ts4.mm.bing.net\/th?id=OIP.RSv1Gw1Tuzc-OiQ93A-A3gHaEK&pid=15.1","size":"1366\u00d7768","desc":"Technology \ue000Stock\ue001 \ue000Pitch\ue001 Presentation Template | Visme","filetype":"","width":"1366\u00d7768","height":null,"domain":"www.visme.co"},{"url":"https:\/\/visme.co\/blog\/wp-content\/uploads\/2025\/02\/How-to-Create-a-VC-Approved-Pitch-Deck-Thumbnail-1024x573.png","link":"https:\/\/visme.co\/blog\/pitch-deck-examples\/","title":"15 Successful Startup Pitch Deck Examples, Tips & Templates","thumbnail":"https:\/\/ts4.mm.bing.net\/th?id=OIP.BikAKNwnNxqZiByy6K_SqAHaEJ&pid=15.1","size":"1024\u00d7573","desc":"15 Successful Startup \ue000Pitch\ue001 Deck \ue000Examples\ue001, Tips & Templates","filetype":"","width":"1024\u00d7573","height":null,"domain":"visme.co"},{"url":"https:\/\/cdn.prod.website-files.com\/628cb4acdaf9087cd633cc6b\/633d5cf83e21dc9acdf2c090_Stock-Final-Recommendation-Slide.webp","link":"https:\/\/www.careerprinciples.com\/resources\/stock-pitch","title":"What is a Stock Pitch? (With Examples) | Career Principles","thumbnail":"https:\/\/ts1.mm.bing.net\/th?id=OIP.yEUOSKzyeI_TzWMZjg1FCgHaEH&pid=15.1","size":"1160\u00d7646","desc":"What is a \ue000Stock\ue001 \ue000Pitch\ue001? (With \ue000Examples\ue001) | Career Principles","filetype":"","width":"1160\u00d7646","height":null,"domain":"www.careerprinciples.com"},{"url":"https:\/\/biwsuploads-assest.s3.amazonaws.com\/biws\/wp-content\/uploads\/2019\/04\/04223021\/Stock-pitch-example.jpg","link":"https:\/\/breakingintowallstreet.com\/kb\/valuation\/","title":"Valuation Tutorials for Investment Banking","thumbnail":"https:\/\/ts3.mm.bing.net\/th?id=OIP.eDuQB60C51-uCbwWxpO9GQHaEK&pid=15.1","size":"1280\u00d7720","desc":"Valuation Tutorials for Investment Banking","filetype":"","width":"1280\u00d7720","height":null,"domain":"breakingintowallstreet.com"},{"url":"https:\/\/assets-global.website-files.com\/628cb4acdaf9087cd633cc6b\/633d59eb8c35be85778ce330_Stock-Investment-Summary-Slide.webp","link":"https:\/\/www.careerprinciples.com\/resources\/stock-pitch","title":"What is a Stock Pitch? (With Examples) | Career Principles","thumbnail":"https:\/\/ts1.mm.bing.net\/th?id=OIP.m6kua0K3XhDKuxBGzGbpEQHaEI&pid=15.1","size":"1160\u00d7647","desc":"What is a \ue000Stock\ue001 \ue000Pitch\ue001? (With \ue000Examples\ue001) | Career Principles","filetype":"","width":"1160\u00d7647","height":null,"domain":"www.careerprinciples.com"},{"url":"https:\/\/www.mergersandinquisitions.com\/wp-content\/uploads\/2013\/06\/stock-pitch-guide.jpg","link":"https:\/\/mergersandinquisitions.com\/stock-pitch-guide\/","title":"Stock Pitch Guide: How to Pitch a Stock in Interviews","thumbnail":"https:\/\/ts4.mm.bing.net\/th?id=OIP.31-1AYjFDj8eBrRQPlMkMwHaD4&pid=15.1","size":"1200\u00d7628","desc":"\ue000Stock\ue001 \ue000Pitch\ue001 Guide: How to \ue000Pitch\ue001 a \ue000Stock\ue001 in Interviews","filetype":"","width":"1200\u00d7628","height":null,"domain":"mergersandinquisitions.com"},{"url":"https:\/\/www.slideteam.net\/wp\/wp-content\/uploads\/2021\/11\/with-logo-1.jpg","link":"https:\/\/www.slideteam.net\/blog\/stock-pitch-templates","title":"Stock Pitch Templates to Persuade Your Investors With Confidence","thumbnail":"https:\/\/ts3.mm.bing.net\/th?id=OIP.HsRyRi_TVi0pbMBzVAOieAHaDO&pid=15.1","size":"1013\u00d7441","desc":"\ue000Stock\ue001 \ue000Pitch\ue001 Templates to Persuade Your Investors With Confidence","filetype":"","width":"1013\u00d7441","height":null,"domain":"www.slideteam.net"},{"url":"http:\/\/yis.org\/wp-content\/uploads\/2018\/02\/AeroVironment-Stock-Pitch-Adele-Payman-page-002-791x1024.jpg","link":"https:\/\/yis.org\/sample-yis-stock-pitch-report\/","title":"Sample YIS Stock Pitch Report - Young Investors Society","thumbnail":"https:\/\/ts2.mm.bing.net\/th?id=OIP.CJDp4WA87mMy46SWBDUIvgHaJl&pid=15.1","size":"791\u00d71024","desc":"\ue000Sample\ue001 YIS \ue000Stock\ue001 \ue000Pitch\ue001 Report - Young Investors Society","filetype":"","width":"791\u00d71024","height":null,"domain":"yis.org"},{"url":"https:\/\/mergersandinquisitions.com\/wp-content\/uploads\/2019\/04\/Jazz-Company-Background.jpg","link":"https:\/\/mergersandinquisitions.com\/stock-pitch-guide\/","title":"Stock Pitch Guide: How to Pitch a Stock in Interviews","thumbnail":"https:\/\/ts1.mm.bing.net\/th?id=OIP.beiZD56OmHBt1sWgvGdz-wHaFj&pid=15.1","size":"959\u00d7720","desc":"\ue000Stock\ue001 \ue000Pitch\ue001 Guide: How to \ue000Pitch\ue001 a \ue000Stock\ue001 in Interviews","filetype":"","width":"959\u00d7720","height":null,"domain":"mergersandinquisitions.com"},{"url":"https:\/\/assets.visme.co\/templates\/presentations\/thumbnails\/i_Modern-Stock-Pitch-Presentation-full_1.jpg","link":"https:\/\/www.visme.co\/templates\/presentations\/modern-stock-pitch-presentation-templates-1425289218\/","title":"Modern Stock Pitch Presentation Template | Visme","thumbnail":"https:\/\/ts4.mm.bing.net\/th?id=OIP.DQ9XrZK6qPPmWfHXkhsGbAHaEK&pid=15.1","size":"1366\u00d7768","desc":"Modern \ue000Stock\ue001 \ue000Pitch\ue001 Presentation Template | Visme","filetype":"","width":"1366\u00d7768","height":null,"domain":"www.visme.co"},{"url":"https:\/\/assets.visme.co\/templates\/presentations\/thumbnails\/i_B2B-Stock-Pitch-Presentation-full_1.jpg","link":"https:\/\/www.visme.co\/templates\/presentations\/b2b-stock-pitch-presentation-templates-1425289216\/","title":"B2B Stock Pitch Presentation Template | Visme","thumbnail":"https:\/\/ts1.mm.bing.net\/th?id=OIP.eNAn9dL8DdKIVYlOiDsq5QHaEK&pid=15.1","size":"1366\u00d7768","desc":"B2B \ue000Stock\ue001 \ue000Pitch\ue001 Presentation Template | Visme","filetype":"","width":"1366\u00d7768","height":null,"domain":"www.visme.co"},{"url":"https:\/\/d20ohkaloyme4g.cloudfront.net\/img\/document_thumbnails\/ec715fc34dc3572a7a1a82ca30b2f57b\/thumb_1200_1698.png","link":"https:\/\/www.studocu.com\/hk\/document\/the-university-of-hong-kong\/equity-valuation-and-investment-management\/stock-pitch-guide-how-to-pitch-a-stock-in-interviews\/74541868","title":"Stock Pitch Guide How to Pitch a Stock in Interviews - Join 307,012","thumbnail":"https:\/\/ts1.mm.bing.net\/th?id=OIP.RjnYx4E0dBJlEyY4PV5lwAHaKe&pid=15.1","size":"1200\u00d71698","desc":"\ue000Stock\ue001 \ue000Pitch\ue001 Guide How to \ue000Pitch\ue001 a \ue000Stock\ue001 in Interviews - Join 307,012 ...","filetype":"","width":"1200\u00d71698","height":null,"domain":"www.studocu.com"},{"url":"https:\/\/media.slidesgo.com\/storage\/18222227\/conversions\/3-stock-pitch-deck-thumb.jpg","link":"https:\/\/slidesgo.com\/theme\/stock-pitch-deck","title":"Stock Pitch Deck | Google Slides and PowerPoint","thumbnail":"https:\/\/ts2.mm.bing.net\/th?id=OIP.J-V5MdRd4F4bXWDB279WawHaEK&pid=15.1","size":"740\u00d7416","desc":"\ue000Stock\ue001 \ue000Pitch\ue001 Deck | Google Slides and PowerPoint","filetype":"","width":"740\u00d7416","height":null,"domain":"slidesgo.com"},{"url":"https:\/\/assets-global.website-files.com\/628cb4acdaf9087cd633cc6b\/633d5c6de615da231ef70e13_Stock-Catalyst-Slide.webp","link":"https:\/\/www.careerprinciples.com\/resources\/stock-pitch","title":"What is a Stock Pitch? (With Examples) | Career Principles","thumbnail":"https:\/\/ts2.mm.bing.net\/th?id=OIP.jdvxBATaOpy18-3zSR11jgHaEI&pid=15.1","size":"1160\u00d7647","desc":"What is a \ue000Stock\ue001 \ue000Pitch\ue001? (With \ue000Examples\ue001) | Career Principles","filetype":"","width":"1160\u00d7647","height":null,"domain":"www.careerprinciples.com"},{"url":"https:\/\/www.slideteam.net\/wp\/wp-content\/uploads\/2022\/12\/Sales-Pitch-Templates-1013x441.jpg","link":"https:\/\/www.slideteam.net\/blog\/pitch-deck-templates-to-raise-private-equity-securities","title":"Top 10 Pitch Deck Templates to Raise Private Equity Securities with","thumbnail":"https:\/\/ts2.mm.bing.net\/th?id=OIP.OKoVvLeFxLqjqN-JHi_rjAHaDO&pid=15.1","size":"1013\u00d7441","desc":"Top 10 \ue000Pitch\ue001 Deck Templates to Raise Private Equity Securities with ...","filetype":"","width":"1013\u00d7441","height":null,"domain":"www.slideteam.net"},{"url":"http:\/\/emmamcintyrephotography.com\/wp-content\/uploads\/2018\/07\/stock-pitch-template-8-stock-spreadsheet-templates-free-sample-example-format-stock-stock-pertaining-to-stock-pitch-template.jpg","link":"https:\/\/templates.rjuuc.edu.np\/en\/photography-pitch-template.html","title":"Photography Pitch Template","thumbnail":"https:\/\/ts4.mm.bing.net\/th?id=OIP.yV8g7lBT34mVyCPUF6q8bQHaH9&pid=15.1","size":"585\u00d7629","desc":"Photography \ue000Pitch\ue001 Template","filetype":"","width":"585\u00d7629","height":null,"domain":"templates.rjuuc.edu.np"},{"url":"https:\/\/www.wallstreetoasis.com\/files\/stockpitch_1.png","link":"https:\/\/www.wallstreetoasis.com\/forum\/trading\/stock-pitch-sample-template-proven-examples-to-help-ace-your-interview","title":"Stock Pitch Sample Template - Proven Examples to Help Ace Your","thumbnail":"https:\/\/ts4.mm.bing.net\/th?id=OIP.CpxoqfISDcYiVBmA-u1Q2QHaBk&pid=15.1","size":"1384\u00d7292","desc":"\ue000Stock\ue001 \ue000Pitch\ue001 \ue000Sample\ue001 Template - Proven \ue000Examples\ue001 to Help Ace Your ...","filetype":"","width":"1384\u00d7292","height":null,"domain":"www.wallstreetoasis.com"},{"url":"https:\/\/www.wallstreetoasis.com\/files\/styles\/inline_image_width_1140\/public\/inline-images\/STOCK PITCH  SAMPLE TEMPLATE.png?itok=I_EVMaM6","link":"https:\/\/www.wallstreetoasis.com\/resources\/templates\/word-templates\/stock-pitch-sample-template","title":"Stock Pitch Sample Template | Wall Street Oasis","thumbnail":"https:\/\/ts4.mm.bing.net\/th?id=OIP.PFEI7tNu6LFviHtDu7uEZgHaCF&pid=15.1","size":"1140\u00d7321","desc":"\ue000Stock\ue001 \ue000Pitch\ue001 \ue000Sample\ue001 Template | Wall Street Oasis","filetype":"","width":"1140\u00d7321","height":null,"domain":"www.wallstreetoasis.com"},{"url":"https:\/\/www.sportsnet.ca\/wp-content\/uploads\/2026\/09\/Balogun-768x432.jpg","link":"https:\/\/www.sportsnet.ca\/premier-league\/article\/reports-u-s-striker-folarin-balogun-headed-on-transfer-to-everton\/","title":"Reports: U.S. striker Folarin Balogun headed on transfer to Everton","thumbnail":"https:\/\/ts2.mm.bing.net\/th?id=OIF.Ks9bt%2fIw5R1JWeKFoXy4Xg&pid=15.1","size":"768\u00d7432","desc":"Reports: U.S. striker Folarin \ue000Balogun\ue001 headed on transfer to Everton ...","filetype":"","width":"768\u00d7432","height":null,"domain":"www.sportsnet.ca"},{"url":"https:\/\/cdn.pmnewsnigeria.com\/wp-content\/uploads\/2026\/06\/Folarin-Balogun.jpg","link":"https:\/\/pmnewsnigeria.com\/2026\/09\/01\/epl-balogun-set-for-everton-move-after-e45m-monaco-agreement\/","title":"EPL: Balogun set for Everton move after \u20ac45m Monaco agreement","thumbnail":"https:\/\/ts3.mm.bing.net\/th?id=OIF.UdK7%2fakwpzXONbsmKurlnA&pid=15.1","size":"2048\u00d71152","desc":"EPL: \ue000Balogun\ue001 set for Everton move after \u20ac45m Monaco agreement","filetype":"","width":"2048\u00d71152","height":null,"domain":"pmnewsnigeria.com"},{"url":"https:\/\/images.teamtalk.com\/content\/uploads\/2026\/07\/20163816\/usmnt-striker-folarin-balogun.jpg","link":"https:\/\/www.teamtalk.com\/everton\/folarin-balogun-everton-as-monaco-transfer-deal-agreement","title":"Everton transfer news: David Moyes in dreamland as Toffees agree \u00a340m","thumbnail":"https:\/\/ts4.mm.bing.net\/th?id=OIF.oyUETFxBrq%2bdRWgVvma9XQ&pid=15.1","size":"1600\u00d7900","desc":"Everton transfer news: David Moyes in dreamland as Toffees agree \u00a340m ...","filetype":"","width":"1600\u00d7900","height":null,"domain":"www.teamtalk.com"},{"url":"https:\/\/i.headtopics.com\/images\/2026\/8\/31\/bbcmotd\/folarin-balogun-everton-bid-for-40m-valued-monaco--folarin-balogun-everton-bid-for-40m-valued-monaco--09B98481D273C23193AB26B5D6CC824C-16x9.webp","link":"https:\/\/uk.headtopics.com\/news\/folarin-balogun-everton-bid-for-40m-valued-monaco-striker-87235901","title":"Folarin Balogun: Everton bid for \u00a340m-valued Monaco striker | United","thumbnail":"https:\/\/ts1.mm.bing.net\/th?id=OIF.wqtoOy3sdFhEKmU%2bfe0HNg&pid=15.1","size":"1280\u00d7720","desc":"Folarin \ue000Balogun\ue001: Everton bid for \u00a340m-valued Monaco striker | United ...","filetype":"","width":"1280\u00d7720","height":null,"domain":"uk.headtopics.com"},{"url":"https:\/\/i.headtopics.com\/images\/2026\/9\/1\/foxsports\/reports-u-s-striker-folarin-balogun-is-headed-on-t-reports-u-s-striker-folarin-balogun-is-headed-on-t-6B6B48B0267E27DF73914BCD74B1E0AC-16x9.webp","link":"https:\/\/us.headtopics.com\/news\/reports-u-s-striker-folarin-balogun-is-headed-on-transfer-87255663","title":"Reports: U.S. striker Folarin Balogun is headed on transfer to Premier","thumbnail":"https:\/\/ts3.mm.bing.net\/th?id=OIF.3VUmd%2fk9tPZWQR4NAx9Mzg&pid=15.1","size":"1280\u00d7720","desc":"Reports: U.S. striker Folarin \ue000Balogun\ue001 is headed on transfer to Premier ...","filetype":"","width":"1280\u00d7720","height":null,"domain":"us.headtopics.com"},{"url":"https:\/\/football-talk.co.uk\/wp-content\/uploads\/2022\/08\/Folarin-Balogun-Arsenal.jpg","link":"https:\/\/football-talk.co.uk\/237185\/everton-reach-agreement-to-sign-folarin-balogun\/","title":"Everton reach agreement to sign Folarin Balogun","thumbnail":"https:\/\/ts2.mm.bing.net\/th?id=OIF.8ESkoL48QgX6z3jDiX%2fSZw&pid=15.1","size":"1000\u00d7599","desc":"Everton reach agreement to sign Folarin \ue000Balogun\ue001","filetype":"","width":"1000\u00d7599","height":null,"domain":"football-talk.co.uk"},{"url":"https:\/\/cdn.vanguardngr.com\/wp-content\/uploads\/2026\/07\/Folarin.Balogun.USA_.Jul_.26-1320x742-1.jpg","link":"https:\/\/www.vanguardngr.com\/2026\/08\/everton-bid-for-us-striker-balogun-after-world-cup-controversy\/","title":"Everton bid for US striker Balogun after World Cup controversy","thumbnail":"https:\/\/ts2.mm.bing.net\/th?id=OIF.wfIyZumRljEuUdMRzE3qcg&pid=15.1","size":"474\u00d7266","desc":"Everton bid for US striker \ue000Balogun\ue001 after World Cup controversy ...","filetype":"","width":"474\u00d7266","height":null,"domain":"www.vanguardngr.com"},{"url":"https:\/\/www.vipsg.net\/wp-content\/uploads\/2026\/09\/Florian-Balogun.jpg","link":"https:\/\/www.vipsg.net\/transfer-news\/tpsg-moved-too-late-for-kroupi-and-balogun-282445\/","title":"TPSG Moved Too Late for Kroupi and Balogun - VIPSG.net","thumbnail":"https:\/\/ts1.mm.bing.net\/th?id=OIF.j19o6am5Y0mWXVfHYVgpIA&pid=15.1","size":"1250\u00d7840","desc":"TPSG Moved Too Late for Kroupi and \ue000Balogun\ue001 - VIPSG.net","filetype":"","width":"1250\u00d7840","height":null,"domain":"www.vipsg.net"},{"url":"https:\/\/insidefutbol.com\/app\/uploads\/2026\/06\/USA_Folarin_Balogun_1200_ofg.webp","link":"https:\/\/insidefutbol.com\/2026\/08\/19\/resumed-contact-bad-news-for-tottenham-in-attacker-hunt\/724138\/","title":"'Resumed Contact' - Bad News For Tottenham In Balogun Chase","thumbnail":"https:\/\/ts3.mm.bing.net\/th?id=OIF.UErInW8egY3WMrW42aUdCg&pid=15.1","size":"1200\u00d7827","desc":"'Resumed Contact' - Bad News For Tottenham In \ue000Balogun\ue001 Chase","filetype":"","width":"1200\u00d7827","height":null,"domain":"insidefutbol.com"},{"url":"https:\/\/litesigna.com.ng\/wp-content\/uploads\/2026\/09\/Zeenat-Balogun-Biography-scaled.jpg","link":"https:\/\/litesigna.com.ng\/zeenat-balogun-biography-age-family-career-cause-of-death\/","title":"Zeenat Balogun Biography: Age, Family, Career, & Cause of Death - LiteSigna","thumbnail":"https:\/\/ts4.mm.bing.net\/th?id=OIF.ulhob%2bMCS88sCJ8jIVEtLg&pid=15.1","size":"1439\u00d72560","desc":"Zeenat \ue000Balogun\ue001 Biography: Age, Family, Career, & Cause of Death - LiteSigna","filetype":"","width":"1439\u00d72560","height":null,"domain":"litesigna.com.ng"},{"url":"https:\/\/static01.nyt.com\/athletic\/uploads\/wp\/2026\/08\/31162326\/GettyImages-2279116977-scaled-e1788207894564-1024x683.jpg?width=1440&quality=70&auto=webp","link":"https:\/\/www.nytimes.com\/athletic\/7552112\/2026\/08\/31\/folarin-balogun-everton-transfer-monaco\/","title":"Everton reach Folarin Balogun agreement with Monaco - The Athletic","thumbnail":"https:\/\/ts2.mm.bing.net\/th?id=OIF.pbbKitiHG8bYTu0GP2evQA&pid=15.1","size":"1440\u00d7960","desc":"Everton reach Folarin \ue000Balogun\ue001 agreement with Monaco - The Athletic","filetype":"","width":"1440\u00d7960","height":null,"domain":"www.nytimes.com"},{"url":"https:\/\/sbisoccer.com\/wp-content\/uploads\/F.-Balogun-3.png","link":"https:\/\/sbisoccer.com\/2026\/08\/reports-everton-agrees-deal-with-monaco-for-folarin-balogun","title":"Reports: Everton agrees deal with Monaco for Folarin Balogun - x","thumbnail":"https:\/\/ts1.mm.bing.net\/th?id=OIF.U4x4E1F%2bQg8ruVcDzR9v5w&pid=15.1","size":"1280\u00d7720","desc":"Reports: Everton agrees deal with Monaco for Folarin \ue000Balogun\ue001 - x","filetype":"","width":"1280\u00d7720","height":null,"domain":"sbisoccer.com"},{"url":"https:\/\/static0.footballfancastimages.com\/wordpress\/wp-content\/uploads\/2026\/08\/folarin-balogun-usa-world-cup.jpg?q=49&fit=crop&w=825&dpr=2","link":"https:\/\/www.footballfancast.com\/why-everton-must-sign-grealish-to-partner-balogun\/","title":"Why Everton must sign Premier League star to partner Balogun","thumbnail":"https:\/\/ts4.mm.bing.net\/th?id=OIF.y6r2f8oKL0FRj2WfyabV7g&pid=15.1","size":"1650\u00d7825","desc":"Why Everton must sign Premier League star to partner \ue000Balogun\ue001","filetype":"","width":"1650\u00d7825","height":null,"domain":"www.footballfancast.com"},{"url":"https:\/\/football-talk.co.uk\/wp-content\/uploads\/2023\/07\/Folarin-Balogun.webp","link":"https:\/\/football-talk.co.uk\/237122\/everton-submit-formal-proposal-to-sign-folarin-balogun\/","title":"Everton submit formal proposal to sign Folarin Balogun","thumbnail":"https:\/\/ts2.mm.bing.net\/th?id=OIF.NSKiitJ7MbV0EZlkXxIpbg&pid=15.1","size":"752\u00d7423","desc":"Everton submit formal proposal to sign Folarin \ue000Balogun\ue001","filetype":"","width":"752\u00d7423","height":null,"domain":"football-talk.co.uk"},{"url":"https:\/\/media.assettype.com\/goodisonnews\/2026-08-30\/5b09bkmn\/folarin-balogun.jpg?w=1200&ar=40:21&auto=format%2Ccompress&ogImage=true&mode=crop&enlarge=true&overlay=false&overlay_position=bottom&overlay_width=100","link":"https:\/\/www.goodisonnews.com\/transfers\/what-everton-are-now-pushing-for-to-get-folarin-balogun-deal-done-in-time","title":"What Everton are now pushing for to get Folarin Balogun deal done in time","thumbnail":"https:\/\/ts3.mm.bing.net\/th?id=OIF.yqOH9TCHkzEl4fK%2fx3kJkA&pid=15.1","size":"1200\u00d7675","desc":"What Everton are now pushing for to get Folarin \ue000Balogun\ue001 deal done in time","filetype":"","width":"1200\u00d7675","height":null,"domain":"www.goodisonnews.com"},{"url":"https:\/\/img-s-msn-com.akamaized.net\/tenant\/amp\/entityid\/AA2bkwJI.img?w=768&h=432&m=6&x=445&y=113&s=165&d=165","link":"https:\/\/www.msn.com\/en-us\/news\/other\/what-kind-of-player-is-balogun\/ar-AA2bkwK0","title":"What kind of player is Balogun?","thumbnail":"https:\/\/ts1.mm.bing.net\/th?id=OIF.iRXCAFWw5gm2tTtblHrZ3g&pid=15.1","size":"768\u00d7432","desc":"What kind of player is \ue000Balogun\ue001?","filetype":"","width":"768\u00d7432","height":null,"domain":"www.msn.com"},{"url":"https:\/\/media.assettype.com\/goodisonnews\/2026-08-31\/syya59ma\/Folarin-Balogun-Everton-Breaking.jpg?w=1200&ar=40:21&auto=format%2Ccompress&ogImage=true&mode=crop&enlarge=true&overlay=false&overlay_position=bottom&overlay_width=100","link":"https:\/\/www.goodisonnews.com\/transfers\/everton-on-verge-of-signing-as-footage-thought-to-be-folarin-balogun-private-jet-landing","title":"Everton on verge of signing as footage thought to be Folarin Balogun","thumbnail":"https:\/\/ts2.mm.bing.net\/th?id=OIF.IGaa%2bgYatn8KSvOGgrjLJQ&pid=15.1","size":"1200\u00d7675","desc":"Everton on verge of signing as footage thought to be Folarin \ue000Balogun\ue001 ...","filetype":"","width":"1200\u00d7675","height":null,"domain":"www.goodisonnews.com"},{"url":"https:\/\/blueprint.ng\/wp-content\/uploads\/2026\/07\/arsenal-and-stade-reims-striker-folarin-balogun-1675776469-101579.webp","link":"https:\/\/blueprint.ng\/transfer-everton-agree-deal-to-sign-folarin-balogun-from-monaco\/","title":"Transfer: Everton agree deal to sign Folarin Balogun from Monaco","thumbnail":"https:\/\/ts3.mm.bing.net\/th?id=OIF.8KUGQU%2boyvOGtrRttCPldg&pid=15.1","size":"1002\u00d7560","desc":"Transfer: Everton agree deal to sign Folarin \ue000Balogun\ue001 from Monaco ...","filetype":"","width":"1002\u00d7560","height":null,"domain":"blueprint.ng"},{"url":"https:\/\/www.completesports.com\/wp-content\/uploads\/2026\/07\/folarin-balogun-20-united-states-1092481148.webp","link":"https:\/\/www.completesports.com\/webb-blasts-fifas-decision-to-reverse-baloguns-red-card\/","title":"Webb Blasts FIFA's Decision To Reverse Balogun's Red Card","thumbnail":"https:\/\/ts4.mm.bing.net\/th?id=OIF.Od8QGAFxOQOef8mYmvpmPw&pid=15.1","size":"1024\u00d7722","desc":"Webb Blasts FIFA's Decision To Reverse \ue000Balogun\ue001's Red Card","filetype":"","width":"1024\u00d7722","height":null,"domain":"www.completesports.com"},{"url":"https:\/\/www.sporf.com\/wp-content\/uploads\/2026\/07\/22a9cd38-folarin-balogun-3-768x512.jpg","link":"https:\/\/www.sporf.com\/everton-agree-mega-money-deal-to-sign-folarin-balogun-from-monaco\/","title":"Everton agree mega-money deal to sign Folarin Balogun from Monaco","thumbnail":"https:\/\/ts1.mm.bing.net\/th?id=OIF.tvSjCo64XHm5ttImu4Kypw&pid=15.1","size":"768\u00d7512","desc":"Everton agree mega-money deal to sign Folarin \ue000Balogun\ue001 from Monaco","filetype":"","width":"768\u00d7512","height":null,"domain":"www.sporf.com"},{"url":"https:\/\/sunioso.com\/media\/image\/upload\/61016a52e9ae5d41310\/t-shirt\/black\/corteiz-rules-the-world-folarin-balogun-iconic-yellow-submarine-t-shirt-tee15-e.jpeg","link":"https:\/\/sunioso.com\/product\/t-shirt\/2008274-corteiz-rules-the-world-folarin-balogun-iconic-yellow-submarine","title":"Corteiz Rules The World Folarin Balogun Iconic Yellow Submarine T-Shirt","thumbnail":"https:\/\/ts3.mm.bing.net\/th?id=OIF.e23HZY8dniiKonWQs6DY5g&pid=15.1","size":"900\u00d71013","desc":"Corteiz Rules The World Folarin \ue000Balogun\ue001 Iconic Yellow Submarine T-Shirt","filetype":"","width":"900\u00d71013","height":null,"domain":"sunioso.com"},{"url":"https:\/\/sunioso.com\/media\/image\/upload\/61016a52e9ae5d41310\/t-shirt\/black\/corteiz-rules-the-world-folarin-balogun-iconic-yellow-submarine-t-shirt-tee9-e.jpeg","link":"https:\/\/sunioso.com\/product\/t-shirt\/2008274-corteiz-rules-the-world-folarin-balogun-iconic-yellow-submarine","title":"Corteiz Rules The World Folarin Balogun Iconic Yellow Submarine T-Shirt","thumbnail":"https:\/\/ts3.mm.bing.net\/th?id=OIF.osPPi0yJo2s2CbF2TCnm6g&pid=15.1","size":"900\u00d71013","desc":"Corteiz Rules The World Folarin \ue000Balogun\ue001 Iconic Yellow Submarine T-Shirt","filetype":"","width":"900\u00d71013","height":null,"domain":"sunioso.com"},{"url":"https:\/\/sunioso.com\/media\/image\/upload\/61016a52e9ae5d41310\/t-shirt\/black\/corteiz-rules-the-world-folarin-balogun-iconic-yellow-submarine-t-shirt-tee94-e.jpeg","link":"https:\/\/sunioso.com\/product\/t-shirt\/2008274-corteiz-rules-the-world-folarin-balogun-iconic-yellow-submarine","title":"Corteiz Rules The World Folarin Balogun Iconic Yellow Submarine T-Shirt","thumbnail":"https:\/\/ts2.mm.bing.net\/th?id=OIF.enSVO4GphD7aWaEL8WzPNg&pid=15.1","size":"900\u00d71013","desc":"Corteiz Rules The World Folarin \ue000Balogun\ue001 Iconic Yellow Submarine T-Shirt","filetype":"","width":"900\u00d71013","height":null,"domain":"sunioso.com"},{"url":"https:\/\/sunioso.com\/media\/image\/upload\/61016a52e9ae5d41310\/t-shirt\/black\/corteiz-rules-the-world-folarin-balogun-iconic-yellow-submarine-t-shirt-tee92-e.jpeg","link":"https:\/\/sunioso.com\/product\/t-shirt\/2008274-corteiz-rules-the-world-folarin-balogun-iconic-yellow-submarine","title":"Corteiz Rules The World Folarin Balogun Iconic Yellow Submarine T-Shirt","thumbnail":"https:\/\/ts4.mm.bing.net\/th?id=OIF.z3ubW4SAyYda0w0W5fsEjQ&pid=15.1","size":"900\u00d71013","desc":"Corteiz Rules The World Folarin \ue000Balogun\ue001 Iconic Yellow Submarine T-Shirt","filetype":"","width":"900\u00d71013","height":null,"domain":"sunioso.com"},{"url":"https:\/\/cdn.transferfeed.com\/fiorentina-and-atalanta-inquire-about-monacos-folarin-balogun-en-835603.png","link":"https:\/\/www.transferfeed.com\/s\/fiorentina-and-atalanta-inquire-about-monacos-folarin-balogun\/4501","title":"Fiorentina and Atalanta inquire about Monaco's Folarin Balogun","thumbnail":"https:\/\/ts4.mm.bing.net\/th?id=OIF.unnrWWMY2HCbXbcS%2b8mvdg&pid=15.1","size":"1200\u00d7675","desc":"Fiorentina and Atalanta inquire about Monaco's Folarin \ue000Balogun\ue001 ...","filetype":"","width":"1200\u00d7675","height":null,"domain":"www.transferfeed.com"},{"url":"https:\/\/im.rediff.com\/sports\/2026\/jul\/07balogun.jpg?w=830&h=1000","link":"https:\/\/www.rediff.com\/sports\/report\/fifa-wc-2026-i-wasnt-involved-us-born-balogun-breaks-silence-after-trumps-world-cup-intervention-claim\/20260707.htm","title":"'I wasn't involved': US-born Balogun breaks silence after Trump's World","thumbnail":"https:\/\/ts3.mm.bing.net\/th?id=OIF.QlHvHwWfWdLPuV%2bbtOdrzg&pid=15.1","size":"474\u00d7315","desc":"'I wasn't involved': US-born \ue000Balogun\ue001 breaks silence after Trump's World ...","filetype":"","width":"474\u00d7315","height":null,"domain":"www.rediff.com"},{"url":"https:\/\/www.aljazeera.com\/wp-content\/uploads\/2026\/07\/afp_6a4b7171d8e4-1783329137.jpg?resize=1920%2C1440","link":"https:\/\/www.aljazeera.com\/sports\/2026\/7\/6\/why-fifas-balogun-red-card-suspension-after-trump-call-is-so-controversial","title":"Why FIFA\u2019s Balogun red card suspension after Trump call is so","thumbnail":"https:\/\/ts3.mm.bing.net\/th?id=OIF.S4EXscQ%2bKJiRIf0WVcYcyA&pid=15.1","size":"1920\u00d71440","desc":"Why FIFA\u2019s \ue000Balogun\ue001 red card suspension after Trump call is so ...","filetype":"","width":"1920\u00d71440","height":null,"domain":"www.aljazeera.com"},{"url":"https:\/\/media-stg.assettype.com\/bdnews-english\/import\/english\/imgAll\/2026July\/world-cup-us-bosnia-balogun-020626-01-1782963507.jpg","link":"https:\/\/bdnews24.com\/sport\/world-cup-2026\/21da5a9eab71","title":"Balogun goes from hero to spectator as US advance","thumbnail":"https:\/\/ts2.mm.bing.net\/th?id=OIF.RM8PFqHf8HTXKBLSwT0sOA&pid=15.1","size":"474\u00d7266","desc":"\ue000Balogun\ue001 goes from hero to spectator as US advance","filetype":"","width":"474\u00d7266","height":null,"domain":"bdnews24.com"},{"url":"https:\/\/media.assettype.com\/footballinsider247\/2026-09-01\/l8bph3x8\/Folarin-Balogun-David-Moyes-1.jpg?w=1024&auto=format%2Ccompress&fit=max","link":"https:\/\/www.footballinsider247.com\/everton\/david-moyes-ally-reveals-what-its-taken-for-everton-to-agree-folarin-balogun-deal","title":"David Moyes ally reveals what it's taken for Everton to agree Folarin","thumbnail":"https:\/\/ts4.mm.bing.net\/th?id=OIF.u9MsgQfg9YpF7kOmOgJMhw&pid=15.1","size":"1024\u00d7576","desc":"David Moyes ally reveals what it's taken for Everton to agree Folarin ...","filetype":"","width":"1024\u00d7576","height":null,"domain":"www.footballinsider247.com"},{"url":"https:\/\/www.aljazeera.com\/wp-content\/uploads\/2026\/07\/2026-07-02T013608Z_632551649_UP1EM7204G600_RTRMADP_3_SOCCER-WORLDCUP-USA-BIH-1784071588.jpg?resize=1920%2C1440","link":"https:\/\/www.aljazeera.com\/sports\/2026\/7\/15\/us-star-balogun-knew-red-card-reversal-would-cause-a-lot-of-controversy","title":"US star Balogun knew red card reversal would \u2018cause a lot of","thumbnail":"https:\/\/ts4.mm.bing.net\/th?id=OIF.e%2bq3Pa9eN6HJd4wIEC6gzQ&pid=15.1","size":"1920\u00d71440","desc":"US star \ue000Balogun\ue001 knew red card reversal would \u2018cause a lot of ...","filetype":"","width":"1920\u00d71440","height":null,"domain":"www.aljazeera.com"},{"url":"https:\/\/cdn.theathletic.com\/app\/uploads\/2023\/05\/19001741\/GettyImages-1490724269.jpg","link":"https:\/\/www.nytimes.com\/athletic\/4533637\/2023\/05\/19\/folarin-balogun-usmnt\/","title":"Inside Folarin Balogun\u2019s USMNT reveal: Years of discussions and a late","thumbnail":"https:\/\/ts2.mm.bing.net\/th?id=OIP.VMP6UM4HfUy4v-YlC1aaPQHaLG&pid=15.1","size":"683\u00d71024","desc":"Inside Folarin \ue000Balogun\ue001\u2019s USMNT reveal: Years of discussions and a late ...","filetype":"","width":"683\u00d71024","height":null,"domain":"www.nytimes.com"},{"url":"https:\/\/static01.nyt.com\/athletic\/uploads\/wp\/2026\/04\/16004613\/GettyImages-2264573752-scaled.jpg","link":"https:\/\/www.nytimes.com\/athletic\/7199203\/2026\/04\/16\/folarin-balogun-goal-streak-usmnt-monaco-world-cup\/","title":"Folarin Balogun\u2019s scoring streak leaves no doubt he\u2019s USMNT\u2019s leading","thumbnail":"https:\/\/ts1.mm.bing.net\/th?id=OIP.LSWqae8x3AlYuKrLgmnROAHaE7&pid=15.1","size":"2560\u00d71706","desc":"Folarin \ue000Balogun\ue001\u2019s scoring streak leaves no doubt he\u2019s USMNT\u2019s leading ...","filetype":"","width":"2560\u00d71706","height":null,"domain":"www.nytimes.com"},{"url":"https:\/\/assets.goal.com\/images\/v3\/getty-2261672049\/crop\/MM5DINBYGA5DENJSGA5G433XMU5DAORUGU3Q====\/GettyImages-2261672049.jpg","link":"https:\/\/www.goal.com\/en-ug\/lists\/watch-folarin-balogun-becomes-first-american-to-score-twice-in-champions-league-knockout-match-for-monaco-vs-psg\/bltc7834a65382abc36","title":"WATCH: Folarin Balogun becomes first American to score twice in","thumbnail":"https:\/\/ts2.mm.bing.net\/th?id=OIP.xU08ElEFh77cDE5wiefF5gHaEK&pid=15.1","size":"4480\u00d72520","desc":"WATCH: Folarin \ue000Balogun\ue001 becomes first American to score twice in ...","filetype":"","width":"4480\u00d72520","height":null,"domain":"www.goal.com"},{"url":"https:\/\/img.republicworld.com\/all_images\/2026\/06\/usa-s-folarin-balogun-celebrates-after-scoring-against-paraguay-1781327632644-1280x720.webp?w=1280&h=720&q=75&format=webp","link":"https:\/\/www.republicworld.com\/sports\/football\/folarin-balogun-s-brace-helps-usa-start-fifa-world-cup-2026-campaign-with-dynamic-4-1-victory-over-paraguay-2026-06-13-128061","title":"Folarin Balogun's Brace Helps USA Start FIFA World Cup 2026 Campaign","thumbnail":"https:\/\/ts3.mm.bing.net\/th?id=OIP.zkObl610758H-0a16xemRgHaEK&pid=15.1","size":"1200\u00d7675","desc":"Folarin \ue000Balogun\ue001's Brace Helps USA Start FIFA World Cup 2026 Campaign ...","filetype":"","width":"1200\u00d7675","height":null,"domain":"www.republicworld.com"},{"url":"https:\/\/media.gettyimages.com\/id\/1490723850\/photo\/folarin-balogun-u-s-soccer-portrait-session.jpg?s=1024x1024&w=gi&k=20&c=T4rcR7IOBhf3xVHoC8dVKqPddFp8AF832n3jHziizwc=","link":"https:\/\/www.gettyimages.com\/detail\/news-photo\/folarin-balogun-poses-for-a-portrait-in-london-england-news-photo\/1490723850","title":"Folarin Balogun poses for a portrait in London, England. Balogun","thumbnail":"https:\/\/ts2.mm.bing.net\/th?id=OIP.xSiKaEDrcb5YHkh1nd4k9gHaE8&pid=15.1","size":"1024\u00d7683","desc":"Folarin \ue000Balogun\ue001 poses for a portrait in London, England. \ue000Balogun\ue001 ...","filetype":"","width":"1024\u00d7683","height":null,"domain":"www.gettyimages.com"},{"url":"https:\/\/www.ancient-origins.net\/sites\/default\/files\/The-helmet.jpg","link":"https:\/\/www.ancient-origins.net\/history-ancient-traditions\/magnificent-treasures-sutton-hoo-final-resting-place-anglo-saxon-royals-021018","title":"The Magnificent Treasures of Sutton Hoo, The Final Resting Place of","thumbnail":"https:\/\/ts3.mm.bing.net\/th?id=OIP.aQRh17l3Qm_fOzftQFGjYwHaJL&pid=15.1","size":"565\u00d7700","desc":"hoo sutton helmet finds most anglo saxon ancient origins treasures viking important one","filetype":"","width":"565\u00d7700","height":null,"domain":"www.ancient-origins.net"},{"url":"https:\/\/cdn.thecollector.com\/wp-content\/uploads\/2026\/03\/sutton-hoo-display.jpg?width=1010&quality=100&dpr=2","link":"https:\/\/www.thecollector.com\/sutton-hoo-helmet\/","title":"How the Sutton Hoo Helmet Reveals the Power of Early English Kings","thumbnail":"https:\/\/ts4.mm.bing.net\/th?id=OIP.Q1-kf0QW31up0gOMyf3toAHaIz&pid=15.1","size":"1010\u00d71200","desc":"","filetype":"","width":"1010\u00d71200","height":null,"domain":"www.thecollector.com"},{"url":"https:\/\/c8.alamy.com\/comp\/2R1T6GP\/the-sutton-hoo-helmet-from-angle-saxon-ship-burial-in-ad-600-the-british-museum-london-uk-2R1T6GP.jpg","link":"https:\/\/www.alamy.com\/the-sutton-hoo-helmet-from-angle-saxon-ship-burial-in-ad-600-the-british-museum-london-uk-image551878454.html","title":"The Sutton Hoo helmet from Angle-Saxon ship burial in AD 600, The","thumbnail":"https:\/\/ts1.mm.bing.net\/th?id=OIP.rcUimKeXyqxk7W7_phyApAHaGE&pid=15.1","size":"1300\u00d71065","desc":"","filetype":"","width":"1300\u00d71065","height":null,"domain":"www.alamy.com"},{"url":"https:\/\/www.lolaapp.com\/wp-content\/uploads\/2024\/07\/facts-about-sutton-hoo-helmet-1024x650.jpg","link":"https:\/\/www.lolaapp.com\/facts-about-sutton-hoo-helmet\/","title":"Fascinating Facts About the Sutton Hoo Helmet","thumbnail":"https:\/\/ts4.mm.bing.net\/th?id=OIP.hcrwTkv-FRmEgttBUBwKJwHaEs&pid=15.1","size":"1024\u00d7650","desc":"","filetype":"","width":"1024\u00d7650","height":null,"domain":"www.lolaapp.com"},{"url":"https:\/\/c.files.bbci.co.uk\/11ACB\/production\/_108159327_theshipremainstrusteesofthebritishmuseum.jpg","link":"https:\/\/oktated.blogspot.com\/2021\/01\/edith-pretty-sutton-hoo-rqcxrslaa8izkm.html","title":"Edith Pretty Sutton Hoo : Rqcxrslaa8izkm : What was the sutton hoo find","thumbnail":"https:\/\/ts2.mm.bing.net\/th?id=OIP.XYaMhJzZbR0YzMHT7-s-WwHaEK&pid=15.1","size":"976\u00d7549","desc":"hoo sutton basil brown edith discovery archaeological bbci british museum 4m greatest revamp gets archaeologist arqueologia dig trustees copyright barco","filetype":"","width":"976\u00d7549","height":null,"domain":"oktated.blogspot.com"},{"url":"https:\/\/substackcdn.com\/image\/fetch\/$s_!no_Z!,f_auto,q_auto:good,fl_progressive:steep\/https:\/\/substack-post-media.s3.amazonaws.com\/public\/images\/014e995c-1484-44c6-8027-2792e9ece2c0_3465x2085.jpeg","link":"https:\/\/www.culturebymuse.com\/p\/what-is-the-sutton-hoo-treasure","title":"What Is the Sutton Hoo Treasure? - by Muse","thumbnail":"https:\/\/ts1.mm.bing.net\/th?id=OIP.qSxNuHXLFiSyVux8iy2ffwHaEd&pid=15.1","size":"3465\u00d72085","desc":"","filetype":"","width":"3465\u00d72085","height":null,"domain":"www.culturebymuse.com"},{"url":"https:\/\/cdn.thecollector.com\/wp-content\/uploads\/2024\/02\/sutton-hoo-early-english-ship-burial.jpg","link":"https:\/\/www.thecollector.com\/sutton-hoo-helmet\/","title":"How the Sutton Hoo Helmet Reveals the Power of Early English Kings","thumbnail":"https:\/\/ts4.mm.bing.net\/th?id=OIP.iOjylzVbVpNkRPG4l2PBMQHaEQ&pid=15.1","size":"1200\u00d7690","desc":"","filetype":"","width":"1200\u00d7690","height":null,"domain":"www.thecollector.com"},{"url":"https:\/\/cdn.images.express.co.uk\/img\/dynamic\/1\/590x\/The-Sutton-Hoo-helmet-was-found-among-the-treasure-1379258.jpg?r=1609761480685","link":"https:\/\/www.express.co.uk\/news\/uk\/1379258\/archaeology-news-sutton-hoo-treasure-anglo-saxon-netflix-dig-suffolk-british-museum-spt","title":"Archaeology discovery: Missing piece of \u2018England\u2019s greatest treasure","thumbnail":"https:\/\/ts2.mm.bing.net\/th?id=OIP.d-4KPp0xN34y_z32ESOFLAHaEZ&pid=15.1","size":"590\u00d7350","desc":"sutton hoo treasure archaeology ww2 lost greatest discovery","filetype":"","width":"590\u00d7350","height":null,"domain":"www.express.co.uk"},{"url":"https:\/\/www.thevintagenews.com\/wp-content\/uploads\/2016\/11\/lead-yutiii980.jpg","link":"https:\/\/www.thevintagenews.com\/2016\/11\/19\/sutton-hoo-one-magnificent-archaeological-finds-england\/","title":"Sutton Hoo: One of the most magnificent archaeological finds in England","thumbnail":"https:\/\/ts2.mm.bing.net\/th?id=OIP.LOUVAH8FQTG4Jgyi-xqkvAHaDt&pid=15.1","size":"800\u00d7400","desc":"sutton hoo finds england archaeological most","filetype":"","width":"800\u00d7400","height":null,"domain":"www.thevintagenews.com"},{"url":"https:\/\/cdn.britannica.com\/66\/41366-004-4094178A.jpg","link":"https:\/\/kids.britannica.com\/students\/article\/Sutton-Hoo\/606699","title":"Sutton Hoo - Students | Britannica Kids | Homework Help","thumbnail":"https:\/\/ts1.mm.bing.net\/th?id=OIP.7sJ86M-1zAletHlJV3DZyAHaGr&pid=15.1","size":"499\u00d7450","desc":"sutton hoo saxon anglo britannica trustees","filetype":"","width":"499\u00d7450","height":null,"domain":"kids.britannica.com"},{"url":"https:\/\/brewminate.com\/wp-content\/uploads\/2018\/01\/011818-75-Sutton-Hoo-Anglo-Saxon-Art-History.jpg","link":"https:\/\/brewminate.com\/anglo-saxon-treasures-from-the-sutton-hoo-ship-burial\/","title":"Anglo-Saxon Treasures from the Sutton Hoo Ship Burial Brewminate: A","thumbnail":"https:\/\/ts3.mm.bing.net\/th?id=OIP.QFksxGR1iJBZ8pp2AtKQwQHaEL&pid=15.1","size":"624\u00d7352","desc":"sutton hoo anglo saxon helmet art iron treasures pieces consisting 7th tinned copper alloy century early british many museum now","filetype":"","width":"624\u00d7352","height":null,"domain":"brewminate.com"},{"url":"https:\/\/wildhunt.org\/wp-content\/uploads\/2021\/01\/Sutton_Hoo_Ship_Burial_-_British_Museum_-_Joy_of_Museums-1170x1525.jpg","link":"https:\/\/wildhunt.org\/2021\/01\/sutton-hoo-and-the-two-altars-of-king-raedwald.html","title":"Sutton Hoo and the Two Altars of King R\u00e6dwald - Europe, News, Paganism","thumbnail":"https:\/\/ts2.mm.bing.net\/th?id=OIP.qfPAXarJH0JFr0IT9qvYZQHaJp&pid=15.1","size":"1170\u00d71525","desc":"","filetype":"","width":"1170\u00d71525","height":null,"domain":"wildhunt.org"},{"url":"https:\/\/cdn.thecollector.com\/wp-content\/uploads\/2026\/03\/sutton-hoo-helmet-1.jpg?width=903&quality=100&dpr=2","link":"https:\/\/www.thecollector.com\/sutton-hoo-burial\/","title":"What the Sutton Hoo Treasure Tells Us About Anglo-Saxon Burial Rituals","thumbnail":"https:\/\/ts4.mm.bing.net\/th?id=OIP.nx-nfI5UBH4wawN_vLr-ygHaJ1&pid=15.1","size":"903\u00d71200","desc":"","filetype":"","width":"903\u00d71200","height":null,"domain":"www.thecollector.com"},{"url":"https:\/\/www.popsci.com\/wp-content\/uploads\/2025\/03\/Sutton-Hoo.jpeg?w=1440&h=810","link":"https:\/\/www.popsci.com\/science\/sutton-hoo-helmet-denmark\/","title":"Metal detector find may rewrite history of 7th century helmet | Popular","thumbnail":"https:\/\/ts2.mm.bing.net\/th?id=OIP.Dp27c2UZxxUHG-RUX6FrpgHaEK&pid=15.1","size":"1440\u00d7810","desc":"","filetype":"","width":"1440\u00d7810","height":null,"domain":"www.popsci.com"},{"url":"https:\/\/britainsbestguides.org\/wp-content\/uploads\/2021\/01\/sutton-hoo-1600x1497.jpg","link":"https:\/\/britainsbestguides.org\/blogs\/the-dig-sutton-hoo-treasure\/","title":"\u201cThe Dig\u201d brings the story of the British Museum's Sutton Hoo Treasure","thumbnail":"https:\/\/ts2.explicit.bing.net\/th?id=OIP.0O4Z_UFK-xjfl5m8nm_KPQHaG7&pid=15.1","size":"1600\u00d71497","desc":"","filetype":"","width":"1600\u00d71497","height":null,"domain":"britainsbestguides.org"},{"url":"https:\/\/images.squarespace-cdn.com\/content\/v1\/654d080e64a51407294bfe52\/53c38f58-f54b-429c-bce8-da667c495392\/Follow+us+on+Facebook-63.jpg","link":"https:\/\/www.exploringgb.co.uk\/blog\/suttonhoodiscovery","title":"Exploring GB","thumbnail":"https:\/\/ts3.explicit.bing.net\/th?id=OIP.XEjkuBhntDm_wQ3qTpXmjQHaHa&pid=15.1","size":"1080\u00d71080","desc":"","filetype":"","width":"1080\u00d71080","height":null,"domain":"www.exploringgb.co.uk"},{"url":"https:\/\/www.arabianbusiness.com\/cloud\/2021\/09\/19\/fpftw5iz-480460959-1024x683.jpg","link":"https:\/\/www.arabianbusiness.com\/gallery\/sutton-hoo-treasure-at-british-museum-543903","title":"Sutton Hoo treasure at British Museum - Arabian Business: Latest News","thumbnail":"https:\/\/ts4.mm.bing.net\/th?id=OIP.w4JE3aianHoWvyO8AMlshAHaE8&pid=15.1","size":"1024\u00d7683","desc":"","filetype":"","width":"1024\u00d7683","height":null,"domain":"www.arabianbusiness.com"},{"url":"https:\/\/images.squarespace-cdn.com\/content\/v1\/654d080e64a51407294bfe52\/e6b6ba30-4683-4813-a818-bfea62cf504b\/Follow+us+on+Facebook-64.jpg?format=2500w","link":"https:\/\/www.exploringgb.co.uk\/blog\/suttonhoodiscovery","title":"Exploring GB","thumbnail":"https:\/\/ts3.mm.bing.net\/th?id=OIP._5CzM7jYUE1Z1f8a-M4gEAHaHa&pid=15.1","size":"1080\u00d71080","desc":"","filetype":"","width":"1080\u00d71080","height":null,"domain":"www.exploringgb.co.uk"},{"url":"https:\/\/cdn.thecollector.com\/wp-content\/uploads\/2024\/02\/sutton-hoo-excavations.jpg?width=750&quality=55","link":"https:\/\/www.thecollector.com\/sutton-hoo-early-english-ship-burial\/","title":"Sutton Hoo: Inside an Early English Ship Burial","thumbnail":"https:\/\/ts2.mm.bing.net\/th?id=OIP.z2eygwslv1o84MzEma9kNwHaFx&pid=15.1","size":"750\u00d7585","desc":"","filetype":"","width":"750\u00d7585","height":null,"domain":"www.thecollector.com"},{"url":"https:\/\/images.squarespace-cdn.com\/content\/v1\/654d080e64a51407294bfe52\/b339e422-b544-4a82-bc87-fe627b7c78ad\/Follow+us+on+Facebook-68.jpg?format=1000w","link":"https:\/\/www.exploringgb.co.uk\/blog\/suttonhoodiscovery","title":"Exploring GB","thumbnail":"https:\/\/ts1.mm.bing.net\/th?id=OIP.AWapRZyK5tpBY8yPA_M8TgHaHa&pid=15.1","size":"1000\u00d71000","desc":"","filetype":"","width":"1000\u00d71000","height":null,"domain":"www.exploringgb.co.uk"},{"url":"https:\/\/www.culturefrontier.com\/wp-content\/uploads\/2023\/09\/Sutton-Hoo-Cover.jpg","link":"https:\/\/storage.googleapis.com\/dlwuguxoiphzwe\/did-basil-brown-get-buried-at-sutton-hoo.html","title":"Did Basil Brown Get Buried At Sutton Hoo at Ana Means blog","thumbnail":"https:\/\/ts2.mm.bing.net\/th?id=OIP.6WcJSzriQCoRbefoFMYxsgHaE8&pid=15.1","size":"1600\u00d71067","desc":"","filetype":"","width":"1600\u00d71067","height":null,"domain":"storage.googleapis.com"},{"url":"https:\/\/ichef.bbci.co.uk\/news\/800\/cpsprodpb\/13E33\/production\/_108195418_suttonhoohelmet_pa.jpg","link":"https:\/\/www.bbc.com\/news\/uk-england-suffolk-55652661","title":"The Dig: The Sutton Hoo Anglo Saxon treasures that inspired a Netflix","thumbnail":"https:\/\/ts1.mm.bing.net\/th?id=OIP.ggb40xyOPeeIwCSxjKZ7WAHaEK&pid=15.1","size":"800\u00d7450","desc":"","filetype":"","width":"800\u00d7450","height":null,"domain":"www.bbc.com"},{"url":"https:\/\/cdn.thecollector.com\/wp-content\/uploads\/2024\/02\/sutton_hoo_sword_harness.jpg?width=1200&quality=100&dpr=2","link":"https:\/\/www.thecollector.com\/sutton-hoo-discoveries\/","title":"10 Discoveries from Sutton Hoo\u2019s Anglo-Saxon Ship Burial | TheCollector","thumbnail":"https:\/\/ts3.mm.bing.net\/th?id=OIP.xYE1kKLXDNS8_lKylfonrQHaE6&pid=15.1","size":"1200\u00d7796","desc":"","filetype":"","width":"1200\u00d7796","height":null,"domain":"www.thecollector.com"},{"url":"https:\/\/www.culturefrontier.com\/wp-content\/uploads\/2023\/09\/Aerial-View-Sutton-Hoo-1200x783.jpg","link":"https:\/\/www.culturefrontier.com\/sutton-hoo\/","title":"What Is the Sutton Hoo Burial? A Ship in a Sea of Grass","thumbnail":"https:\/\/ts2.mm.bing.net\/th?id=OIP.Lc5UD9lyZYupdpTxD4aaKQHaE1&pid=15.1","size":"1200\u00d7783","desc":"","filetype":"","width":"1200\u00d7783","height":null,"domain":"www.culturefrontier.com"},{"url":"https:\/\/c8.alamy.com\/comp\/3DTRG84\/the-ancient-burial-mounds-at-sutton-hoo-in-suffolk-uk-site-of-the-most-important-archaeological-find-in-britian-where-an-anglo-saxon-king-was-burtri-3DTRG84.jpg","link":"https:\/\/www.alamy.com\/the-ancient-burial-mounds-at-sutton-hoo-in-suffolk-uk-site-of-the-most-important-archaeological-find-in-britian-where-an-anglo-saxon-king-was-burtri-image720894500.html","title":"The ancient burial mounds at Sutton Hoo in Suffolk, UK, site of the","thumbnail":"https:\/\/ts1.mm.bing.net\/th?id=OIP.xuKffa1J5jClYWRbsczvcAHaGE&pid=15.1","size":"1300\u00d71065","desc":"","filetype":"","width":"1300\u00d71065","height":null,"domain":"www.alamy.com"}]}