{"country":"ES","images":[{"url":"https:\/\/portadasparacuadernos.com\/wp-content\/uploads\/portadas-para-cuadernos-guerreras-k-pop-6-600x850.jpg","link":"https:\/\/portadasparacuadernos.com\/personajes\/portadas-de-guerreras-k-pop\/","title":"Portadas de Guerreras K-Pop para cuadernos 2026","thumbnail":"https:\/\/ts2.mm.bing.net\/th?id=OIP.k5_v0NYWCQk3KirNTpkXBAHaKf&pid=15.1","size":"600\u00d7850","desc":"Portadas de Guerreras K-Pop para cuadernos 2026","filetype":"","width":"600\u00d7850","height":null,"domain":"portadasparacuadernos.com"},{"url":"https:\/\/wtop.com\/wp-content\/uploads\/2023\/06\/union_station.jpg","link":"https:\/\/wtop.com\/dc\/2023\/06\/new-union-station-wants-to-make-trains-cool-and-enjoyable-again\/","title":"New Union Station wants to make trains \u2018cool and enjoyable again","thumbnail":"https:\/\/ts1.mm.bing.net\/th?id=OIP.0NRFcDu4cBkJQeofZtLyeAHaEH&pid=15.1","size":"780\u00d7433","desc":"New \ue000Union\ue001 \ue000Station\ue001 wants to make trains \u2018cool and enjoyable again ...","filetype":"","width":"780\u00d7433","height":null,"domain":"wtop.com"},{"url":"https:\/\/i.pinimg.com\/originals\/d9\/14\/3f\/d9143f9a719ec20ff4b332e22e0eee1e.png","link":"https:\/\/www.artofit.org\/image-gallery\/444871269452083069\/new-image-renders-of-dc-s-union-station-redevelopment-paint-a-picture-for-this-$10-billion-project\/","title":"New image renders of dc s union station redevelopment paint a picture","thumbnail":"https:\/\/ts3.mm.bing.net\/th?id=OIP.wvlyWh7tH_bQJH9Yi20yDQHaDi&pid=15.1","size":"1000\u00d7477","desc":"New image renders of \ue000dc\ue001 s \ue000union\ue001 \ue000station\ue001 \ue000redevelopment\ue001 paint a picture ...","filetype":"","width":"1000\u00d7477","height":null,"domain":"www.artofit.org"},{"url":"https:\/\/i.ytimg.com\/vi\/ovPLyNd5H2Q\/maxresdefault.jpg","link":"https:\/\/www.youtube.com\/watch?v=ovPLyNd5H2Q","title":"Washington DC's Latest Rail Project Coming Soon: The Purple Line - YouTube","thumbnail":"https:\/\/ts4.mm.bing.net\/th?id=OIP.4txjCsNkchcLGRXpvv_jdgHaEK&pid=15.1","size":"1280\u00d7720","desc":"\ue000Washington\ue001 \ue000DC\ue001's Latest Rail Project Coming Soon: The \ue000Purple\ue001 \ue000Line\ue001 - YouTube","filetype":"","width":"1280\u00d7720","height":null,"domain":"www.youtube.com"},{"url":"https:\/\/wjla.com\/resources\/media2\/16x9\/3000\/648\/0x157\/90\/ee3cdbc2-0da9-4197-8567-22f5e4ccfcdc-PurpleLineLRVtesting_2025_1.jpg","link":"https:\/\/wjla.com\/news\/local\/maryland-purple-line-dynamic-test-track-testing-phase-department-of-transportation-light-rail-train-wmata-metro-operators-vehicles-hours-prince-georges-montgomery-county","title":"Maryland Purple Line enters dynamic testing phase as project reaches 76","thumbnail":"https:\/\/ts4.mm.bing.net\/th?id=OIP.wVjJiC4AdCiJr4PPw3zweAHaEK&pid=15.1","size":"648\u00d7365","desc":"Maryland \ue000Purple\ue001 \ue000Line\ue001 enters dynamic testing phase as project reaches 76 ...","filetype":"","width":"648\u00d7365","height":null,"domain":"wjla.com"},{"url":"https:\/\/ggwash.org\/images\/posts\/201507-151839-4.png","link":"https:\/\/ggwash.org\/view\/64576\/will-the-purple-line-rerun","title":"Will the Purple Line appear on the Metro map? \u2013 Greater Greater Washington","thumbnail":"https:\/\/ts3.mm.bing.net\/th?id=OIP.PGlgiErAdYlXb_RoEE18BwHaGj&pid=15.1","size":"1074\u00d7950","desc":"Will the \ue000Purple\ue001 \ue000Line\ue001 appear on the \ue000Metro\ue001 map? \u2013 Greater Greater \ue000Washington\ue001","filetype":"","width":"1074\u00d7950","height":null,"domain":"ggwash.org"},{"url":"https:\/\/media.nbcwashington.com\/2024\/07\/09_LRV-outdoor.jpg?quality=85&strip=all&resize=1200%2C675","link":"https:\/\/www.nbcwashington.com\/news\/local\/transportation\/first-look-maryland-department-of-transportation-unveils-first-purple-line-light-rail-vehicle\/3661918\/","title":"First Look: Purple Line light rail vehicle unveiled \u2013 NBC4 Washington","thumbnail":"https:\/\/ts1.mm.bing.net\/th?id=OIP.FpiWQCFXQ4u_5PpGjGNQzwHaEK&pid=15.1","size":"1200\u00d7675","desc":"First Look: \ue000Purple\ue001 \ue000Line\ue001 light rail vehicle unveiled \u2013 NBC4 \ue000Washington\ue001","filetype":"","width":"1200\u00d7675","height":null,"domain":"www.nbcwashington.com"},{"url":"https:\/\/media.nbcwashington.com\/2024\/03\/29719390619-1080pnbcstations.jpg?quality=85&strip=all&resize=1200%2C675","link":"https:\/\/www.nbcwashington.com\/video\/news\/local\/transportation\/union-station-redevelopment-moves-forward\/3568532\/","title":"Union Station redevelopment moves forward \u2013 NBC4 Washington","thumbnail":"https:\/\/ts3.mm.bing.net\/th?id=OIP.rIYbdkfAV-qk-3oUpyc60wHaEK&pid=15.1","size":"1200\u00d7675","desc":"\ue000Union\ue001 \ue000Station\ue001 \ue000redevelopment\ue001 moves forward \u2013 NBC4 \ue000Washington\ue001","filetype":"","width":"1200\u00d7675","height":null,"domain":"www.nbcwashington.com"},{"url":"https:\/\/wjpitch.com\/wp-content\/uploads\/2025\/06\/soDQkee6lEUUBVwAUHZduscLQsILwPXqCtqNZnMc.jpg","link":"https:\/\/wjpitch.com\/top-stories\/2024\/03\/08\/wj-through-the-decades-then-now-and-always\/","title":"WJ through the decades: Then, now and always \u2013 The Pitch","thumbnail":"https:\/\/ts1.mm.bing.net\/th?id=OIP.OIZrHJUkKW2T4hDByte2FgHaEK&pid=15.1","size":"1140\u00d7641","desc":"WJ through the decades: Then, now and always \u2013 The Pitch","filetype":"","width":"1140\u00d7641","height":null,"domain":"wjpitch.com"},{"url":"https:\/\/img.masstransitmag.com\/files\/base\/cygnus\/mass\/image\/2025\/09\/68d152391ad546c8ffa0e4dd-68b059b72e5dde83d9bcc0b3dreamstime_l_92548702_1.png?auto=format,compress&fit=fill&fill=blur&w=1200&h=630","link":"https:\/\/www.masstransitmag.com\/technology\/facilities\/shelters-stations-fixtures-parking-lighting\/news\/55318170\/us-department-of-transportation-dot-amtrak-union-station-redevelopment-corporation-board-agree-to-restore-usdots-control-of-washington-union-station","title":"Amtrak, Union Station Redevelopment Corporation Board agree to restore","thumbnail":"https:\/\/ts3.mm.bing.net\/th?id=OIP.fEcwOU0ohIGg90CHByiI3gEsCd&pid=15.1","size":"1200\u00d7630","desc":"Amtrak, \ue000Union\ue001 \ue000Station\ue001 \ue000Redevelopment\ue001 Corporation Board agree to restore ...","filetype":"","width":"1200\u00d7630","height":null,"domain":"www.masstransitmag.com"},{"url":"https:\/\/nextcity.org\/images\/made\/Maryland_PurpleLine_920_544_80.jpg","link":"https:\/\/nextcity.org\/urbanist-news\/maryland-purple-line-delay-sao-paulo-rapid-transit-new-bangkok-metro","title":"D.C. Metro Woes May Claim Maryland Purple Line as a Casualty","thumbnail":"https:\/\/ts1.mm.bing.net\/th?id=OIP.otlD9aY77h6pRl57xFRDtAHaEY&pid=15.1","size":"920\u00d7544","desc":"\ue000D.C\ue001. \ue000Metro\ue001 Woes May Claim Maryland \ue000Purple\ue001 \ue000Line\ue001 as a Casualty","filetype":"","width":"920\u00d7544","height":null,"domain":"nextcity.org"},{"url":"https:\/\/i.ytimg.com\/vi\/AqnyN6qfQUI\/maxresdefault.jpg","link":"https:\/\/www.youtube.com\/watch?v=AqnyN6qfQUI","title":"Union Station redevelopment progressing with completion of new design","thumbnail":"https:\/\/ts4.mm.bing.net\/th?id=OIP.DWxZbdbNCK6pH8OunB9XWQHaEK&pid=15.1","size":"1280\u00d7720","desc":"\ue000Union\ue001 \ue000Station\ue001 \ue000redevelopment\ue001 progressing with completion of new design ...","filetype":"","width":"1280\u00d7720","height":null,"domain":"www.youtube.com"},{"url":"https:\/\/ggwash.org\/images\/posts\/201507-161150.png","link":"https:\/\/ggwash.org\/view\/40319\/2015s-greatest-hits-will-the-purple-line-appear-on-the-metro-map","title":"2015\u2019s greatest hits: Will the Purple Line appear on the Metro map","thumbnail":"https:\/\/ts2.mm.bing.net\/th?id=OIP.gnnvlbIXwTlJkjK8T2uaxQHaG1&pid=15.1","size":"500\u00d7461","desc":"2015\u2019s greatest hits: Will the \ue000Purple\ue001 \ue000Line\ue001 appear on the \ue000Metro\ue001 map ...","filetype":"","width":"500\u00d7461","height":null,"domain":"ggwash.org"},{"url":"https:\/\/pbs.twimg.com\/media\/HIJEMWeX0AADgV1.jpg","link":"https:\/\/x.com\/ByERussell\/status\/2054279384605794445","title":"WMATA is recommending against a new station to serve the northern side","thumbnail":"https:\/\/ts2.mm.bing.net\/th?id=OIP.irERLm37UNo-Ret2NUtM9gHaEJ&pid=15.1","size":"1200\u00d7672","desc":"WMATA is recommending against a new \ue000station\ue001 to serve the northern side ...","filetype":"","width":"1200\u00d7672","height":null,"domain":"x.com"},{"url":"https:\/\/www.washingtonpost.com\/graphics\/local\/purple-line\/images\/purple-line-promo.jpg","link":"https:\/\/www.washingtonpost.com\/graphics\/local\/purple-line\/","title":"Mapping the Purple Line - Washington Post","thumbnail":"https:\/\/ts3.mm.bing.net\/th?id=OIP.px78neaK_ulqRUGpOEZTpQHaE8&pid=15.1","size":"569\u00d7380","desc":"Mapping the \ue000Purple\ue001 \ue000Line\ue001 - \ue000Washington\ue001 Post","filetype":"","width":"569\u00d7380","height":null,"domain":"www.washingtonpost.com"},{"url":"https:\/\/www.enr.com\/ext\/resources\/2025\/01\/21\/Long_Bridge_Potomac_render_ENRweb.jpg?1737829586","link":"https:\/\/www.enr.com\/articles\/60200-virginia-names-contractors-for-23b-potomac-river-rail-pedestrian-bridges","title":"Virginia Names Contractors for $2.3B Potomac River Rail, Pedestrian","thumbnail":"https:\/\/ts1.mm.bing.net\/th?id=OIP.1eO7Uzfu9CtEMbL-Lv8ISwHaEK&pid=15.1","size":"780\u00d7439","desc":"Virginia Names Contractors for $2.3B Potomac River Rail, Pedestrian ...","filetype":"","width":"780\u00d7439","height":null,"domain":"www.enr.com"},{"url":"https:\/\/pbs.twimg.com\/media\/HIJEMVuWoAAMKe-.jpg","link":"https:\/\/x.com\/ByERussell\/status\/2054279384605794445","title":"WMATA is recommending against a new station to serve the northern side","thumbnail":"https:\/\/ts4.mm.bing.net\/th?id=OIP.Yv1_va5SlwqtLm8FAqtRRAHaEK&pid=15.1","size":"1199\u00d7675","desc":"WMATA is recommending against a new \ue000station\ue001 to serve the northern side ...","filetype":"","width":"1199\u00d7675","height":null,"domain":"x.com"},{"url":"https:\/\/images.adsttc.com\/media\/images\/5705\/36c7\/e58e\/ce85\/8d00\/021d\/large_jpg\/08_Stitch_Design_Concept_View_from_East_Copyright_OMA_Rendering_by_Robota.jpg?1459959467","link":"https:\/\/www.archdaily.com.br\/br\/785813\/oma-revelas-as-plantas-para-o-restauracao-do-estadio-do-campus-washington-dcs-rfk-stadium-campus","title":"OMA divulga projeto de recupera\u00e7\u00e3o do est\u00e1dio Robert F. Kennedy","thumbnail":"https:\/\/ts2.mm.bing.net\/th?id=OIP.fnm7EUA0bDyFRlLcsBYgqgHaEI&pid=15.1","size":"2000\u00d71114","desc":"OMA divulga projeto de recupera\u00e7\u00e3o do est\u00e1dio Robert F. Kennedy ...","filetype":"","width":"2000\u00d71114","height":null,"domain":"www.archdaily.com.br"},{"url":"https:\/\/i.pinimg.com\/originals\/ec\/e2\/48\/ece2485b5b06f34d6dc3c6ef9afb146f.jpg","link":"https:\/\/www.pinterest.com\/pin\/washington-dc-metro-map-h-streetbenning-and-the-purple-line-expansion--370984088063002947\/","title":"Washington DC Metro Map: H Street-Benning and the Purple Line Expansion","thumbnail":"https:\/\/ts4.mm.bing.net\/th?id=OIP.2dC5VU2IH3YsfAlAGAOInAHaF-&pid=15.1","size":"2048\u00d71651","desc":"\ue000Washington\ue001 \ue000DC\ue001 \ue000Metro\ue001 Map: H Street-Benning and the \ue000Purple\ue001 \ue000Line\ue001 Expansion ...","filetype":"","width":"2048\u00d71651","height":null,"domain":"www.pinterest.com"},{"url":"https:\/\/ggwash.org\/images\/posts\/201507-purplepaint.png","link":"https:\/\/ggwash.org\/view\/42492\/ludicrous-ruling-could-delay-or-scuttle-the-purple-line","title":"\u201cLudicrous\u201d ruling could delay or scuttle the Purple Line \u2013 Greater","thumbnail":"https:\/\/ts2.mm.bing.net\/th?id=OIP.LrKfrlVX_ICTgntKY-RgwQHaDz&pid=15.1","size":"500\u00d7257","desc":"\u201cLudicrous\u201d ruling could delay or scuttle the \ue000Purple\ue001 \ue000Line\ue001 \u2013 Greater ...","filetype":"","width":"500\u00d7257","height":null,"domain":"ggwash.org"},{"url":"https:\/\/media.wusa9.com\/assets\/WUSA\/images\/28a6acfe-8530-4c5a-b34f-75afb3824479\/20240711T161716\/28a6acfe-8530-4c5a-b34f-75afb3824479_1920x1080.jpg","link":"https:\/\/www.wusa9.com\/article\/traffic\/mission-metro\/purple-line-unveiling\/65-58d8bf59-b696-4fac-8b34-12266678c30d","title":"Maryland's Purple Line light rail vehicles unveiled | wusa9.com","thumbnail":"https:\/\/ts1.mm.bing.net\/th?id=OIP.dW1GfGHc3Bhs-rygYddh3gHaEK&pid=15.1","size":"1920\u00d71080","desc":"Maryland's \ue000Purple\ue001 \ue000Line\ue001 light rail vehicles unveiled | \ue000wusa9.com\ue001","filetype":"","width":"1920\u00d71080","height":null,"domain":"www.wusa9.com"},{"url":"https:\/\/c8.alamy.com\/comp\/2ACEKN2\/washington-dc-metro-station-2ACEKN2.jpg","link":"https:\/\/storage.googleapis.com\/ddnjlbgdaeqcae\/washington-metro-union-station.html","title":"Washington Metro Union Station at Alan Rayl blog","thumbnail":"https:\/\/ts1.mm.bing.net\/th?id=OIP.fxV2i7PtTNLWEv0QoVcNeAHaFc&pid=15.1","size":"1300\u00d7956","desc":"\ue000Washington\ue001 \ue000Metro\ue001 \ue000Union\ue001 \ue000Station\ue001 at Alan Rayl blog","filetype":"","width":"1300\u00d7956","height":null,"domain":"storage.googleapis.com"},{"url":"https:\/\/img-s-msn-com.akamaized.net\/tenant\/amp\/entityid\/AA23drpZ.img?w=750&h=422&m=6","link":"https:\/\/www.msn.com\/en-us\/urban-infrastructure\/public-buildings-and-spaces\/we-were-promised-this-pot-of-gold-ward-7-neighbors-pushback-against-plan-to-not-build-a-new-metro-station-at-dc-s-rfk-site\/ar-AA23dweJ","title":"'We were promised this pot of gold' | Ward 7 neighbors pushback against","thumbnail":"https:\/\/ts3.mm.bing.net\/th?id=OIP.hnf5Hh-Qg0HKXNdSOFnH3QHaEK&pid=15.1","size":"750\u00d7422","desc":"'We were promised this pot of gold' | Ward 7 neighbors pushback against ...","filetype":"","width":"750\u00d7422","height":null,"domain":"www.msn.com"},{"url":"https:\/\/commercialobserver.com\/wp-content\/uploads\/sites\/3\/2024\/03\/Union-Station-Train-Hall-East68.jpg?quality=80&w=355&h=285&crop=1","link":"https:\/\/commercialobserver.com\/infrastructure\/railways\/","title":"Railway Infrastructure Real Estate News & Market Analysis | Commercial","thumbnail":"https:\/\/ts1.mm.bing.net\/th?id=OIP.yp06madQhqxyOoVwiTrP9AAAAA&pid=15.1","size":"355\u00d7285","desc":"Railway \ue000Infrastructure\ue001 Real Estate News & Market Analysis | Commercial ...","filetype":"","width":"355\u00d7285","height":null,"domain":"commercialobserver.com"},{"url":"https:\/\/images.axios.com\/o-7mG3Pp6bfipVwt2uQ3L0wKVng=\/0x0:1366x768\/1920x1080\/2023\/09\/25\/1695676427314.png","link":"https:\/\/fity.club\/lists\/suggestions\/dc-street-map-with-metro-stations\/","title":"Dc Street Map With Metro Stations Next Generation' Metro Plan Includes","thumbnail":"https:\/\/ts1.mm.bing.net\/th?id=OIP.gcLqAS1_CQffnUl8aNlncwHaEK&pid=15.1","size":"1920\u00d71080","desc":"\ue000Dc\ue001 Street Map With \ue000Metro\ue001 Stations Next Generation' \ue000Metro\ue001 Plan Includes","filetype":"","width":"1920\u00d71080","height":null,"domain":"fity.club"},{"url":"https:\/\/media.nbcwashington.com\/2025\/10\/Metro-to-consider-new-secondary-station-at-RFK-Stadium.jpg?quality=85&strip=all&resize=1200%2C675","link":"https:\/\/www.nbcwashington.com\/news\/local\/transportation\/should-the-new-rfk-stadium-get-a-second-metro-station\/3999360\/","title":"Should the new RFK Stadium get a second Metro station? \u2013 NBC4 Washington","thumbnail":"https:\/\/ts1.mm.bing.net\/th?id=OIP.S-YOLVHk1jIVf4xGc0wzKgHaEK&pid=15.1","size":"1200\u00d7675","desc":"Should the new \ue000RFK\ue001 Stadium get a second \ue000Metro\ue001 \ue000station\ue001? \u2013 NBC4 \ue000Washington\ue001","filetype":"","width":"1200\u00d7675","height":null,"domain":"www.nbcwashington.com"},{"url":"https:\/\/washingtonmetromap.us\/wp-content\/uploads\/2024\/07\/DC-Metro-Lines-Metro-Map-1024x618.webp","link":"https:\/\/washingtonmetromap.us\/","title":"DC Metro Map 2026","thumbnail":"https:\/\/ts4.mm.bing.net\/th?id=OIP.piDcfzohRRx_lSVSa3A_zwHaEe&pid=15.1","size":"1024\u00d7618","desc":"\ue000DC\ue001 \ue000Metro\ue001 Map 2026","filetype":"","width":"1024\u00d7618","height":null,"domain":"washingtonmetromap.us"},{"url":"https:\/\/pbs.twimg.com\/card_img\/2054305677766434817\/mlRGaWfC?format=jpg&name=orig","link":"https:\/\/x.com\/barnardfox5dc\/status\/2054369870553231585","title":"A new feasibility study by @wmata does not include a new rail station","thumbnail":"https:\/\/ts3.mm.bing.net\/th?id=OIP.xBE5TYnhsL0GsSYB6VjsJgHaEK&pid=15.1","size":"1280\u00d7720","desc":"A new feasibility study by @wmata does not include a new rail \ue000station\ue001 ...","filetype":"","width":"1280\u00d7720","height":null,"domain":"x.com"},{"url":"https:\/\/www.tripsavvy.com\/thmb\/INGMHLEJqm2e9C3lMqLp0xg2NV8=\/767x413\/filters:fill(auto,1)\/Metro_Purple_Line2-57adf9583df78cd39c6bdc67.jpg","link":"https:\/\/shellysavonlea.net\/maryland-purple-line-light-rail-transit-project\/","title":"Maryland Purple Line Light Rail Transit Project | Shelly Lighting","thumbnail":"https:\/\/ts1.mm.bing.net\/th?id=OIP.m_wHs8YDyZcc8HLk25mLFAHaD_&pid=15.1","size":"767\u00d7413","desc":"Maryland \ue000Purple\ue001 \ue000Line\ue001 Light Rail Transit Project | Shelly Lighting","filetype":"","width":"767\u00d7413","height":null,"domain":"shellysavonlea.net"},{"url":"https:\/\/wjla.com\/resources\/media\/a0344888-5484-4601-93f8-062f6d074b77-large16x9_UNIONSTATIONPKG5PM_frame_392.jpeg","link":"https:\/\/wjla.com\/news\/local\/union-station-redevelopment-renovation-expansion-renovate-modernize-redevelopment-corporation-federal-railroad-administration-rebuilding-process-washington-dc-dmv","title":"Union Station redevelopment progressing with completion of new design study","thumbnail":"https:\/\/ts4.mm.bing.net\/th?id=OIP.galrYwgfoZwKmD9fr_S5wgHaEK&pid=15.1","size":"986\u00d7555","desc":"\ue000Union\ue001 \ue000Station\ue001 \ue000redevelopment\ue001 progressing with completion of new design study","filetype":"","width":"986\u00d7555","height":null,"domain":"wjla.com"},{"url":"https:\/\/ihitthebutton.com\/wp-content\/uploads\/2022\/07\/union-station-dc-2048x1152.jpg","link":"https:\/\/ihitthebutton.com\/union-station-dc\/","title":"Union Station in Washington DC (DC Photo Guide)","thumbnail":"https:\/\/ts1.mm.bing.net\/th?id=OIP.Mhjf9Zb5JWcQXkojYOvphwHaEK&pid=15.1","size":"2048\u00d71152","desc":"\ue000Union\ue001 \ue000Station\ue001 in \ue000Washington\ue001 \ue000DC\ue001 (\ue000DC\ue001 Photo Guide)","filetype":"","width":"2048\u00d71152","height":null,"domain":"ihitthebutton.com"},{"url":"https:\/\/www.dcnewsnow.com\/wp-content\/uploads\/sites\/14\/2026\/07\/AP25343811876124.jpg","link":"https:\/\/www.dcnewsnow.com\/news\/local-news\/washington-dc\/exclusive-dc-national-guard-planning-to-leave-historic-armory-as-rfk-redevelopment-moves-forward\/","title":"DC National Guard planning to leave historic Armory as RFK site","thumbnail":"https:\/\/ts4.mm.bing.net\/th?id=OIP.EpkcJmvrKwIAf9JUrqWbHgHaE7&pid=15.1","size":"4127\u00d72751","desc":"\ue000DC\ue001 National Guard planning to leave historic Armory as \ue000RFK\ue001 site ...","filetype":"","width":"4127\u00d72751","height":null,"domain":"www.dcnewsnow.com"},{"url":"https:\/\/media-cldnry.s-nbcnews.com\/image\/upload\/t_fit-760w,f_auto,q_auto:best\/rockcms\/2025-08\/250827-union-station-washington-mn-1055-3feeb6.jpg","link":"https:\/\/www.nbcnews.com\/politics\/white-house\/sean-duffy-transportation-department-take-over-dc-union-station-amtrak-rcna227461","title":"Transportation Department announces plans to take over D.C.'s Union Station","thumbnail":"https:\/\/ts4.mm.bing.net\/th?id=OIP.oJAyoCROFXqtua3osRuU0QHaE8&pid=15.1","size":"760\u00d7507","desc":"Transportation Department announces plans to take over \ue000D.C\ue001.'s \ue000Union\ue001 \ue000Station\ue001","filetype":"","width":"760\u00d7507","height":null,"domain":"www.nbcnews.com"},{"url":"https:\/\/media.glassdoor.com\/l\/e6\/0f\/c7\/55\/washington-union-station.jpg","link":"https:\/\/www.glassdoor.co.in\/Photos\/Union-Station-Redevelopment-Office-Photos-IMG13203809.htm","title":"Union Station Redevelopment Office Photos","thumbnail":"https:\/\/ts3.mm.bing.net\/th?id=OIP.oT2HNzOeAu-v1ru127s3BgHaEv&pid=15.1","size":"1000\u00d7640","desc":"\ue000Union\ue001 \ue000Station\ue001 \ue000Redevelopment\ue001 Office Photos","filetype":"","width":"1000\u00d7640","height":null,"domain":"www.glassdoor.co.in"},{"url":"https:\/\/wtop.com\/wp-content\/uploads\/2026\/01\/5_Conceptual-view-from-East-at-night-scaled-e1778614531718.jpg","link":"https:\/\/wtop.com\/dc\/2026\/05\/no-new-metro-station-planned-for-rfk-stadium-site-but-new-gold-line-bus-service-proposed-to-handle-crowds\/","title":"No new Metro station planned for RFK Stadium site, but new Gold Line","thumbnail":"https:\/\/ts1.mm.bing.net\/th?id=OIP.KOdwToyBZM6Jb1l5I8o2ZQAAAA&pid=15.1","size":"474\u00d7315","desc":"No new \ue000Metro\ue001 \ue000station\ue001 planned for \ue000RFK\ue001 Stadium site, but new Gold \ue000Line\ue001 ...","filetype":"","width":"474\u00d7315","height":null,"domain":"wtop.com"},{"url":"https:\/\/www.enr.com\/ext\/resources\/2026\/07\/02\/RFK-Master-Plan-1.webp?t=1783004801","link":"https:\/\/www.enr.com\/articles\/63263-dcs-rfk-campus-master-plan-maps-streets-transit-and-utility-work","title":"D.C.'s RFK Campus Master Plan Maps Streets, Transit and Utility Work","thumbnail":"https:\/\/ts3.mm.bing.net\/th?id=OIP.DnFdRrlpwq5KMHS_jU3PqQHaEh&pid=15.1","size":"900\u00d7550","desc":"\ue000D.C\ue001.'s \ue000RFK\ue001 Campus Master Plan Maps Streets, Transit and Utility Work ...","filetype":"","width":"900\u00d7550","height":null,"domain":"www.enr.com"},{"url":"https:\/\/washingtonmetromap.us\/wp-content\/uploads\/2025\/12\/DC-Metro-Map-2026-\u2013-Full-Guide-to-DC-Metro-System-With-PDF-Download.png","link":"https:\/\/washingtonmetromap.us\/","title":"DC Metro Map 2026","thumbnail":"https:\/\/ts3.mm.bing.net\/th?id=OIP.AOGqNukYkOgybtlGB9keGAHaFj&pid=15.1","size":"910\u00d7682","desc":"\ue000DC\ue001 \ue000Metro\ue001 Map 2026","filetype":"","width":"910\u00d7682","height":null,"domain":"washingtonmetromap.us"},{"url":"https:\/\/stadiumdb.com\/pic-projects\/rfk_national_stadium\/rfk_national_stadium01.jpg","link":"https:\/\/stadiumdb.com\/designs\/usa\/rfk_national_stadium","title":"Design: RFK National Stadium \u2013 StadiumDB.com","thumbnail":"https:\/\/ts1.mm.bing.net\/th?id=OIP.bWihCw-Ea2UM1bnb9Yy3DgHaEh&pid=15.1","size":"1637\u00d71000","desc":"Design: \ue000RFK\ue001 National Stadium \u2013 StadiumDB.com","filetype":"","width":"1637\u00d71000","height":null,"domain":"stadiumdb.com"},{"url":"https:\/\/www.railfanguides.us\/dc\/map1\/us2.jpg","link":"https:\/\/storage.googleapis.com\/ddnjlbgdaeqcae\/washington-metro-union-station.html","title":"Washington Metro Union Station at Alan Rayl blog","thumbnail":"https:\/\/ts3.mm.bing.net\/th?id=OIP.6upAEV9MJcDD_1jOM5B8YQHaMg&pid=15.1","size":"2415\u00d74078","desc":"\ue000Washington\ue001 \ue000Metro\ue001 \ue000Union\ue001 \ue000Station\ue001 at Alan Rayl blog","filetype":"","width":"2415\u00d74078","height":null,"domain":"storage.googleapis.com"},{"url":"https:\/\/www.trains.com\/wp-content\/uploads\/2023\/07\/TRN_Metro_Expansion_1.jpg","link":"https:\/\/focus.sandbachchoral.co.uk\/washington-train-map-dc-metro-map\/","title":"Washington Train Map \u2013 DC Metro Map \u2013 BKYJL","thumbnail":"https:\/\/ts1.mm.bing.net\/th?id=OIP.xaGlR7Z2JC553yDymAuhRwHaHY&pid=15.1","size":"797\u00d7795","desc":"\ue000Washington\ue001 Train Map \u2013 \ue000DC\ue001 \ue000Metro\ue001 Map \u2013 BKYJL","filetype":"","width":"797\u00d7795","height":null,"domain":"focus.sandbachchoral.co.uk"},{"url":"https:\/\/i.ytimg.com\/vi\/Upi5PNza5dQ\/maxresdefault.jpg","link":"https:\/\/www.youtube.com\/watch?v=Upi5PNza5dQ","title":"Metro Purple (D Line) Extension Century City Constellation Station","thumbnail":"https:\/\/ts4.mm.bing.net\/th?id=OIP.-w0Mrcv6powPnkJRGk56SAHaEK&pid=15.1","size":"1280\u00d7720","desc":"\ue000Metro\ue001 \ue000Purple\ue001 (D \ue000Line\ue001) Extension Century City Constellation \ue000Station\ue001 ...","filetype":"","width":"1280\u00d7720","height":null,"domain":"www.youtube.com"},{"url":"https:\/\/blogger.googleusercontent.com\/img\/b\/R29vZ2xl\/AVvXsEhLAm0uamNXvZXCvkkWTVAOsAQHmwYcwdpd-6h7Re0rAliMThYASl6VI_3hKj89J7PwI3_keG8xJB67BTVE0Ssfnb1Qvib1MisvOT_PqJE8OOBTnGwr-5hIqEbnfQDNOeKuKot0ZU-bugxWOXyYQecWg0Nhpl86igJOq_1uLvKpiag6gd1xLfjU-kEiXhfn\/s1606\/Carl\u00e9s P\u00e9rez Aris 1.jpg","link":"http:\/\/www.moiceleste.com\/2025\/07\/aris-y-celta-se-contradicen-con-la.html","title":"Aris y Celta se contradicen con la opci\u00f3n de compra de Carles P\u00e9rez","thumbnail":"https:\/\/ts1.mm.bing.net\/th?id=OIP.83DVUi1tKCg5g2sT93_MCwHaIQ&pid=15.1","size":"1440\u00d71606","desc":"Aris y Celta se contradicen con la opci\u00f3n de compra de \ue000Carles\ue001 P\u00e9rez ...","filetype":"","width":"1440\u00d71606","height":null,"domain":"www.moiceleste.com"},{"url":"https:\/\/assets.calciomercato.com\/images\/v3\/bltca144e84c50946c0\/GOAL - Blank WEB - Facebook (46).jpg?quality=60&auto=webp&format=pjpg&width=1400","link":"https:\/\/www.calciomercato.com\/liste\/carles-perez-sta-meglio-dopo-il-morso-del-cane-i-genitali-sono-salvi-non-si-opera-e-le-cure-proseguono-a-casa\/blt202e297d3fc07142","title":"Carles Perez sta meglio dopo il morso del cane: i genitali sono salvi","thumbnail":"https:\/\/ts4.mm.bing.net\/th?id=OIP.PqlXdEhoYq-JWMFin5noGAHaEK&pid=15.1","size":"1400\u00d7788","desc":"\ue000Carles\ue001 \ue000Perez\ue001 sta meglio dopo il morso del cane: i genitali sono salvi ...","filetype":"","width":"1400\u00d7788","height":null,"domain":"www.calciomercato.com"},{"url":"https:\/\/pbs.twimg.com\/media\/ELdY1GTWoAAYcbC?format=jpg&name=medium","link":"https:\/\/www.tribunnewswiki.com\/2019\/12\/18\/carles-perez","title":"Carles Perez - TribunnewsWiki.com","thumbnail":"https:\/\/ts3.mm.bing.net\/th?id=OIP.tX5_Sg04x14sdIPlzTswZAHaHa&pid=15.1","size":"1080\u00d71080","desc":"\ue000Carles\ue001 \ue000Perez\ue001 - TribunnewsWiki.com","filetype":"","width":"1080\u00d71080","height":null,"domain":"www.tribunnewswiki.com"},{"url":"https:\/\/e00-xlk-ue-marca.uecdn.es\/uploads\/2025\/01\/06\/677c1efa7606d.jpeg","link":"https:\/\/getafeweb.mforos.com\/2148593\/13225844-carles-perez-sayol-2024-2025\/","title":"FORO DEL GETAFE C.F. (GETAFEWEB) - CARLES P\u00c9REZ Sayol >>> {(2024-2025","thumbnail":"https:\/\/ts2.mm.bing.net\/th?id=OIP.0EHbLmQxfp_g-7nui_WoagHaHa&pid=15.1","size":"1500\u00d71500","desc":"FORO DEL GETAFE C.F. (GETAFEWEB) - \ue000CARLES\ue001 P\u00c9REZ Sayol >>> {(2024-2025 ...","filetype":"","width":"1500\u00d71500","height":null,"domain":"getafeweb.mforos.com"},{"url":"https:\/\/www.mundodeportivo.com\/uploads\/2023\/07\/13\/64afe9a1895ee.jpeg","link":"https:\/\/www.mundodeportivo.com\/futbol\/getafe\/20240730\/1002290287\/carles-perez-nuevo-jugador-getafe.html","title":"Carles P\u00e9rez, nuevo jugador del Getafe","thumbnail":"https:\/\/ts1.mm.bing.net\/th?id=OIP.qDHDOj0p1WNfmsz3_oKaogHaIP&pid=15.1","size":"1697\u00d71888","desc":"\ue000Carles\ue001 P\u00e9rez, nuevo jugador del Getafe","filetype":"","width":"1697\u00d71888","height":null,"domain":"www.mundodeportivo.com"},{"url":"https:\/\/c8.alamy.com\/comp\/2KCCKKA\/carles-perez-of-as-roma-looks-on-during-the-serie-a-match-between-as-roma-and-bologna-fc-at-stadio-olimpico-rome-italy-on-11-april-2021-photo-by-giuseppe-maffianurphoto-2KCCKKA.jpg","link":"https:\/\/www.alamy.com\/carles-perez-of-as-roma-looks-on-during-the-serie-a-match-between-as-roma-and-bologna-fc-at-stadio-olimpico-rome-italy-on-11-april-2021-photo-by-giuseppe-maffianurphoto-image489545038.html","title":"Carles Perez of AS Roma looks on during the Serie A match between AS","thumbnail":"https:\/\/ts1.mm.bing.net\/th?id=OIP.bCFotG_MDetwHxx69E49JgHaFc&pid=15.1","size":"1300\u00d7956","desc":"\ue000Carles\ue001 \ue000Perez\ue001 of AS Roma looks on during the Serie A match between AS ...","filetype":"","width":"1300\u00d7956","height":null,"domain":"www.alamy.com"},{"url":"https:\/\/c8.alamy.com\/comp\/2H8PMPH\/stadio-olimpico-rome-italy-28th-nov-2021-serie-a-football-league-roma-versus-torino-mergim-vojvoda-of-fc-torino-and-carles-perez-of-as-roma-and-sasa-lukic-of-fc-torino-credit-action-plus-sportsalamy-live-news-2H8PMPH.jpg","link":"https:\/\/www.alamy.com\/stadio-olimpico-rome-italy-28th-nov-2021-serie-a-football-league-roma-versus-torino-mergim-vojvoda-of-fc-torino-and-carles-perez-of-as-roma-and-sasa-lukic-of-fc-torino-credit-action-plus-sportsalamy-live-news-image452886073.html","title":"Stadio Olimpico, Rome, Italy. 28th Nov, 2021. Serie A football league","thumbnail":"https:\/\/ts1.mm.bing.net\/th?id=OIP.6teUO8duqOxfSWiMJ_QhDAHaFc&pid=15.1","size":"1300\u00d7956","desc":"Stadio Olimpico, Rome, Italy. 28th Nov, 2021. Serie A football league ...","filetype":"","width":"1300\u00d7956","height":null,"domain":"www.alamy.com"},{"url":"https:\/\/www.elnacional.cat\/uploads\/s1\/53\/90\/87\/52\/europapress-2335271-25-august-2019-spain-barcelona-fc-barcelonas-carles-perez-celebrates.jpeg","link":"https:\/\/www.elnacional.cat\/ca\/esports\/carles-perez-exjugador-barca-desmenteix-haver-sigut-atacat-gos-genitals_1461300_102.html","title":"Carles P\u00e9rez, exjugador del Bar\u00e7a, desmenteix haver sigut atacat per un","thumbnail":"https:\/\/ts1.mm.bing.net\/th?id=OIP.DARf3r3lCYIOQcgM3OgRMgHaE8&pid=15.1","size":"1920\u00d71280","desc":"\ue000Carles\ue001 P\u00e9rez, exjugador del Bar\u00e7a, desmenteix haver sigut atacat per un ...","filetype":"","width":"1920\u00d71280","height":null,"domain":"www.elnacional.cat"},{"url":"https:\/\/phantom-marca.unidadeditorial.es\/e95c87141cece01beb701f1380673b43\/resize\/1320\/f\/jpg\/assets\/multimedia\/imagenes\/2022\/10\/08\/16652506112253.jpg","link":"https:\/\/www.marca.com\/futbol\/barcelona\/2022\/10\/08\/6341b5a4268e3e7d758b456c.html","title":"FC Barcelona: Carles P\u00e9rez vuelve a 'su' casa | Marca","thumbnail":"https:\/\/ts3.mm.bing.net\/th?id=OIP.KbQj6oaiHAJdcYSFrqeFwgHaE8&pid=15.1","size":"1320\u00d7880","desc":"\ue000FC\ue001 Barcelona: \ue000Carles\ue001 P\u00e9rez vuelve a 'su' casa | Marca","filetype":"","width":"1320\u00d7880","height":null,"domain":"www.marca.com"},{"url":"https:\/\/fotografias-2.larazon.es\/clipping\/cmsimages01\/2025\/07\/30\/173537D6-E457-4317-946A-04532B1592F3\/futbolista-carles-perez-hospitalizado-ser-mordido-perro-genitales_98.jpg?crop=1366,769,x0,y301&width=1900&height=1069&optimize=low&format=webply","link":"https:\/\/www.larazon.es\/deportes\/futbol\/futbolista-carles-perez-hospitalizado-ser-mordido-perro-genitales_20250730688a544fabb2960d1fba17c1.html","title":"El futbolista Carles P\u00e9rez, hospitalizado al ser mordido por un perro","thumbnail":"https:\/\/ts4.mm.bing.net\/th?id=OIP.mYcHDRdyxMDudbiUNUusvgHaEK&pid=15.1","size":"1900\u00d71069","desc":"El futbolista \ue000Carles\ue001 P\u00e9rez, hospitalizado al ser mordido por un perro ...","filetype":"","width":"1900\u00d71069","height":null,"domain":"www.larazon.es"},{"url":"https:\/\/bolanarede.pt\/wp-content\/uploads\/2024\/07\/Carles-Perez.jpg","link":"https:\/\/bolanarede.pt\/especial-bola-na-rede\/atualidade\/carles-perez-e-o-novo-avancado-do-getafe\/","title":"Carles P\u00e9rez \u00e9 o novo avan\u00e7ado do Getafe","thumbnail":"https:\/\/ts2.mm.bing.net\/th?id=OIP.XyygkbW0DktvH5h5-yW7_gHaEK&pid=15.1","size":"1920\u00d71080","desc":"\ue000Carles\ue001 P\u00e9rez \u00e9 o novo avan\u00e7ado do Getafe","filetype":"","width":"1920\u00d71080","height":null,"domain":"bolanarede.pt"},{"url":"https:\/\/pictures.tribuna.com\/image\/90ef7daa-b726-405c-84d4-dae1212b55ca?width=1920&quality=70","link":"https:\/\/tribuna.com\/fr\/news\/2025-07-31-lancien-joueur-du-fc-barcelone-carles-perez-sort-de-lhopital-apres-une-morsure-de-chien\/","title":"L'ancien joueur du FC Barcelone Carles P\u00e9rez sort de l'h\u00f4pital apr\u00e8s","thumbnail":"https:\/\/ts3.mm.bing.net\/th?id=OIP.Na0m1O-y5kuiYUFNLW9OMgHaD4&pid=15.1","size":"1920\u00d71008","desc":"L'ancien joueur du \ue000FC\ue001 Barcelone \ue000Carles\ue001 P\u00e9rez sort de l'h\u00f4pital apr\u00e8s ...","filetype":"","width":"1920\u00d71008","height":null,"domain":"tribuna.com"},{"url":"https:\/\/e00-elmundo.uecdn.es\/assets\/multimedia\/imagenes\/2022\/10\/08\/16652491270536.jpg","link":"https:\/\/elrincondelasalturas.foroactivo.com\/t3874-cuanto-mide-carles-perez","title":"\u00bfCu\u00e1nto mide Carles P\u00e9rez?","thumbnail":"https:\/\/ts4.mm.bing.net\/th?id=OIP.PcjE6X3o4e_FnOUXTuQ3KQHaKD&pid=15.1","size":"1097\u00d71489","desc":"\u00bfCu\u00e1nto mide \ue000Carles\ue001 P\u00e9rez?","filetype":"","width":"1097\u00d71489","height":null,"domain":"elrincondelasalturas.foroactivo.com"},{"url":"https:\/\/img.asmedia.epimg.net\/resizer\/v2\/TY7ON7A7IRHMVOXRN6JVQN5R4A.jpg?auth=e6925dd9f9541d394575921ab86dc558149dd8c9dcbb64f131035db5cda9af2e&width=1472&height=828&smart=true","link":"https:\/\/as.com\/futbol\/primera\/oficial-carles-perez-se-marcha-cedido-al-aris-griego-n\/","title":"Oficial: Carles P\u00e9rez se marcha cedido al Aris griego - AS.com","thumbnail":"https:\/\/ts4.mm.bing.net\/th?id=OIP.f0p6kdMG1BJYS0bRl51T_wHaEK&pid=15.1","size":"1472\u00d7828","desc":"Oficial: \ue000Carles\ue001 P\u00e9rez se marcha cedido al Aris griego - \ue000AS.com\ue001","filetype":"","width":"1472\u00d7828","height":null,"domain":"as.com"},{"url":"https:\/\/cdn.vox-cdn.com\/thumbor\/FjVEuwAuVe1PBdLTgoEOl_otwg0=\/0x0:3150x4724\/1200x800\/filters:focal(1314x880:1818x1384)\/cdn.vox-cdn.com\/uploads\/chorus_image\/image\/66202527\/1197554350.jpg.0.jpg","link":"https:\/\/www.barcablaugranes.com\/fc-barcelona-transfer-rumors-news\/2020\/1\/28\/21110866\/barcelona-wont-let-carles-perez-leave-without-buy-back-option-report","title":"Barcelona won\u2019t let Carles Perez leave without buy-back option - report","thumbnail":"https:\/\/ts1.mm.bing.net\/th?id=OIP.OVPsg9mAV9O7RKPYGXRGoQHaE8&pid=15.1","size":"1200\u00d7800","desc":"Barcelona won\u2019t let \ue000Carles\ue001 \ue000Perez\ue001 leave without buy-back option - report ...","filetype":"","width":"1200\u00d7800","height":null,"domain":"www.barcablaugranes.com"},{"url":"https:\/\/preview.redd.it\/presentaci\u00f3n-de-carles-p\u00e9rez-v0-6odzc9at9qbb1.jpg?auto=webp&s=7343b8c274ba1165d84fc6680d8d4b4af3580e57","link":"https:\/\/www.reddit.com\/r\/NoticiasCeltaVigo\/comments\/14yjtq8\/presentaci\u00f3n_de_carles_p\u00e9rez\/","title":"\ud83c\udf99\ufe0fPresentaci\u00f3n de Carles P\u00e9rez : r\/NoticiasCeltaVigo","thumbnail":"https:\/\/ts4.mm.bing.net\/th?id=OIP.fCaF0l-BV7tHdjxpJLU1jQHaHa&pid=15.1","size":"1080\u00d71080","desc":"\ud83c\udf99\ufe0fPresentaci\u00f3n de \ue000Carles\ue001 P\u00e9rez : r\/NoticiasCeltaVigo","filetype":"","width":"1080\u00d71080","height":null,"domain":"www.reddit.com"},{"url":"https:\/\/rccelta.es\/app\/uploads\/2025\/07\/CARLES-16-9-1.png","link":"https:\/\/rccelta.es\/en\/equipo\/actualidad\/carles-perez-to-play-on-loan-at-aris-thessaloniki\/","title":"Carles Perez to play on loan at Aris Thessaloniki | Celta","thumbnail":"https:\/\/ts3.mm.bing.net\/th?id=OIP.Ukh80us_pxZa2cwtjMLZBAHaEK&pid=15.1","size":"1920\u00d71080","desc":"\ue000Carles\ue001 \ue000Perez\ue001 to play on loan at Aris Thessaloniki | Celta","filetype":"","width":"1920\u00d71080","height":null,"domain":"rccelta.es"},{"url":"https:\/\/c8.alamy.com\/comp\/2GHFBJF\/carles-perez-of-fc-barcelona-during-the-uefa-champions-league-match-at-giuseppe-meazza-milan-picture-date-10th-december-2019-picture-credit-should-read-jonathan-moscropsportimage-via-pa-images-2GHFBJF.jpg","link":"https:\/\/www.alamy.com\/carles-perez-of-fc-barcelona-during-the-uefa-champions-league-match-at-giuseppe-meazza-milan-picture-date-10th-december-2019-picture-credit-should-read-jonathan-moscropsportimage-via-pa-images-image441046775.html","title":"Carles Perez of FC Barcelona during the UEFA Champions League match at","thumbnail":"https:\/\/ts4.mm.bing.net\/th?id=OIP.M4_spdcj4f0eW4LkxglulgHaFc&pid=15.1","size":"1300\u00d7956","desc":"\ue000Carles\ue001 \ue000Perez\ue001 of \ue000FC\ue001 Barcelona during the UEFA Champions League match at ...","filetype":"","width":"1300\u00d7956","height":null,"domain":"www.alamy.com"},{"url":"https:\/\/c8.alamy.com\/comp\/2MYBM54\/carles-perez-of-rc-celta-de-vigo-during-the-la-liga-match-date-20-between-real-betis-and-rc-celta-played-at-benito-villamarin-stadium-on-february-04-2023-in-sevilla-spain-photo-by-antonio-pozo-pressin-2MYBM54.jpg","link":"https:\/\/www.alamy.com\/carles-perez-of-rc-celta-de-vigo-during-the-la-liga-match-date-20-between-real-betis-and-rc-celta-played-at-benito-villamarin-stadium-on-february-04-2023-in-sevilla-spain-photo-by-antonio-pozo-pressin-image515953680.html","title":"Carles Perez of RC Celta de Vigo during the La Liga match, Date 20","thumbnail":"https:\/\/ts2.mm.bing.net\/th?id=OIP.tWAXRMWLMxTHokLc_pvgnAHaFc&pid=15.1","size":"1300\u00d7956","desc":"\ue000Carles\ue001 \ue000Perez\ue001 of RC Celta de Vigo during the La Liga match, Date 20 ...","filetype":"","width":"1300\u00d7956","height":null,"domain":"www.alamy.com"},{"url":"https:\/\/c8.alamy.com\/comp\/2JT102N\/carles-perez-of-rc-celta-during-the-la-liga-match-between-girona-fc-and-rc-celta-played-at-montilivi-stadium-on-august-26-2022-in-girona-spain-photo-by-sergio-ruiz-pressin-2JT102N.jpg","link":"https:\/\/www.alamy.com\/carles-perez-of-rc-celta-during-the-la-liga-match-between-girona-fc-and-rc-celta-played-at-montilivi-stadium-on-august-26-2022-in-girona-spain-photo-by-sergio-ruiz-pressin-image479453709.html","title":"Carles Perez of RC Celta during the La Liga match between Girona FC and","thumbnail":"https:\/\/ts3.mm.bing.net\/th?id=OIP.u950qkhV6vUFPSTzlwNcfQHaJ5&pid=15.1","size":"1040\u00d71390","desc":"\ue000Carles\ue001 \ue000Perez\ue001 of RC Celta during the La Liga match between Girona \ue000FC\ue001 and ...","filetype":"","width":"1040\u00d71390","height":null,"domain":"www.alamy.com"},{"url":"https:\/\/www.fussballeuropa.com\/images\/xtra\/carles-perez-2020-103.jpg","link":"https:\/\/www.fussballeuropa.com\/news\/carles-perez-roma-wechsel-vor-dem-abschluss-2020-01","title":"Carles Perez: Roma-Wechsel vor dem Abschluss","thumbnail":"https:\/\/ts1.mm.bing.net\/th?id=OIP.6K04zF6rA2yXlbO8NEwVzgHaE7&pid=15.1","size":"1600\u00d71066","desc":"\ue000Carles\ue001 \ue000Perez\ue001: Roma-Wechsel vor dem Abschluss","filetype":"","width":"1600\u00d71066","height":null,"domain":"www.fussballeuropa.com"},{"url":"https:\/\/www.retesport.it\/_next\/image?url=https:%2F%2Fcms.retesport.it%2Fwp-content%2Fuploads%2F2022%2F08%2FPerez-1.jpg&w=2048&q=75","link":"https:\/\/www.retesport.it\/calciomercato\/calciomercato-roma-si-tratta-con-il-celta-vigo-per-carles-perez-in-chiusura-llorente-e-kristensen","title":"Calciomercato Roma, si tratta con il Celta Vigo per Carles Perez. In","thumbnail":"https:\/\/ts3.explicit.bing.net\/th?id=OIP.cfLF7_dIPRB8dg7l7xBC1gHaGH&pid=15.1","size":"1455\u00d71201","desc":"Calciomercato Roma, si tratta con il Celta Vigo per \ue000Carles\ue001 \ue000Perez\ue001. In ...","filetype":"","width":"1455\u00d71201","height":null,"domain":"www.retesport.it"},{"url":"https:\/\/img.asmedia.epimg.net\/resizer\/v2\/JY4EP3SLVGFUMGYZVSAGSSBWNY.jpg?auth=2b5ff66cd29e50dee13e033cc4a68f1fbbfb00bcde98ee3e4018e78653e38ebb&width=1472&height=828&focal=2674%2C1807","link":"https:\/\/as.com\/futbol\/primera\/carles-perez-toca-fondo-n\/","title":"Carles P\u00e9rez toca fondo - AS.com","thumbnail":"https:\/\/ts4.mm.bing.net\/th?id=OIP.TM0p2linh2wfib5R87RfRQHaEK&pid=15.1","size":"1472\u00d7828","desc":"\ue000Carles\ue001 P\u00e9rez toca fondo - \ue000AS.com\ue001","filetype":"","width":"1472\u00d7828","height":null,"domain":"as.com"},{"url":"https:\/\/e00-elmundo.uecdn.es\/assets\/multimedia\/imagenes\/2025\/07\/30\/17538924528312.jpg","link":"https:\/\/www.elmundo.es\/deportes\/futbol\/2025\/07\/30\/688a4234e4d4d8265d8b458f.html","title":"El ex jugador del Bar\u00e7a Carles P\u00e9rez, ingresado en el hospital tras","thumbnail":"https:\/\/ts4.mm.bing.net\/th?id=OIP.5LVP9TYVfq9yqjxRgYaeXgHaE8&pid=15.1","size":"1200\u00d7800","desc":"El ex jugador del Bar\u00e7a \ue000Carles\ue001 P\u00e9rez, ingresado en el hospital tras ...","filetype":"","width":"1200\u00d7800","height":null,"domain":"www.elmundo.es"},{"url":"https:\/\/livesport-ott-images.ssl.cdn.cra.cz\/r1200xfq60\/fbe63b43-d437-40af-bc89-3fb1e9a0b539.jpeg","link":"https:\/\/www.flashscore.pe\/noticias\/futbol-laliga-ea-sports-oficial-carles-perez-es-nuevo-jugador-del-getafe-llega-como-cedido\/OGytkCcc\/","title":"Mercado de fichajes: El Getafe se refuerza con Carles P\u00e9rez, procedente","thumbnail":"https:\/\/ts2.mm.bing.net\/th?id=OIP.z9fmRqD36i-G4TkhbmPGdAHaE8&pid=15.1","size":"1200\u00d7800","desc":"Mercado de fichajes: El Getafe se refuerza con \ue000Carles\ue001 P\u00e9rez, procedente ...","filetype":"","width":"1200\u00d7800","height":null,"domain":"www.flashscore.pe"},{"url":"https:\/\/www.fcbarcelona.com\/fcbarcelona\/photo\/2019\/05\/19\/4e2aca92-e2f0-4e67-9ede-147cd6285998\/mini_2019-05-19-EIBAR-BARCELONA-43.JPG","link":"https:\/\/www.fcbarcelona.com\/en\/football\/first-team\/noticies\/1223342\/carles-perez-tambe-debuta-amb-el-primer-equip","title":"Carles P\u00e9rez makes first team debut","thumbnail":"https:\/\/ts1.mm.bing.net\/th?id=OIP.GToreazU-oIumUl2WMLHfwHaEo&pid=15.1","size":"1728\u00d71080","desc":"\ue000Carles\ue001 P\u00e9rez makes first team debut","filetype":"","width":"1728\u00d71080","height":null,"domain":"www.fcbarcelona.com"},{"url":"https:\/\/cdn.resfu.com\/media\/img_news\/imagen-de-carles-perez-con-el-aris-de-salonica--captura-aris-fc.jpg","link":"https:\/\/es.besoccer.com\/noticia\/carles-perez-hospitalizado-ser-mordido-perro-aductor-1368213","title":"Carles P\u00e9rez, en casa tras ser mordido por un perro en el aductor","thumbnail":"https:\/\/ts1.mm.bing.net\/th?id=OIP.we_cazZJEzS5a5_BTbAIhQHaE6&pid=15.1","size":"2048\u00d71358","desc":"\ue000Carles\ue001 P\u00e9rez, en casa tras ser mordido por un perro en el aductor","filetype":"","width":"2048\u00d71358","height":null,"domain":"es.besoccer.com"},{"url":"https:\/\/c8.alamy.com\/comp\/2JT1090\/carles-perez-of-rc-celta-during-the-la-liga-match-between-girona-fc-and-rc-celta-played-at-montilivi-stadium-on-august-26-2022-in-girona-spain-photo-by-sergio-ruiz-pressin-2JT1090.jpg","link":"https:\/\/www.alamy.com\/carles-perez-of-rc-celta-during-the-la-liga-match-between-girona-fc-and-rc-celta-played-at-montilivi-stadium-on-august-26-2022-in-girona-spain-photo-by-sergio-ruiz-pressin-image479453884.html","title":"Carles Perez of RC Celta during the La Liga match between Girona FC and","thumbnail":"https:\/\/ts2.mm.bing.net\/th?id=OIP.D_8pexBha4URDDf08NDJrgHaFc&pid=15.1","size":"1300\u00d7956","desc":"\ue000Carles\ue001 \ue000Perez\ue001 of RC Celta during the La Liga match between Girona \ue000FC\ue001 and ...","filetype":"","width":"1300\u00d7956","height":null,"domain":"www.alamy.com"},{"url":"https:\/\/c8.alamy.com\/comp\/2JT1083\/carles-perez-of-rc-celta-during-the-la-liga-match-between-girona-fc-and-rc-celta-played-at-montilivi-stadium-on-august-26-2022-in-girona-spain-photo-by-sergio-ruiz-pressin-2JT1083.jpg","link":"https:\/\/www.alamy.com\/carles-perez-of-rc-celta-during-the-la-liga-match-between-girona-fc-and-rc-celta-played-at-montilivi-stadium-on-august-26-2022-in-girona-spain-photo-by-sergio-ruiz-pressin-image479453859.html","title":"Carles Perez of RC Celta during the La Liga match between Girona FC and","thumbnail":"https:\/\/ts2.mm.bing.net\/th?id=OIP.xv4sKE7UtJwssiIYaKMMLAHaFc&pid=15.1","size":"1300\u00d7956","desc":"\ue000Carles\ue001 \ue000Perez\ue001 of RC Celta during the La Liga match between Girona \ue000FC\ue001 and ...","filetype":"","width":"1300\u00d7956","height":null,"domain":"www.alamy.com"},{"url":"https:\/\/phantom-marca.unidadeditorial.es\/fa5d3ff45bc197184787992ac9ad644c\/resize\/1320\/f\/jpg\/assets\/multimedia\/imagenes\/2023\/06\/22\/16874199588552.jpg","link":"https:\/\/www.marca.com\/futbol\/celta\/2023\/06\/22\/6493fc7522601d3d6b8b45c5.html","title":"Celta: El Celta apura por Carles P\u00e9rez | Marca","thumbnail":"https:\/\/ts1.mm.bing.net\/th?id=OIP.h-D6edFc6Ut6DbhuiU1kNgHaE8&pid=15.1","size":"1320\u00d7880","desc":"Celta: El Celta apura por \ue000Carles\ue001 P\u00e9rez | Marca","filetype":"","width":"1320\u00d7880","height":null,"domain":"www.marca.com"},{"url":"https:\/\/static.laregion.es\/clip\/f8d10e62-bc8f-4d03-9fd4-3ba50665a4b3_source-aspect-ratio_1600w_0.jpg","link":"https:\/\/www.atlantico.net\/celtismo\/celta-hace-oficial-cesion-carles-perez-getafe_1_20240730-2750665.html","title":"El Celta cede a Carles P\u00e9rez al Getafe y se abre al mercado","thumbnail":"https:\/\/ts3.mm.bing.net\/th?id=OIP.eycFr8VEQNEMlXYIzWX7bgHaEK&pid=15.1","size":"1600\u00d7900","desc":"El Celta cede a \ue000Carles\ue001 P\u00e9rez al Getafe y se abre al mercado","filetype":"","width":"1600\u00d7900","height":null,"domain":"www.atlantico.net"},{"url":"https:\/\/static.laregion.es\/clip\/33b8f0f7-83de-4a13-9e5b-1326fe50a5eb_source-aspect-ratio_1600w_0.jpg","link":"https:\/\/www.atlantico.net\/celtismo\/decision-carles-perez-fichar-celta_1_20230714-1916776.html","title":"La decisi\u00f3n de Carles P\u00e9rez fichar por el Celta","thumbnail":"https:\/\/ts2.mm.bing.net\/th?id=OIP.63-mcSc4gP1kvp2GayQI9wHaE8&pid=15.1","size":"1600\u00d71067","desc":"La decisi\u00f3n de \ue000Carles\ue001 P\u00e9rez fichar por el Celta","filetype":"","width":"1600\u00d71067","height":null,"domain":"www.atlantico.net"},{"url":"https:\/\/www.elgoldigital.com\/wp-content\/uploads\/2024\/01\/compressed_carles-perez-celta-vigo_98.jpg","link":"https:\/\/www.elgoldigital.com\/futbol\/rcd-mallorca\/carles-perez-da-el-paso-para-jugar-en-el-mallorca\/","title":"Carles P\u00e9rez da el paso para jugar en el Mallorca","thumbnail":"https:\/\/ts2.mm.bing.net\/th?id=OIP.PjtLn5w1r8j2MxerH6S0WgHaEK&pid=15.1","size":"1900\u00d71069","desc":"\ue000Carles\ue001 P\u00e9rez da el paso para jugar en el Mallorca","filetype":"","width":"1900\u00d71069","height":null,"domain":"www.elgoldigital.com"},{"url":"https:\/\/www.elgoldigital.com\/wp-content\/uploads\/2021\/01\/carles-perez.jpeg","link":"https:\/\/www.elgoldigital.com\/futbol\/rc-celta-de-vigo\/carles-perez-lidera-en-el-celta-la-revuelta-contra-rafa-benitez\/","title":"Carles P\u00e9rez lidera en el Celta la revuelta contra Rafa Ben\u00edtez","thumbnail":"https:\/\/ts3.mm.bing.net\/th?id=OIP.xN6Q_JzSJF78d-EHt3RhpAHaEc&pid=15.1","size":"1908\u00d71146","desc":"\ue000Carles\ue001 P\u00e9rez lidera en el Celta la revuelta contra Rafa Ben\u00edtez","filetype":"","width":"1908\u00d71146","height":null,"domain":"www.elgoldigital.com"},{"url":"https:\/\/sportcdns.live\/news-2\/2001018f50c2454412107f291fc609901fba67f36273c19ce32c821b0b12c8b5.jpeg","link":"https:\/\/www.footboom1.com\/br\/news\/football\/2331352-carles-perez-stars-with-double-in-getafe-s-win-over-real-sociedad","title":"Carles P\u00e9rez brilha com gol duplo na vit\u00f3ria do Getafe sobre a Real","thumbnail":"https:\/\/ts1.mm.bing.net\/th?id=OIP.K1Tf4dQdXGnJP9M086ZnMgHaE8&pid=15.1","size":"1200\u00d7800","desc":"\ue000Carles\ue001 P\u00e9rez brilha com gol duplo na vit\u00f3ria do Getafe sobre a Real ...","filetype":"","width":"1200\u00d7800","height":null,"domain":"www.footboom1.com"},{"url":"https:\/\/elahuizote.mx\/wp-content\/uploads\/2025\/07\/4-19.png","link":"https:\/\/elahuizote.mx\/deportes\/carles-perez-es-hospitalizado-tras-ser-mordido-por-un-perro-en-grecia\/","title":"Carles P\u00e9rez es hospitalizado tras ser mordido por un perro en Grecia","thumbnail":"https:\/\/ts4.mm.bing.net\/th?id=OIP.Se1RCOLtdyheTW0y1MXqNgHaJQ&pid=15.1","size":"1080\u00d71350","desc":"\ue000Carles\ue001 P\u00e9rez es hospitalizado tras ser mordido por un perro en Grecia ...","filetype":"","width":"1080\u00d71350","height":null,"domain":"elahuizote.mx"},{"url":"https:\/\/c8.alamy.com\/comp\/3ATPDFB\/carles-perez-of-getafe-during-the-spanish-championship-la-liga-football-match-between-rcd-espanyol-and-getafe-cf-on-18-april-2025-at-rcde-stadium-in-barcelona-spain-3ATPDFB.jpg","link":"https:\/\/www.alamy.com\/carles-perez-of-getafe-during-the-spanish-championship-la-liga-football-match-between-rcd-espanyol-and-getafe-cf-on-18-april-2025-at-rcde-stadium-in-barcelona-spain-image669239295.html","title":"Carles Perez of Getafe during the Spanish championship La Liga football","thumbnail":"https:\/\/ts4.mm.bing.net\/th?id=OIP.cxRTIIXF9djGJCHwUZMPswHaFc&pid=15.1","size":"1300\u00d7956","desc":"\ue000Carles\ue001 \ue000Perez\ue001 of Getafe during the Spanish championship La Liga football ...","filetype":"","width":"1300\u00d7956","height":null,"domain":"www.alamy.com"},{"url":"https:\/\/game-assets.fut.gg\/cdn-cgi\/image\/quality=100,format=auto\/2025\/player-item-social-small\/25-238384.20478e13b555b6b94b95cf897da6b708dfe6cae33e842b8c707a4bd90ef3c123.webp","link":"https:\/\/www.fut.gg\/players\/238384-carles-puyol\/","title":"Carles Puyol EA FC 25 Ratings, Prices, and Cards - FUT.GG","thumbnail":"https:\/\/ts1.mm.bing.net\/th?id=OIP.XlqXxX7osD6RKbdAQ7S2IgHaEK&pid=15.1","size":"2400\u00d71348","desc":"\ue000Carles\ue001 Puyol EA \ue000FC\ue001 \ue00025\ue001 Ratings, Prices, and Cards - FUT.GG","filetype":"","width":"2400\u00d71348","height":null,"domain":"www.fut.gg"},{"url":"https:\/\/rccelta.es\/app\/uploads\/2023\/06\/1920x1080-4.jpg","link":"https:\/\/rccelta.es\/equipo\/actualidad\/carlesperez-2027\/","title":"Carles P\u00e9rez regresa a casa: el RC Celta y la AS Roma acuerdan el","thumbnail":"https:\/\/ts3.mm.bing.net\/th?id=OIP.myKNHqIHZGKrdTWl23-kswHaEK&pid=15.1","size":"1920\u00d71080","desc":"\ue000Carles\ue001 P\u00e9rez regresa a casa: el RC Celta y la AS Roma acuerdan el ...","filetype":"","width":"1920\u00d71080","height":null,"domain":"rccelta.es"},{"url":"https:\/\/media.charentelibre.fr\/25461368\/1200x-1\/perez.jpg","link":"https:\/\/www.charentelibre.fr\/sport\/mordu-aux-testicules-par-un-chien-l-ancien-attaquant-du-barca-a-du-etre-hospitalise-en-grece-25461368.php","title":"Mordu aux testicules par un chien, l\u2019ancien attaquant du Bar\u00e7a Carles","thumbnail":"https:\/\/ts3.mm.bing.net\/th?id=OIP.9zQCMf8cO6L47P0ByR5XSwHaE9&pid=15.1","size":"1200\u00d7804","desc":"Mordu aux testicules par un chien, l\u2019ancien attaquant du Bar\u00e7a \ue000Carles\ue001 ...","filetype":"","width":"1200\u00d7804","height":null,"domain":"www.charentelibre.fr"},{"url":"https:\/\/cadenaser.com\/resizer\/v2\/GCZ6GMJPSFBLNI55UP5CPNFVAM.jpg?auth=5b21732ab989ab8dc8bb2c47b6e6eb60e598e60abfa8c2f55f1e96112ac373c8&quality=70&width=1200&height=900&smart=true","link":"https:\/\/cadenaser.com\/nacional\/2025\/07\/30\/el-futbolista-espanol-carles-perez-hospitalizado-en-grecia-tras-sufrir-el-ataque-de-un-perro-en-los-genitales-cadena-ser\/","title":"El futbolista espa\u00f1ol Carles P\u00e9rez, hospitalizado en Grecia tras sufrir","thumbnail":"https:\/\/ts2.mm.bing.net\/th?id=OIP.R8XSq2a_KyreckYKQnGvjwHaFj&pid=15.1","size":"1200\u00d7900","desc":"El futbolista espa\u00f1ol \ue000Carles\ue001 P\u00e9rez, hospitalizado en Grecia tras sufrir ...","filetype":"","width":"1200\u00d7900","height":null,"domain":"cadenaser.com"},{"url":"https:\/\/www.footyrenders.com\/render\/Carles-Perez-2.png","link":"https:\/\/www.footyrenders.com\/la-liga\/barcelona\/carles-perez-4\/","title":"Carles P\u00e9rez Barcelona football render - FootyRenders","thumbnail":"https:\/\/ts4.mm.bing.net\/th?id=OIP._mWGTshvoDYM_cgwv2PVOgHaFQ&pid=15.1","size":"1625\u00d71154","desc":"\ue000Carles\ue001 P\u00e9rez Barcelona football render - FootyRenders","filetype":"","width":"1625\u00d71154","height":null,"domain":"www.footyrenders.com"},{"url":"https:\/\/www.losreplicantes.com\/images\/articulos\/33000\/33376\/s3.jpg","link":"https:\/\/www.losreplicantes.com\/articulos\/ingresado-futbolista-carles-perez-perro-grecia\/","title":"Ingresan al futbolista Carles P\u00e9rez despu\u00e9s de que un perro mordiera","thumbnail":"https:\/\/ts3.mm.bing.net\/th?id=OIP.C44vX5vWjYavJ7cFrWwNXwHaFj&pid=15.1","size":"1500\u00d71125","desc":"Ingresan al futbolista \ue000Carles\ue001 P\u00e9rez despu\u00e9s de que un perro mordiera ...","filetype":"","width":"1500\u00d71125","height":null,"domain":"www.losreplicantes.com"},{"url":"https:\/\/pictures.tribuna.com\/image\/e0e2d40d-e48e-409f-9dec-0eb656eab99d?width=1920&quality=70","link":"https:\/\/tribuna.com\/fr\/news\/2025-07-30-lancien-joueur-du-barca-carles-perez-hospitalise-apres-avoir-ete-mordu-par-des-chiens-son\/","title":"L\u2019ancien joueur du Bar\u00e7a Carles P\u00e9rez hospitalis\u00e9 apr\u00e8s avoir \u00e9t\u00e9 mordu","thumbnail":"https:\/\/ts4.mm.bing.net\/th?id=OIP.ncSeia27MDHVIe7AnHFXNAHaD4&pid=15.1","size":"1920\u00d71008","desc":"L\u2019ancien joueur du Bar\u00e7a \ue000Carles\ue001 P\u00e9rez hospitalis\u00e9 apr\u00e8s avoir \u00e9t\u00e9 mordu ...","filetype":"","width":"1920\u00d71008","height":null,"domain":"tribuna.com"},{"url":"https:\/\/www.romanews.eu\/wp-content\/uploads\/2021\/02\/romanews-roma-braga-carles-perez-gol-esultanza-scaled.jpg","link":"https:\/\/www.romanews.eu\/carles-perez-il-parma-e-stato-un-brutto-colpo-ma-la-squadra-sta-bene\/","title":"Carles Perez: \"Il Parma \u00e8 stato un brutto colpo, ma la squadra sta bene","thumbnail":"https:\/\/ts4.mm.bing.net\/th?id=OIP.THfgiiWZ7qUTWO2g-oifJwHaE8&pid=15.1","size":"2560\u00d71707","desc":"\ue000Carles\ue001 \ue000Perez\ue001: \"Il Parma \u00e8 stato un brutto colpo, ma la squadra sta bene ...","filetype":"","width":"2560\u00d71707","height":null,"domain":"www.romanews.eu"},{"url":"https:\/\/static.laregion.es\/clip\/4194ec3b-e5c3-492b-8f7c-de2050a551c9_source-aspect-ratio_1600w_0.jpg","link":"https:\/\/www.atlantico.net\/celtismo\/carles-perez-celta-entrevista_1_20230331-1902926.html","title":"Carles P\u00e9rez: \"He encontrado un sitio en que me siento como en casa y","thumbnail":"https:\/\/ts4.mm.bing.net\/th?id=OIP.no_kB_w6gXE0uYapJn2GmAHaEK&pid=15.1","size":"1600\u00d7900","desc":"\ue000Carles\ue001 P\u00e9rez: \"He encontrado un sitio en que me siento como en casa y ...","filetype":"","width":"1600\u00d7900","height":null,"domain":"www.atlantico.net"},{"url":"https:\/\/rccelta.es\/app\/uploads\/2024\/07\/SORTE-CARLES-16X9.jpg","link":"https:\/\/rccelta.es\/equipo\/actualidad\/carles-perez-jugara-en-el-getafe-la-proxima-temporada\/","title":"Carles P\u00e9rez jugar\u00e1 en el Getafe la pr\u00f3xima temporada | Celta","thumbnail":"https:\/\/ts4.mm.bing.net\/th?id=OIP.0pzsPbE8d9-qLTZ68OL_PQHaEK&pid=15.1","size":"1920\u00d71080","desc":"\ue000Carles\ue001 P\u00e9rez jugar\u00e1 en el Getafe la pr\u00f3xima temporada | Celta","filetype":"","width":"1920\u00d71080","height":null,"domain":"rccelta.es"},{"url":"https:\/\/c8.alamy.com\/comp\/2C4XT25\/milano-italy-28th-june-2020-carles-perez-of-as-roma-during-the-serie-a-match-between-ac-milan-and-as-roma-2C4XT25.jpg","link":"https:\/\/www.alamy.com\/milano-italy-28th-june-2020-carles-perez-of-as-roma-during-the-serie-a-match-between-ac-milan-and-as-roma-image364465981.html","title":"Milano (Italy) 28th June 2020. Carles Perez of As Roma during the Serie","thumbnail":"https:\/\/ts3.mm.bing.net\/th?id=OIP.eskb92TbLZHWc2zZjlDIrAHaFc&pid=15.1","size":"1300\u00d7956","desc":"Milano (Italy) 28th June 2020. \ue000Carles\ue001 \ue000Perez\ue001 of As Roma during the Serie ...","filetype":"","width":"1300\u00d7956","height":null,"domain":"www.alamy.com"},{"url":"http:\/\/www.ilromanista.eu\/download\/img\/full\/125915_7h24qbt.jpg","link":"https:\/\/www.ilromanista.eu\/news\/calciomercato\/138922\/video-larri","title":"VIDEO - Carles Perez \u00e8 arrivato in Spagna, oggi le firme con il Celta Vigo","thumbnail":"https:\/\/ts4.mm.bing.net\/th?id=OIP.KKrSDQ0rafJ9DanYA3MAbgHaE7&pid=15.1","size":"1600\u00d71066","desc":"VIDEO - \ue000Carles\ue001 \ue000Perez\ue001 \u00e8 arrivato in Spagna, oggi le firme con il Celta Vigo","filetype":"","width":"1600\u00d71066","height":null,"domain":"www.ilromanista.eu"},{"url":"https:\/\/romapress.net\/wp-content\/uploads\/2023\/06\/IMG_4449-scaled.jpeg","link":"https:\/\/romapress.net\/carles-perez-intends-to-stay-at-celta-vigo-i-feel-at-home-here\/","title":"Carles Perez intends to stay at Celta Vigo: \u201cI feel at home here.\u201d","thumbnail":"https:\/\/ts1.explicit.bing.net\/th?id=OIP.buvD66rLa75tX5wIWqcMTgHaE7&pid=15.1","size":"2048\u00d71365","desc":"\ue000Carles\ue001 \ue000Perez\ue001 intends to stay at Celta Vigo: \u201cI feel at home here.\u201d","filetype":"","width":"2048\u00d71365","height":null,"domain":"romapress.net"},{"url":"https:\/\/blogger.googleusercontent.com\/img\/b\/R29vZ2xl\/AVvXsEgfQpkhElhnhoj1FhdlmlqL7q4757Z-CGXzNN_JVTULrcrENWkIzjAhGD7oZIoBcADAkztRoK2X010uajeo4_r0jsTN6u70se7hB1-o9B0LDOs6nXmPp4tA0ZysY0gRvpinRZELrjTEHS9-2OUXP_e5owhdWTivEmZxFQT7-EzKEP-2_UHyLXvfxyQj7eEf\/s2048\/Carles P\u00e9rez 382 Celta .jpeg","link":"http:\/\/www.moiceleste.com\/2023\/06\/carles-perez-regresara-al-celta.html","title":"Carles P\u00e9rez regresar\u00e1 al Celta ~ Celta de Vigo Moi Celeste","thumbnail":"https:\/\/ts4.mm.bing.net\/th?id=OIP.42c4ww9Vp7exT6iZYhwoLQHaE7&pid=15.1","size":"2048\u00d71365","desc":"\ue000Carles\ue001 P\u00e9rez regresar\u00e1 al Celta ~ Celta de Vigo Moi Celeste","filetype":"","width":"2048\u00d71365","height":null,"domain":"www.moiceleste.com"},{"url":"https:\/\/fotografias.antena3.com\/clipping\/cmsimages01\/2025\/07\/31\/365A151B-5429-445E-9DE6-B9F413CDC177\/carles-perez-exjugador-barca-ingresado-mordisco-perro-cerca-zona-genital_98.jpg?crop=800,450,x0,y42&width=1900&height=1069&optimize=low&format=webply","link":"https:\/\/www.antena3.com\/noticias\/deportes\/carles-perez-exjugador-barca-ingresado-mordisco-perro-cerca-zona-genital_20250731688b286fc5e9fd602f6189a2.html","title":"Carles P\u00e9rez, exjugador del Bar\u00e7a, ingresado tras un mordisco de un","thumbnail":"https:\/\/ts2.mm.bing.net\/th?id=OIP.4jGTUEaDbDj9FDt51UuU2QHaEK&pid=15.1","size":"1900\u00d71069","desc":"\ue000Carles\ue001 P\u00e9rez, exjugador del Bar\u00e7a, ingresado tras un mordisco de un ...","filetype":"","width":"1900\u00d71069","height":null,"domain":"www.antena3.com"},{"url":"https:\/\/blogger.googleusercontent.com\/img\/b\/R29vZ2xl\/AVvXsEgpWCZAi2D_sl9Z66eJZ3LH8wzIWhetNHtU6o87v2T3uIpzeuiQFIwzcd2nGZ8R8dRk74N2jo3zlgM1LyIRoHpV07et_MRvEkXbuTJVB7x0imnOr_uJvLu8q_W-48AWgIUWPe7Nga6qWucMNLAtLmjF_atwpD14hr8PN_ORazSmhqizAENMTtESVgixYWWb\/s1350\/Carles P\u00e9rez 719 Celta .jpeg","link":"http:\/\/www.moiceleste.com\/2024\/07\/la-reconversion-de-carles-perez.html","title":"La reconversi\u00f3n de Carles P\u00e9rez ~ Celta de Vigo Moi Celeste","thumbnail":"https:\/\/ts3.mm.bing.net\/th?id=OIP.hupMQmhWMCjgQ-7A6ZkOJwHaJQ&pid=15.1","size":"1080\u00d71350","desc":"La reconversi\u00f3n de \ue000Carles\ue001 P\u00e9rez ~ Celta de Vigo Moi Celeste","filetype":"","width":"1080\u00d71350","height":null,"domain":"www.moiceleste.com"},{"url":"https:\/\/www.wradio.com.co\/resizer\/v2\/NZT4QGM6UNAG3FR6JJH5P4YOZQ.jpg?auth=9f4d05ddf6e1356b2192a9681e6852c0c2230479bc6bab3aea3ad41c6763fc2a&quality=70&width=1200&height=900&smart=true","link":"https:\/\/www.wradio.com.co\/2025\/07\/30\/carles-perez-exjugador-del-barcelona-hospitalizado-tras-sufrir-la-mordedura-de-un-perro\/","title":"Carles P\u00e9rez, exjugador del Barcelona, hospitalizado tras sufrir la","thumbnail":"https:\/\/ts2.mm.bing.net\/th?id=OIP.CXFIap6ViSbGK2gpdLPKXQHaFj&pid=15.1","size":"1200\u00d7900","desc":"\ue000Carles\ue001 P\u00e9rez, exjugador del Barcelona, hospitalizado tras sufrir la ...","filetype":"","width":"1200\u00d7900","height":null,"domain":"www.wradio.com.co"},{"url":"https:\/\/efe.com\/wp-content\/uploads\/2023\/05\/rss-efe31ec9f7a6777d110054e0ca6cdaccfc8c936adbdw.jpg","link":"https:\/\/efe.com\/deportes\/2023-05-23\/el-celta-manda-al-descanso-con-un-gol-de-carles-perez\/","title":"El Celta manda al descanso con un gol de Carles P\u00e9rez - EFE Noticias","thumbnail":"https:\/\/ts4.mm.bing.net\/th?id=OIP.tnw_FuH0JFqJNjcUJneucgHaE8&pid=15.1","size":"1920\u00d71280","desc":"El Celta manda al descanso con un gol de \ue000Carles\ue001 P\u00e9rez - EFE Noticias","filetype":"","width":"1920\u00d71280","height":null,"domain":"efe.com"},{"url":"https:\/\/blogger.googleusercontent.com\/img\/b\/R29vZ2xl\/AVvXsEjiJvxIORlkZvrY9bqIGTfB1XpVP6wGnsRrsa3QTzY4oXF-9QPtB2LoTm3ts2kgp82k2-qCC6psKZaG2rF9VG5j7kMp56-aK3iIZ5mODtbARghxGs4fh0Y1j7-UcZ7EOkvRAeqWaRUSzPJOqzLpU34uIZTQyFbmcqk4jf2k_tmlQTjoCKAEBkUBX93Xg1ja\/s1300\/Carles P\u00e9rez.jpg","link":"http:\/\/www.moiceleste.com\/2025\/05\/carles-perez-en-la-otra-trinchera.html","title":"Carles P\u00e9rez, en la otra trinchera ~ Celta de Vigo Moi Celeste","thumbnail":"https:\/\/ts2.mm.bing.net\/th?id=OIP.cNZnMaweDskwR79gTtShbwHaE6&pid=15.1","size":"1300\u00d7863","desc":"\ue000Carles\ue001 P\u00e9rez, en la otra trinchera ~ Celta de Vigo Moi Celeste","filetype":"","width":"1300\u00d7863","height":null,"domain":"www.moiceleste.com"},{"url":"https:\/\/objetos.estaticos-marca.com\/assets\/multimedia\/imagenes\/2022\/10\/08\/16652506583225.jpg","link":"https:\/\/www.marca.com\/futbol\/barcelona\/2022\/10\/08\/6341b5a4268e3e7d758b456c.html","title":"FC Barcelona: Carles P\u00e9rez vuelve a 'su' casa | Marca","thumbnail":"https:\/\/ts4.mm.bing.net\/th?id=OIP.mQ35i_VVlpEIfCemcGr6jAHaFj&pid=15.1","size":"2048\u00d71536","desc":"\ue000FC\ue001 Barcelona: \ue000Carles\ue001 P\u00e9rez vuelve a 'su' casa | Marca","filetype":"","width":"2048\u00d71536","height":null,"domain":"www.marca.com"},{"url":"https:\/\/assets.voetbalzone.nl\/images\/v3\/blt9e8b40720dd2a9b3\/crop\/MM5DKMBQGE5DEOBRGM5G433XMU5DAORQ\/imago614875538.jpg?quality=60&auto=webp&format=pjpg&width=2048","link":"https:\/\/www.voetbalzone.nl\/lijsten\/carles-perez-27-wordt-in-geslachtsdeel-gebeten-door-hond-en-gaat-met-spoed-naar-ziekenhuis\/blt43ae8658d6c64201","title":"Carles P\u00e9rez (27) wordt in geslachtsdeel gebeten door hond en gaat met","thumbnail":"https:\/\/ts1.mm.bing.net\/th?id=OIP.uWOcT7RA4smOo7HpGZUA3QHaEK&pid=15.1","size":"2048\u00d71152","desc":"\ue000Carles\ue001 P\u00e9rez (27) wordt in geslachtsdeel gebeten door hond en gaat met ...","filetype":"","width":"2048\u00d71152","height":null,"domain":"www.voetbalzone.nl"},{"url":"https:\/\/blogger.googleusercontent.com\/img\/b\/R29vZ2xl\/AVvXsEj14azF6pu0rCyC9wx4T363VMEpQv5er-2nG-xBHLFprAGVkfp70AXy1niZW0D0owmWmBAQUfCJWB5gub2d6zlaxnstV6HBC5M2yHMRFUmSfA12exutba6kYALlD2f5h0ISuqr8xdbEfovlmii0LiW35bTVAhwrx8w_QIh-2wxDfmw6oUWnZiUGEr8dow\/s1360\/Carles P\u00e9rez.jpeg","link":"http:\/\/www.moiceleste.com\/2022\/12\/carles-perez-marcar-es-confianza-para.html","title":"Carles P\u00e9rez: \"Marcar es confianza para un delantero\" ~ Celta de Vigo","thumbnail":"https:\/\/ts4.mm.bing.net\/th?id=OIP.EIFF01CF9bIv4qk_Omq2CAHaFD&pid=15.1","size":"1360\u00d7928","desc":"\ue000Carles\ue001 P\u00e9rez: \"Marcar es confianza para un delantero\" ~ Celta de Vigo ...","filetype":"","width":"1360\u00d7928","height":null,"domain":"www.moiceleste.com"},{"url":"https:\/\/blogger.googleusercontent.com\/img\/b\/R29vZ2xl\/AVvXsEj0riQkwQLwgR-CLr2G9Lhw_2Hq2fwoRIltmZgciolvIomDT_BDq69vumlNgfP3iH_QaZcKxBe-Fv9WImOPB2icfrAaeGrQJIf7awrVradKsaYV4EYT7IGXcBdG5NASV7bwABZEkuVgmpiwfNV3J1SJmaM8jmrJj8bi7K0tU6GdEsunXS2nE1FyPUnNPA\/s2200\/Carles P\u00e9rez 404 Celta .jpeg","link":"http:\/\/www.moiceleste.com\/2023\/04\/carles-perez-jugador-estrella-del-mes.html","title":"Carles P\u00e9rez, jugador Estrella del mes de marzo ~ Celta de Vigo Moi Celeste","thumbnail":"https:\/\/ts4.mm.bing.net\/th?id=OIP.49cdA5r9CACsh1Bn8kHxfAHaJi&pid=15.1","size":"1707\u00d72200","desc":"\ue000Carles\ue001 P\u00e9rez, jugador Estrella del mes de marzo ~ Celta de Vigo Moi Celeste","filetype":"","width":"1707\u00d72200","height":null,"domain":"www.moiceleste.com"},{"url":"https:\/\/e00-xlk-ue-marca.uecdn.es\/uploads\/2024\/09\/06\/17102317077225.jpeg","link":"https:\/\/www.marca.com\/futbol\/celta\/2024\/03\/12\/65f0119446163f4b8c8b45f4.html","title":"Carles P\u00e9rez acumula siete partidos sin jugar un minuto","thumbnail":"https:\/\/ts4.mm.bing.net\/th?id=OIP.dRuldYH0of-pH-YCYUeeOwHaE8&pid=15.1","size":"1980\u00d71320","desc":"\ue000Carles\ue001 P\u00e9rez acumula siete partidos sin jugar un minuto","filetype":"","width":"1980\u00d71320","height":null,"domain":"www.marca.com"},{"url":"https:\/\/static.laregion.es\/clip\/cfa08b13-09ab-4d64-8701-ead72fa82927_source-aspect-ratio_1600w_0.jpg","link":"https:\/\/www.atlantico.net\/celtismo\/carles-perez-no-noticia-celta_1_20250527-3542044.html","title":"Carles P\u00e9rez no tiene noticia del Celta y cuenta con volver a Vigo","thumbnail":"https:\/\/ts4.mm.bing.net\/th?id=OIP.tXkxG7cuGfrcp1zuUxH_0wHaE8&pid=15.1","size":"1600\u00d71067","desc":"\ue000Carles\ue001 P\u00e9rez no tiene noticia del Celta y cuenta con volver a Vigo","filetype":"","width":"1600\u00d71067","height":null,"domain":"www.atlantico.net"},{"url":"https:\/\/static.laregion.es\/clip\/6efd3e19-b714-40f1-888e-71d2e2bae104_source-aspect-ratio_1600w_0.jpg","link":"https:\/\/www.atlantico.net\/celtismo\/cedido-carles-perez-mordido-perro_1_20250731-3937550.html","title":"El cedido Carles P\u00e9rez fue mordido por un perro en Grecia","thumbnail":"https:\/\/ts1.mm.bing.net\/th?id=OIP.-gk-3E6qCPrsXERvmm2lWQHaJL&pid=15.1","size":"1600\u00d71984","desc":"El cedido \ue000Carles\ue001 P\u00e9rez fue mordido por un perro en Grecia","filetype":"","width":"1600\u00d71984","height":null,"domain":"www.atlantico.net"},{"url":"https:\/\/www.sportyou.es\/blog\/wp-content\/uploads\/2020\/01\/Carles-Perez.jpg","link":"https:\/\/www.sportyou.es\/noticias\/carles-perez-ya-se-de-la-as-roma-761169","title":"Carles P\u00e9rez ya es de la Roma - SPORTYOU","thumbnail":"https:\/\/ts1.mm.bing.net\/th?id=OIP.n4-hI2WWQX1GPY7neRcQLQHaE8&pid=15.1","size":"1200\u00d7800","desc":"\ue000Carles\ue001 P\u00e9rez ya es de la Roma - SPORTYOU","filetype":"","width":"1200\u00d7800","height":null,"domain":"www.sportyou.es"},{"url":"https:\/\/a1.eestatic.com\/cronicaglobal\/2015\/03\/24\/culemania\/primer-equipo\/primer_equipo_20509099_3029161_1706x960.jpg","link":"https:\/\/cronicaglobal.elespanol.com\/culemania\/primer-equipo\/20200229\/la-roma-hace-oficial-compra-carles-perez\/471202903_0.html","title":"La Roma hace oficial la compra de Carles P\u00e9rez","thumbnail":"https:\/\/ts1.mm.bing.net\/th?id=OIP.QO5H2kpifd12WQomcBObZAHaEK&pid=15.1","size":"1706\u00d7960","desc":"La Roma hace oficial la compra de \ue000Carles\ue001 P\u00e9rez","filetype":"","width":"1706\u00d7960","height":null,"domain":"cronicaglobal.elespanol.com"},{"url":"https:\/\/www.romanews.eu\/wp-content\/uploads\/2022\/06\/romanews-roma-zorya-perez-gol-scaled.jpg","link":"https:\/\/www.romanews.eu\/carles-perez-a-un-passo-dal-celta-vigo-a-breve-lufficialita\/","title":"Carles Perez a un passo dal Celta Vigo: a breve l'ufficialit\u00e0 - Roma news","thumbnail":"https:\/\/ts3.mm.bing.net\/th?id=OIP.ELwmDCC-QkfiVtJWzR_HKgHaE8&pid=15.1","size":"2560\u00d71707","desc":"\ue000Carles\ue001 \ue000Perez\ue001 a un passo dal Celta Vigo: a breve l'ufficialit\u00e0 - Roma news","filetype":"","width":"2560\u00d71707","height":null,"domain":"www.romanews.eu"},{"url":"https:\/\/static.laregion.es\/clip\/0025e75b-de92-4d03-9eac-119fdf7f64d7_source-aspect-ratio_1600w_0.jpg","link":"https:\/\/www.atlantico.net\/celtismo\/carles-perez-tenemos-equipo-salvarnos-tranquilamente_1_20230512-1908890.html","title":"Carles P\u00e9rez: \"Tenemos equipo para salvarnos tranquilamente\"","thumbnail":"https:\/\/ts3.mm.bing.net\/th?id=OIP.pUJydWlzq0tKCZuqAqM3ngHaE8&pid=15.1","size":"1600\u00d71067","desc":"\ue000Carles\ue001 P\u00e9rez: \"Tenemos equipo para salvarnos tranquilamente\"","filetype":"","width":"1600\u00d71067","height":null,"domain":"www.atlantico.net"},{"url":"https:\/\/album.mediaset.es\/eimg\/2025\/07\/30\/carles-perez-hospitalizado-en-grecia-tras-sufrir-un-mordisco-de-un-perro-en-los-genitales-16-9-aspec_da39.jpg","link":"https:\/\/www.telecinco.es\/noticias\/deportes\/20250730\/carles-perez-hospitalizado-grecia-mordisco-perro-genitales_18_016264218.html","title":"Carles P\u00e9rez, atendido en un hospital de Grecia por un mordisco de un","thumbnail":"https:\/\/ts2.mm.bing.net\/th?id=OIP.lYmQUYl32pXgqnP41e5xLQHaEK&pid=15.1","size":"1920\u00d71080","desc":"\ue000Carles\ue001 P\u00e9rez, atendido en un hospital de Grecia por un mordisco de un ...","filetype":"","width":"1920\u00d71080","height":null,"domain":"www.telecinco.es"},{"url":"https:\/\/www.fcbarcelona.com\/fcbarcelona\/photo\/2018\/08\/10\/396d7158-d81a-4124-8e5e-f9e5a608ed3d\/cKUADljD.jpg","link":"https:\/\/www.fcbarcelona.fr\/fr\/football\/fcbarcelona-u19a\/news\/813950\/carles-perez-of-fc-barcelona-u19-the-long-range-king","title":"Carles P\u00e9rez of FC Barcelona U19: The long range king","thumbnail":"https:\/\/ts2.mm.bing.net\/th?id=OIP.tFp0rQQ2DB9kqPwDe-UWcAHaEK&pid=15.1","size":"1440\u00d7810","desc":"\ue000Carles\ue001 P\u00e9rez of \ue000FC\ue001 Barcelona U19: The long range king","filetype":"","width":"1440\u00d7810","height":null,"domain":"www.fcbarcelona.fr"},{"url":"https:\/\/images.t-online.de\/2025\/07\/asigDYoBJ-tp\/789x0:1745x982\/fit-in\/1745x0\/carles-perez-der-fussballer-ist-aktuell-in-griechenland-aktiv.jpg","link":"https:\/\/www.t-online.de\/sport\/fussball\/international\/id_100845946\/carles-perez-fussballer-von-thessaloniki-erleidet-hundebiss-im-intimbereich.html","title":"Carles P\u00e9rez: Fu\u00dfballer von Thessaloniki erleidet Hundebiss im Intimbereich","thumbnail":"https:\/\/ts4.mm.bing.net\/th?id=OIP.EpGuft0_JaTcNL3ao6fPxAHaEK&pid=15.1","size":"1745\u00d7982","desc":"\ue000Carles\ue001 P\u00e9rez: Fu\u00dfballer von Thessaloniki erleidet Hundebiss im Intimbereich","filetype":"","width":"1745\u00d7982","height":null,"domain":"www.t-online.de"},{"url":"https:\/\/album.mediaset.es\/eimg\/2025\/1028\/17\/diseno-sin-titulo-45png-png-81afd20.jpg","link":"https:\/\/www.eldesmarque.com\/futbol\/mercado-de-fichajes\/20240624\/carles-perez-opcion-mallorca_18_017226831.html","title":"El Mallorca se fija en Carles P\u00e9rez","thumbnail":"https:\/\/ts3.mm.bing.net\/th?id=OIP.N_KCPhvsOGM5pG437mhylAHaEK&pid=15.1","size":"1920\u00d71080","desc":"El Mallorca se fija en \ue000Carles\ue001 P\u00e9rez","filetype":"","width":"1920\u00d71080","height":null,"domain":"www.eldesmarque.com"},{"url":"https:\/\/www.elgoldigital.com\/wp-content\/uploads\/2023\/04\/16615896930124.jpg","link":"https:\/\/www.elgoldigital.com\/futbol\/rc-celta-de-vigo\/carles-perez-actualiza-los-objetivos-del-rc-celta-en-los-10-ultimos-partidos\/","title":"Carles P\u00e9rez actualiza los objetivos del RC Celta en los 10 \u00faltimos","thumbnail":"https:\/\/ts1.explicit.bing.net\/th?id=OIP.kTTfCagilvOEuXvb-QJEagHaE8&pid=15.1","size":"1320\u00d7880","desc":"\ue000Carles\ue001 P\u00e9rez actualiza los objetivos del RC Celta en los 10 \u00faltimos ...","filetype":"","width":"1320\u00d7880","height":null,"domain":"www.elgoldigital.com"},{"url":"https:\/\/album.mediaset.es\/eimg\/2025\/1029\/07\/gi41dubwcaifs-t-1png-001-png-9a17d2f.jpg","link":"https:\/\/www.eldesmarque.com\/futbol\/mercado-de-fichajes\/20240729\/directo-mercado-fichajes-ultima-hora-29-julio-d1rect0_18_017337150.html","title":"En directo, el mercado de fichajes del lunes 29 de julio de 2024: De","thumbnail":"https:\/\/ts4.mm.bing.net\/th?id=OIP.MTl5KUcuId6CcbXb_qEC1AHaEm&pid=15.1","size":"1637\u00d71016","desc":"En directo, el mercado de fichajes del lunes 29 de julio de 2024: De ...","filetype":"","width":"1637\u00d71016","height":null,"domain":"www.eldesmarque.com"},{"url":"https:\/\/objetos-xlk.estaticos-marca.com\/uploads\/2025\/01\/06\/677c1d6eb841c.jpeg","link":"https:\/\/www.marca.com\/futbol\/getafe\/2025\/01\/06\/carles-perez-busca-redimirse.html","title":"Carles P\u00e9rez busca redimirse","thumbnail":"https:\/\/ts3.mm.bing.net\/th?id=OIP.bvjkcWuGcD6DB5VlCW2PFwHaE8&pid=15.1","size":"1980\u00d71320","desc":"\ue000Carles\ue001 P\u00e9rez busca redimirse","filetype":"","width":"1980\u00d71320","height":null,"domain":"www.marca.com"},{"url":"https:\/\/www.fussballeuropa.com\/images\/xtra\/carles-perez-2019-09-002.jpg","link":"https:\/\/www.fussballeuropa.com\/news\/carles-perez-enthullt-angebote-enttauscht-von-barca-2020-04","title":"Carles Perez enth\u00fcllt Angebote \u2013 entt\u00e4uscht von Bar\u00e7a","thumbnail":"https:\/\/ts4.mm.bing.net\/th?id=OIP.2l7kQV--KmeUGmGFpM6CIwHaE7&pid=15.1","size":"1600\u00d71066","desc":"\ue000Carles\ue001 \ue000Perez\ue001 enth\u00fcllt Angebote \u2013 entt\u00e4uscht von Bar\u00e7a","filetype":"","width":"1600\u00d71066","height":null,"domain":"www.fussballeuropa.com"},{"url":"https:\/\/monesport.cat\/app\/uploads\/sites\/12\/2020\/12\/carles-perez-en-un-partit-amb-el-barca-europa-press-scaled.jpeg","link":"https:\/\/monesport.cat\/futbol\/internacional\/carles-perez-ingressat-hospital-estat-greu-mossegada-gos-testicles-443042\/","title":"Carles P\u00e9rez, hospitalitzat per mossegada d'un gos als testicles","thumbnail":"https:\/\/ts4.mm.bing.net\/th?id=OIP.DMCm_YHmcR4kLKbhRR-HbQHaFA&pid=15.1","size":"2560\u00d71731","desc":"\ue000Carles\ue001 P\u00e9rez, hospitalitzat per mossegada d'un gos als testicles","filetype":"","width":"2560\u00d71731","height":null,"domain":"monesport.cat"},{"url":"https:\/\/lookaside.fbsbx.com\/lookaside\/crawler\/media\/?media_id=1323860579095644","link":"https:\/\/www.facebook.com\/ElChiringuitoTV\/photos\/-\u00faltima-hora-carles-p\u00e9rez-ya-est\u00e1-en-su-casa-tras-el-incidente-que-ha-sufrido-co\/1323860579095644\/","title":"El - \ud83d\udea8 \u00daLTIMA HORA | Carles P\u00e9rez ya est\u00e1 en su casa tras el incidente","thumbnail":"https:\/\/ts2.mm.bing.net\/th?id=OIP.J3ungDApzdcI_mYXm961-gHaJQ&pid=15.1","size":"1440\u00d71800","desc":"El - \ud83d\udea8 \u00daLTIMA HORA | \ue000Carles\ue001 P\u00e9rez ya est\u00e1 en su casa tras el incidente ...","filetype":"","width":"1440\u00d71800","height":null,"domain":"www.facebook.com"},{"url":"https:\/\/a1.eestatic.com\/cronicaglobal\/2015\/02\/20\/culemania\/culemaniacos\/culemaniacos_12509740_2558391_1706x960.jpg","link":"https:\/\/cronicaglobal.elespanol.com\/culemania\/culemaniacos\/20201019\/asi-fue-la-exhibicion-carles-perez-roma\/529447083_0.html","title":"As\u00ed fue la exhibici\u00f3n de Carles P\u00e9rez con la Roma","thumbnail":"https:\/\/ts1.mm.bing.net\/th?id=OIP.dAn1SGrXBRRVY-RuvvgniQHaEK&pid=15.1","size":"1706\u00d7960","desc":"As\u00ed fue la exhibici\u00f3n de \ue000Carles\ue001 P\u00e9rez con la Roma","filetype":"","width":"1706\u00d7960","height":null,"domain":"cronicaglobal.elespanol.com"},{"url":"https:\/\/img.asmedia.epimg.net\/resizer\/v2\/7TQ6XC7LMC5RFQHPPEG3XRR7LY.jpg?auth=01c65093f0d5ec46438ba75fe342f55052f2f370b806813ab680faf82dcabb1b&width=1472&height=828&focal=3061%2C1472","link":"https:\/\/as.com\/futbol\/mercado-fichajes\/carles-perez-destino-grecia-n\/","title":"Carles P\u00e9rez, destino Grecia - AS.com","thumbnail":"https:\/\/ts4.mm.bing.net\/th?id=OIP.h0MFa1ML1pSxsydur9ouwwHaEK&pid=15.1","size":"1472\u00d7828","desc":"\ue000Carles\ue001 P\u00e9rez, destino Grecia - \ue000AS.com\ue001","filetype":"","width":"1472\u00d7828","height":null,"domain":"as.com"},{"url":"https:\/\/www.romanews.eu\/wp-content\/uploads\/2021\/07\/romanews-roma-perez-carles-debrecen.jpg","link":"https:\/\/www.romanews.eu\/carles-perez-arrivato-in-spagna-selfie-e-autografi-con-i-tifosi-presenti\/","title":"Carles Perez arrivato in Spagna: selfie e autografi con i tifosi","thumbnail":"https:\/\/ts4.mm.bing.net\/th?id=OIP.0imUdrmhQE1prx2ygxfcxAHaE7&pid=15.1","size":"1280\u00d7853","desc":"\ue000Carles\ue001 \ue000Perez\ue001 arrivato in Spagna: selfie e autografi con i tifosi ...","filetype":"","width":"1280\u00d7853","height":null,"domain":"www.romanews.eu"},{"url":"https:\/\/www.siamolaroma.it\/wp-content\/uploads\/2022\/05\/49qvuttpvnbqq21u52rqfco1kn_2022-05-14_2104190_as-roma-vs-venezia-fc-25183.jpg","link":"https:\/\/www.siamolaroma.it\/2022\/06\/06\/il-villareal-mette-gli-occhi-su-carles-perez-la-situazione\/","title":"Il Villareal mette gli occhi su Carles Perez: la situazione - Siamo la Roma","thumbnail":"https:\/\/ts1.mm.bing.net\/th?id=OIP.gRyscuXhETwguX4xBD5TbgHaE7&pid=15.1","size":"1900\u00d71266","desc":"Il Villareal mette gli occhi su \ue000Carles\ue001 \ue000Perez\ue001: la situazione - Siamo la Roma","filetype":"","width":"1900\u00d71266","height":null,"domain":"www.siamolaroma.it"},{"url":"https:\/\/phantom-marca.unidadeditorial.es\/aef370bc2edba929e293dc49fc9c6d0a\/resize\/1320\/f\/jpg\/assets\/multimedia\/imagenes\/2022\/09\/26\/16641828397829.jpg","link":"https:\/\/www.marca.com\/futbol\/celta\/2022\/09\/26\/63316ae4e2704e46888b45c2.html","title":"Celta: Carles P\u00e9rez se perfila como sustituto de Cervi | Marca","thumbnail":"https:\/\/ts1.mm.bing.net\/th?id=OIP.4AxvWYNSefdtJOdNXUpqPgHaE8&pid=15.1","size":"1320\u00d7880","desc":"Celta: \ue000Carles\ue001 P\u00e9rez se perfila como sustituto de Cervi | Marca","filetype":"","width":"1320\u00d7880","height":null,"domain":"www.marca.com"},{"url":"https:\/\/e01-xlk-ue-marca.uecdn.es\/uploads\/2025\/08\/01\/688c42bee6b43.jpeg","link":"https:\/\/www.marca.com\/futbol\/futbol-internacional\/2025\/08\/01\/carles-perez-aclara-circunstancias-ataque-mordedura-sufrio-parte-perro.html","title":"Carles P\u00e9rez aclara las circunstancias del ataque y mordedura que","thumbnail":"https:\/\/ts2.mm.bing.net\/th?id=OIP.CMiy8orcScqG_jY6Y2b_SgEsDI&pid=15.1","size":"1980\u00d71320","desc":"\ue000Carles\ue001 P\u00e9rez aclara las circunstancias del ataque y mordedura que ...","filetype":"","width":"1980\u00d71320","height":null,"domain":"www.marca.com"},{"url":"https:\/\/romapress.net\/wp-content\/uploads\/2023\/06\/perez-scaled.jpg","link":"https:\/\/romapress.net\/carles-perez-closing-in-on-move-to-celta-vigo\/","title":"Carles Perez closing in on move to Celta Vigo","thumbnail":"https:\/\/ts3.mm.bing.net\/th?id=OIP.ljuEu5ZT9ACIeCNBghrfQQHaE7&pid=15.1","size":"2048\u00d71365","desc":"\ue000Carles\ue001 \ue000Perez\ue001 closing in on move to Celta Vigo","filetype":"","width":"2048\u00d71365","height":null,"domain":"romapress.net"},{"url":"https:\/\/orinconceleste.es\/wp-content\/uploads\/2023\/06\/Carles-Perez.jpg","link":"https:\/\/orinconceleste.es\/carles-perez-8-millones\/","title":"O rinc\u00f3n celeste | Carles P\u00e9rez, 8 millones","thumbnail":"https:\/\/ts1.mm.bing.net\/th?id=OIP.iAHS6VOWUyrMAAxNG0SosQHaJQ&pid=15.1","size":"1080\u00d71350","desc":"O rinc\u00f3n celeste | \ue000Carles\ue001 P\u00e9rez, 8 millones","filetype":"","width":"1080\u00d71350","height":null,"domain":"orinconceleste.es"},{"url":"https:\/\/www.365scores.com\/es\/news\/wp-content\/uploads\/2025\/07\/GettyImages-2176965155-scaled.jpg","link":"https:\/\/www.365scores.com\/es\/news\/carles-perez-ataque-perro-grecia\/","title":"Qu\u00e9 le pas\u00f3 a Carles P\u00e9rez: atacado por un perro en los genitales","thumbnail":"https:\/\/ts1.mm.bing.net\/th?id=OIP.3Nx5wRvR9a5Ap9PNL99MUAHaE7&pid=15.1","size":"2048\u00d71365","desc":"Qu\u00e9 le pas\u00f3 a \ue000Carles\ue001 P\u00e9rez: atacado por un perro en los genitales","filetype":"","width":"2048\u00d71365","height":null,"domain":"www.365scores.com"},{"url":"https:\/\/blogger.googleusercontent.com\/img\/b\/R29vZ2xl\/AVvXsEiz-8YF4GKGAHPlA-7k3AW6YSFI9ifgasScfoV7LvTsEPo4-cfZOGrgHEIATwhWVnZenXbqTupDM2QGPfqLUILgP6QHx7s6SXZEMcQO3OprI2PEcdEttCLXAvtaanlLxCXbzSE7kqpufcs7PzLJEEgmi_Xysluo4GKp9-Wp23E76lNF4K_j8xYUiCGp0Q\/s2000\/Carles P\u00e9rez 101 Ricardo Grobas.jpg","link":"http:\/\/www.moiceleste.com\/2022\/11\/carles-perez-hay-que-pensar-en-el.html","title":"Carles P\u00e9rez: \"Hay que pensar en el siguiente partido y ganar s\u00ed o s\u00ed","thumbnail":"https:\/\/ts2.mm.bing.net\/th?id=OIP.7xNb4BqrYeTU60xzNeKO9QHaE7&pid=15.1","size":"2000\u00d71333","desc":"\ue000Carles\ue001 P\u00e9rez: \"Hay que pensar en el siguiente partido y ganar s\u00ed o s\u00ed ...","filetype":"","width":"2000\u00d71333","height":null,"domain":"www.moiceleste.com"},{"url":"https:\/\/blogger.googleusercontent.com\/img\/b\/R29vZ2xl\/AVvXsEhH1ZvBiaEwvTzOhnSv6kyStWmNpjPBDUNL2AYCF27dVtoSmqNlKJIy6LJKHOtw0XfB1b4W6ojfKv-YiiwFDPAApbWBjm6PrEAu9ayQy8Lo1yUJ1CIffR2gFQWDyE3r5wizFI6bDEq_JLFnRggH0x34QjLhOAH4TJdKSeoaf1UAt-RbDyI4tt22iiGqsw\/s1500\/Carles P\u00e9rez 128 EFE.jpg","link":"http:\/\/www.moiceleste.com\/2022\/11\/carles-perez-sacrifica-sus-vacaciones.html","title":"Carles P\u00e9rez sacrifica sus vacaciones para estar a tope en la segunda","thumbnail":"https:\/\/ts4.mm.bing.net\/th?id=OIP.G5raPYSsnk9P0KzwfUQ02gHaE8&pid=15.1","size":"1500\u00d71000","desc":"\ue000Carles\ue001 P\u00e9rez sacrifica sus vacaciones para estar a tope en la segunda ...","filetype":"","width":"1500\u00d71000","height":null,"domain":"www.moiceleste.com"},{"url":"https:\/\/fotografias.antena3.com\/clipping\/cmsimages01\/2025\/08\/01\/832C888A-F096-42D0-A0DC-AE58C2CA0CD8\/futbolista-carles-perez-banquillo_98.jpg?crop=5000,2813,x0,y520&width=1900&height=1069&optimize=low&format=webply","link":"https:\/\/www.antena3.com\/noticias\/deportes\/futbol\/relato-carles-perez-ser-mordido-genitales-intentaba-separar-perro-otro_20250801688cbd83c5e9fd602f64d26c.html","title":"El relato de Carles P\u00e9rez tras ser mordido en los genitales: \"Intentaba","thumbnail":"https:\/\/ts3.mm.bing.net\/th?id=OIP.SWSx6qtDl-o36Of5UjEu5QHaEK&pid=15.1","size":"1900\u00d71069","desc":"El relato de \ue000Carles\ue001 P\u00e9rez tras ser mordido en los genitales: \"Intentaba ...","filetype":"","width":"1900\u00d71069","height":null,"domain":"www.antena3.com"},{"url":"https:\/\/cdn.vox-cdn.com\/thumbor\/fTpu3ZH6RFE006R3srrvVi3XWW8=\/0x0:2791x1904\/1200x800\/filters:focal(1115x161:1561x607)\/cdn.vox-cdn.com\/uploads\/chorus_image\/image\/65335237\/1164118500.jpg.0.jpg","link":"https:\/\/www.barcablaugranes.com\/fc-barcelona-transfer-rumors-news\/2019\/9\/27\/20886676\/carles-perez-extends-barcelona-deal-until-2022","title":"Carles Perez extends Barcelona deal until 2022 - Barca Blaugranes","thumbnail":"https:\/\/ts3.mm.bing.net\/th?id=OIP.1PxfFUW7OKbeHeTPxCslSAHaE8&pid=15.1","size":"1200\u00d7800","desc":"\ue000Carles\ue001 \ue000Perez\ue001 extends Barcelona deal until 2022 - Barca Blaugranes","filetype":"","width":"1200\u00d7800","height":null,"domain":"www.barcablaugranes.com"},{"url":"https:\/\/album.mediaset.es\/eimg\/2025\/11\/11\/carles-perez-tras-su-fichaje-por-el-aris-foto-instagram-001-png-16-9-aspect-ratio-default-0_da39.jpg","link":"https:\/\/www.eldesmarque.com\/futbol\/20250730\/carles-perez-ingresado-estado-grave-mordisco-perro-genitales_18_017280086.html","title":"Carles P\u00e9rez herido tras el bocado de un perro en Grecia","thumbnail":"https:\/\/ts2.mm.bing.net\/th?id=OIP.mQiZovJOZHfQvBFJXRbSrwHaEK&pid=15.1","size":"1920\u00d71080","desc":"\ue000Carles\ue001 P\u00e9rez herido tras el bocado de un perro en Grecia","filetype":"","width":"1920\u00d71080","height":null,"domain":"www.eldesmarque.com"},{"url":"https:\/\/media.lessentiel.lu\/18\/image\/2025\/07\/31\/bedd6ed8-bb5a-41e4-9bc9-4e658f8be7e2.jpg?auto=format%2Ccompress%2Cenhance&fit=max&w=1200&h=1200&rect=0%2C0%2C4000%2C2667&s=43886ae814f9f6f95d3491bd13cf5e60","link":"https:\/\/www.lessentiel.lu\/fr\/story\/football-un-ex-joueur-du-barca-mordu-par-un-chien-aux-parties-genitales-103391346","title":"Football: Carles Perez mordu par un chien aux parties g\u00e9nitales - L","thumbnail":"https:\/\/ts4.mm.bing.net\/th?id=OIP.Np5m-Q-gIWTwu9Dx9bbFggHaE8&pid=15.1","size":"1200\u00d7800","desc":"Football: \ue000Carles\ue001 \ue000Perez\ue001 mordu par un chien aux parties g\u00e9nitales - L ...","filetype":"","width":"1200\u00d7800","height":null,"domain":"www.lessentiel.lu"},{"url":"https:\/\/sportcdns.live\/news-2\/9f5da3dcfca5b182d1dac4717d5cbd5f6c51dc9059bc10b96ab73cbfa9e5598e.webp","link":"https:\/\/www.footboom1.com\/en\/news\/football\/2571476-carles-perez-faces-former-team-in-crucial-europa-final","title":"Carles Perez Faces Former Team in Crucial Europa Final - footboom1.com","thumbnail":"https:\/\/ts2.mm.bing.net\/th?id=OIP.ukavxBkGekDve9pMmzeDLgHaE8&pid=15.1","size":"1200\u00d7800","desc":"\ue000Carles\ue001 \ue000Perez\ue001 Faces Former Team in Crucial Europa Final - footboom1.com","filetype":"","width":"1200\u00d7800","height":null,"domain":"www.footboom1.com"},{"url":"https:\/\/www.collect-it.de\/media\/image\/product\/438399\/lg\/su35-carles-perez-squad-update-2021-2022.jpg","link":"https:\/\/www.collect-it.de\/SU35-Carles-Perez-Squad-Update-2021-2022","title":"SU35 - Carles Perez - Squad Update - 2021\/2022, 0,39","thumbnail":"https:\/\/ts4.mm.bing.net\/th?id=OIP.vfWJ8RPskOi8Y10ZXLG3uQHaHa&pid=15.1","size":"1200\u00d71200","desc":"SU35 - \ue000Carles\ue001 \ue000Perez\ue001 - Squad Update - 2021\/2022, 0,39","filetype":"","width":"1200\u00d71200","height":null,"domain":"www.collect-it.de"},{"url":"https:\/\/blogger.googleusercontent.com\/img\/b\/R29vZ2xl\/AVvXsEjCghT9kiNOYYViEonM818Y8QEnLaFPH_5GTwNNBeXggI1qPgI88WMzovh8ZNiiy6RCmoTJBhfk2lJQQu_K9DR_jZRPYQLMxjjzXMP8DWj8yoCwHAuXDeJLVLxRonGXl1LEPzfWieziz2OANqKAMzRXsaWwhkQ7y7lr51evm1qotvYiKDZ7O8zC0htkIGjl\/s4743\/Carles P\u00e9rez 397 Octavio Passos.jpeg","link":"http:\/\/www.moiceleste.com\/2023\/06\/carles-perez-se-acerca-al-celta.html","title":"Carles P\u00e9rez se acerca al Celta ~ Celta de Vigo Moi Celeste","thumbnail":"https:\/\/ts2.mm.bing.net\/th?id=OIP.9_0Ygy70Jik_J42S-2rstAHaE8&pid=15.1","size":"4743\u00d73162","desc":"\ue000Carles\ue001 P\u00e9rez se acerca al Celta ~ Celta de Vigo Moi Celeste","filetype":"","width":"4743\u00d73162","height":null,"domain":"www.moiceleste.com"},{"url":"https:\/\/static.independentespanol.com\/2025\/07\/31\/23\/GRECIA_MORDIDA_PERRO_CARLES_PEREZ_33634.jpg","link":"https:\/\/www.independentespanol.com\/deportes\/mordida-de-perro-le-impide-a-carles-perez-ex-barcelona-disputar-partido-en-grecia-b2800023.html","title":"Mordida de perro le impide a Carles P\u00e9rez, ex Barcelona, disputar","thumbnail":"https:\/\/ts4.mm.bing.net\/th?id=OIP.wX0svlgxl_JhKqoF5KbnhQHaE7&pid=15.1","size":"3674\u00d72449","desc":"Mordida de perro le impide a \ue000Carles\ue001 P\u00e9rez, ex Barcelona, disputar ...","filetype":"","width":"3674\u00d72449","height":null,"domain":"www.independentespanol.com"},{"url":"https:\/\/c8.alamy.com\/comp\/2KB76A8\/carles-perez-damian-suarez-and-david-soria-during-la-liga-match-between-getafe-cf-and-fc-barcelona-at-coliseum-alfonso-perez-on-september-28-2019-in-madrid-spain-photo-by-rubn-de-la-fuente-preznurphoto-2KB76A8.jpg","link":"https:\/\/www.alamy.com\/stock-photo\/fuente-perez.html","title":"Fuente perez hi-res stock photography and images - Alamy","thumbnail":"https:\/\/ts4.mm.bing.net\/th?id=OIP.s3RBl4S7VwhQGx7FED0KYwHaFc&pid=15.1","size":"1300\u00d7957","desc":"Fuente \ue000perez\ue001 hi-res stock photography and images - Alamy","filetype":"","width":"1300\u00d7957","height":null,"domain":"www.alamy.com"},{"url":"https:\/\/album.mediaset.es\/eimg\/2025\/1028\/16\/diseno-sin-titulo-9png-001-png-474c2e7.jpg","link":"https:\/\/www.eldesmarque.com\/futbol\/20240402\/carles-perez-revive-con-claudio-giraldez-tras-no-contar-para-rafa-benitez_18_017200196.html","title":"Claudio Gir\u00e1ldez recupera a Carles P\u00e9rez, defenestrado por Rafa Ben\u00edtez","thumbnail":"https:\/\/ts1.mm.bing.net\/th?id=OIP.EmPthv1sVd0cBAmh1u7NKQHaEK&pid=15.1","size":"1920\u00d71080","desc":"Claudio Gir\u00e1ldez recupera a \ue000Carles\ue001 P\u00e9rez, defenestrado por Rafa Ben\u00edtez","filetype":"","width":"1920\u00d71080","height":null,"domain":"www.eldesmarque.com"},{"url":"https:\/\/album.mediaset.es\/eimg\/2025\/11\/11\/carles-perez-durante-el-celta-girona-foto-laliga-002-jpeg-16-9-aspect-ratio-default-0_da39.jpg","link":"https:\/\/www.eldesmarque.com\/especiales\/20230523\/carles-perez-el-jugador-hyundai-del-celta-girona_18_017129078.html","title":"Carles P\u00e9rez, el Jugador Hyundai del Celta - Girona","thumbnail":"https:\/\/ts4.mm.bing.net\/th?id=OIP.VwYhOBT2_6pDWIaV79PkAQHaEK&pid=15.1","size":"1920\u00d71080","desc":"\ue000Carles\ue001 P\u00e9rez, el Jugador Hyundai del Celta - Girona","filetype":"","width":"1920\u00d71080","height":null,"domain":"www.eldesmarque.com"},{"url":"https:\/\/www.marinebiodiversity.ca\/wp-content\/uploads\/2025\/02\/deep-sea-bioluminescence-768x439.jpg","link":"https:\/\/www.marinebiodiversity.ca\/zones-of-the-marine-biome-key-indicators-of-ocean-health\/","title":"Zones of the Marine Biome: Key Indicators of Ocean Health - Marine","thumbnail":"https:\/\/ts3.mm.bing.net\/th?id=OIP.Qh7Smczq5XZ2hbstfLdgRQHaEO&pid=15.1","size":"768\u00d7439","desc":"","filetype":"","width":"768\u00d7439","height":null,"domain":"www.marinebiodiversity.ca"},{"url":"https:\/\/www.sciencing.com\/sciencing\/animals-live-bathyal-zone-6746859\/92835356.jpg","link":"https:\/\/www.sciencing.com\/animals-live-bathyal-zone-6746859\/","title":"What Animals Live In The Bathyal Zone?","thumbnail":"https:\/\/ts3.mm.bing.net\/th?id=OIP.jHY-G4fd-At9RGk5n6VbZwHaFx&pid=15.1","size":"780\u00d7608","desc":"","filetype":"","width":"780\u00d7608","height":null,"domain":"www.sciencing.com"},{"url":"https:\/\/i.pinimg.com\/736x\/d0\/55\/ef\/d055ef4dd6184cebdb0d39e45cec664e.jpg","link":"https:\/\/www.pinterest.com\/pin\/a-female-gaussia-princeps-a-bathypelagic-copepod--217791331950294227\/","title":"A female Gaussia princeps, a bathypelagic copepod | Bioluminescent","thumbnail":"https:\/\/ts2.mm.bing.net\/th?id=OIP.gl-c5tsB69UwZByEHJNQNgHaGt&pid=15.1","size":"634\u00d7574","desc":"","filetype":"","width":"634\u00d7574","height":null,"domain":"www.pinterest.com"},{"url":"https:\/\/cdn0.animalwised.com\/en\/posts\/6\/9\/4\/giant_hatchetfish_argyropelecus_gigas_5496_1_orig.jpg","link":"https:\/\/www.animalwised.com\/bioluminescent-fish-species-amazing-examples-with-pictures-5496.html","title":"10 Bioluminescent Fish Sepcies with Photos and Interesting Facts","thumbnail":"https:\/\/ts2.mm.bing.net\/th?id=OIP.kGwTDGxreWLVyW79CS0WGwHaE8&pid=15.1","size":"1200\u00d7800","desc":"","filetype":"","width":"1200\u00d7800","height":null,"domain":"www.animalwised.com"},{"url":"https:\/\/lucina-content-cdn.minervaanalytics.dev\/stories\/2024\/07\/06\/iStock-1312339475.jpg","link":"https:\/\/www.thedailyatom.com\/articles\/the-bathypelagic-zone-receives-no-light","title":"The Bathypelagic Zone Receives No Light.","thumbnail":"https:\/\/ts2.mm.bing.net\/th?id=OIP.O_PPPc4RekAuZQwxV32GngHaEK&pid=15.1","size":"788\u00d7443","desc":"","filetype":"","width":"788\u00d7443","height":null,"domain":"www.thedailyatom.com"},{"url":"https:\/\/oceanconservancy.org\/wp-content\/uploads\/2019\/07\/figure1-hiressm.jpg","link":"https:\/\/ar.inspiredpencil.com\/pictures-2023\/bioluminescent-ocean-animals","title":"Bioluminescent Ocean Animals","thumbnail":"https:\/\/ts2.mm.bing.net\/th?id=OIP.jIe7G33plsbf8-RYuhR9lAHaFu&pid=15.1","size":"1200\u00d7928","desc":"","filetype":"","width":"1200\u00d7928","height":null,"domain":"ar.inspiredpencil.com"},{"url":"https:\/\/image3.slideserve.com\/5396288\/life-in-the-bathypelagic-zone-l.jpg","link":"https:\/\/www.slideserve.com\/garth\/zones-of-the-ocean","title":"PPT - Zones of the Ocean PowerPoint Presentation, free download - ID","thumbnail":"https:\/\/ts2.mm.bing.net\/th?id=OIP.c9Wdrk_r2EV020pRRUV1hAHaFj&pid=15.1","size":"1024\u00d7768","desc":"zone zones","filetype":"","width":"1024\u00d7768","height":null,"domain":"www.slideserve.com"},{"url":"https:\/\/study.com\/cimages\/multimages\/16\/bioluminescent_jellyfish2223184766009509289.jpg","link":"https:\/\/ar.inspiredpencil.com\/pictures-2023\/bathyal-zone-animals","title":"Bathyal Zone Animals","thumbnail":"https:\/\/ts2.mm.bing.net\/th?id=OIP.P1tecdcyH6G7qQ_w8a70eAAAAA&pid=15.1","size":"320\u00d7213","desc":"","filetype":"","width":"320\u00d7213","height":null,"domain":"ar.inspiredpencil.com"},{"url":"https:\/\/www.nautra.co.uk\/cdn\/shop\/files\/Home_69.png?v=1745166279&width=1350","link":"https:\/\/www.nautra.co.uk\/pages\/lesson-4-the-ocean-s-layers-from-sunlit-waters-to-the-deep-sea","title":"Lesson 4: The Ocean\u2019s Layers \u2013 From Sunlit Waters to the Deep Sea \u2013 NAUTRA","thumbnail":"https:\/\/ts3.mm.bing.net\/th?id=OIP.3jQTIGiC9XhUPA6Ii7rYzwHaF7&pid=15.1","size":"1350\u00d71080","desc":"","filetype":"","width":"1350\u00d71080","height":null,"domain":"www.nautra.co.uk"},{"url":"https:\/\/www.sas.upenn.edu\/~msheila\/biolumlayerocean.gif","link":"https:\/\/www.sas.upenn.edu\/~msheila\/biolumevolution.html","title":"biolumintro","thumbnail":"https:\/\/ts4.mm.bing.net\/th?id=OIP.S4y5cPxEtU-awBO4hEBZxgAAAA&pid=15.1","size":"460\u00d7311","desc":"function lives ocean meters organism zones surface 1000 below would need light an that","filetype":"","width":"460\u00d7311","height":null,"domain":"www.sas.upenn.edu"},{"url":"https:\/\/s2.studylib.net\/store\/data\/005795537_1-3f4990908b32c435fab0f24fabcab1a5-768x994.png","link":"https:\/\/studylib.net\/doc\/5795537\/bioluminescence","title":"Bioluminescence","thumbnail":"https:\/\/ts4.mm.bing.net\/th?id=OIP.rv5gYVYxruHAqkPljuZMiQHaFj&pid=15.1","size":"768\u00d7576","desc":"","filetype":"","width":"768\u00d7576","height":null,"domain":"studylib.net"},{"url":"https:\/\/thumbs.dreamstime.com\/b\/illustration-ocean-zones-depicting-diverse-marine-life-sunlight-zone-epipelagic-sharks-tuna-small-fish-twilight-mesopelagic-404621904.jpg","link":"https:\/\/www.dreamstime.com\/illustration-ocean-zones-depicting-diverse-marine-life-sunlight-zone-epipelagic-sharks-tuna-small-fish-twilight-mesopelagic-image404621904","title":"Ocean Zones: Illustrating Diverse Marine Life Across Sunlight, Twilight","thumbnail":"https:\/\/ts4.mm.bing.net\/th?id=OIP.OutSGDIc3U6IRCtxihoC9AHaEC&pid=15.1","size":"800\u00d7437","desc":"","filetype":"","width":"800\u00d7437","height":null,"domain":"www.dreamstime.com"},{"url":"http:\/\/slidetodoc.com\/presentation_image_h2\/83e40f859120e33f11efa66e5284be5b\/image-5.jpg","link":"https:\/\/slidetodoc.com\/animal-life-in-the-ocean-by-daniel-gonzalez\/","title":"Animal Life in the Ocean By Daniel Gonzalez","thumbnail":"https:\/\/ts3.mm.bing.net\/th?id=OIP.wFy-VKdLNvl__xocp1njyAHaFj&pid=15.1","size":"720\u00d7540","desc":"","filetype":"","width":"720\u00d7540","height":null,"domain":"slidetodoc.com"},{"url":"https:\/\/www.whoi.edu\/wp-content\/uploads\/2023\/12\/ocean-zones-1.jpg","link":"https:\/\/www.whoi.edu\/ocean-learning-hub\/ocean-topics\/how-the-ocean-works\/ocean-zones\/","title":"Ocean Zones - Woods Hole Oceanographic Institution","thumbnail":"https:\/\/ts4.mm.bing.net\/th?id=OIP.8Por90MWmcKZpI-Q2IvmYwHaEK&pid=15.1","size":"1920\u00d71080","desc":"","filetype":"","width":"1920\u00d71080","height":null,"domain":"www.whoi.edu"},{"url":"https:\/\/www.whoi.edu\/wp-content\/uploads\/2025\/06\/Mesopelagic-Food-Web-1200x800.jpg","link":"https:\/\/www.whoi.edu\/ocean-learning-hub\/ocean-topics\/how-the-ocean-works\/ocean-zones\/","title":"Ocean Zones - Woods Hole Oceanographic Institution","thumbnail":"https:\/\/ts1.mm.bing.net\/th?id=OIP.I_aI8-cWFIDHwWBvOTnZXAHaE8&pid=15.1","size":"1200\u00d7800","desc":"","filetype":"","width":"1200\u00d7800","height":null,"domain":"www.whoi.edu"},{"url":"http:\/\/lowlightintensity.weebly.com\/uploads\/4\/2\/8\/1\/42818295\/4221896_orig.jpg","link":"https:\/\/lowlightintensity.weebly.com\/the-deep-sea--bioluminescence.html","title":"The Deep Sea & Bioluminescence - Low Light Intensity Adaptations","thumbnail":"https:\/\/ts1.mm.bing.net\/th?id=OIP.OoBUr_jn_fSz-0gpX4_9PAHaFZ&pid=15.1","size":"570\u00d7415","desc":"","filetype":"","width":"570\u00d7415","height":null,"domain":"lowlightintensity.weebly.com"},{"url":"https:\/\/m.media-amazon.com\/images\/I\/71q5TTfPrgL.jpg","link":"https:\/\/ar.inspiredpencil.com\/pictures-2023\/bathyal-zone","title":"Bathyal Zone","thumbnail":"https:\/\/ts1.mm.bing.net\/th?id=OIP.UZ5FSRStmAg-fGVXR7St4gHaO0&pid=15.1","size":"500\u00d71000","desc":"","filetype":"","width":"500\u00d71000","height":null,"domain":"ar.inspiredpencil.com"},{"url":"https:\/\/images.squarespace-cdn.com\/content\/v1\/674abe9d66c6ef2a57a59143\/f78af94f-e8d5-4411-a625-6e539bbdafcf\/Deep+Sea+Layers+ocean+animals+r.png?format=1500w","link":"https:\/\/www.wildlifenomads.com\/blog\/animals-in-the-deep-sea","title":"Animals in the Deep Sea | Layers of the Ocean \u2014 Wildlife Nomads","thumbnail":"https:\/\/ts2.mm.bing.net\/th?id=OIP.cDosMDJktIPA4SaSM-gbOwHaLH&pid=15.1","size":"533\u00d7800","desc":"","filetype":"","width":"533\u00d7800","height":null,"domain":"www.wildlifenomads.com"},{"url":"https:\/\/media.geeksforgeeks.org\/wp-content\/uploads\/20240205112910\/Pelagic-Zone-animals-768.png","link":"https:\/\/www.geeksforgeeks.org\/pelagic-zone-ocean\/","title":"Pelagic Zone - GeeksforGeeks","thumbnail":"https:\/\/ts4.mm.bing.net\/th?id=OIP.xq-RcUcNKaCKPAM0A1ab1AHaDt&pid=15.1","size":"768\u00d7384","desc":"","filetype":"","width":"768\u00d7384","height":null,"domain":"www.geeksforgeeks.org"},{"url":"https:\/\/upload.wikimedia.org\/wikipedia\/commons\/thumb\/b\/bc\/Pelagiczone.svg\/330px-Pelagiczone.svg.png","link":"https:\/\/en.wikipedia.org\/wiki\/Mesopelagic_zone","title":"Mesopelagic zone - Wikipedia","thumbnail":"https:\/\/ts1.mm.bing.net\/th?id=OIP.vDKO9GUfQpNstESIvDQUgwAAAA&pid=15.1","size":"330\u00d7950","desc":"","filetype":"","width":"330\u00d7950","height":null,"domain":"en.wikipedia.org"},{"url":"https:\/\/cdn0.thedailyeco.com\/en\/posts\/3\/1\/6\/what_is_the_bathypelagic_bathyal_zone_613_600.jpg","link":"https:\/\/www.thedailyeco.com\/what-is-the-bathypelagic-bathyal-zone-613.html","title":"The Bathyopelagic Zone - Definition, Flora and Fauna","thumbnail":"https:\/\/ts4.mm.bing.net\/th?id=OIP.flBNfh-xtpEGctJmCXVbDQHaE8&pid=15.1","size":"600\u00d7400","desc":"","filetype":"","width":"600\u00d7400","height":null,"domain":"www.thedailyeco.com"},{"url":"https:\/\/cdn.britannica.com\/67\/6567-050-1FC252B4\/ocean-Zonation-pelagic-zone-waters-globe-continental.jpg","link":"https:\/\/ar.inspiredpencil.com\/pictures-2023\/ocean-zones-explorer-chart","title":"Ocean Zones Explorer Chart","thumbnail":"https:\/\/ts4.mm.bing.net\/th?id=OIP.G-tOMJpdvpjPE5hr9t3t0wHaGv&pid=15.1","size":"2000\u00d71820","desc":"","filetype":"","width":"2000\u00d71820","height":null,"domain":"ar.inspiredpencil.com"},{"url":"http:\/\/bathypelagiczone.weebly.com\/uploads\/1\/3\/9\/1\/13916057\/324718_orig.jpg","link":"https:\/\/bathypelagiczone.weebly.com\/animals.html","title":"Animals - Bathypelagic Zone","thumbnail":"https:\/\/ts2.mm.bing.net\/th?id=OIP.MVb_5Gu425OVqIIGUrJsUAHaEn&pid=15.1","size":"284\u00d7177","desc":"animals zone conditions weebly","filetype":"","width":"284\u00d7177","height":null,"domain":"bathypelagiczone.weebly.com"},{"url":"https:\/\/image3.slideserve.com\/5396288\/bathypelagic-zone-l.jpg","link":"https:\/\/www.slideserve.com\/garth\/zones-of-the-ocean","title":"PPT - Zones of the Ocean PowerPoint Presentation, free download - ID","thumbnail":"https:\/\/ts4.mm.bing.net\/th?id=OIP.xVjdbJR333r93lXz2K-iEQHaFj&pid=15.1","size":"1024\u00d7768","desc":"zones mesopelagic","filetype":"","width":"1024\u00d7768","height":null,"domain":"www.slideserve.com"},{"url":"https:\/\/image.slideserve.com\/1099068\/pelagic-zones-l.jpg","link":"https:\/\/www.slideserve.com\/lanza\/ocean-environments","title":"PPT - Ocean Environments PowerPoint Presentation, free download - ID","thumbnail":"https:\/\/ts3.explicit.bing.net\/th?id=OIP.yAfKjM5QPtAnYyhD_-dwiQHaFj&pid=15.1","size":"1024\u00d7768","desc":"squid zone vampire zones pelagic meters","filetype":"","width":"1024\u00d7768","height":null,"domain":"www.slideserve.com"},{"url":"https:\/\/image2.slideserve.com\/4301599\/the-midnight-zone-l.jpg","link":"https:\/\/www.slideserve.com\/zuzana\/under-the-sea","title":"PPT - Under the Sea PowerPoint Presentation, free download - ID:4301599","thumbnail":"https:\/\/ts4.mm.bing.net\/th?id=OIP.mGc93EjA5-fSNco1AEZnNAHaFj&pid=15.1","size":"1024\u00d7768","desc":"zone midnight sea under deep presentation","filetype":"","width":"1024\u00d7768","height":null,"domain":"www.slideserve.com"},{"url":"https:\/\/image1.slideserve.com\/1790451\/bathypelagic-zone-l.jpg","link":"https:\/\/www.slideserve.com\/zonta\/aquatic-ecosystems-powerpoint-ppt-presentation","title":"PPT - Aquatic Ecosystems PowerPoint Presentation, free download - ID","thumbnail":"https:\/\/ts3.mm.bing.net\/th?id=OIP.Sib0Cab5gzcE1rcNsBqSzwHaFj&pid=15.1","size":"1024\u00d7768","desc":"","filetype":"","width":"1024\u00d7768","height":null,"domain":"www.slideserve.com"},{"url":"https:\/\/render.fineartamerica.com\/images\/rendered\/default\/metal-print\/8\/6.5\/break\/images\/artworkimages\/medium\/3\/zones-of-the-ocean-spencer-sutton.jpg","link":"https:\/\/ar.inspiredpencil.com\/pictures-2023\/bathypelagic-zone","title":"Bathypelagic Zone","thumbnail":"https:\/\/ts4.mm.bing.net\/th?id=OIP.pVZtzKiRbDbW5LpWvBl3hAHaHP&pid=15.1","size":"493\u00d7482","desc":"","filetype":"","width":"493\u00d7482","height":null,"domain":"ar.inspiredpencil.com"},{"url":"https:\/\/www.researchgate.net\/publication\/328435542\/figure\/fig2\/AS:686256249917440@1540627648071\/Map-of-A-the-depth-of-the-epi-mesopelagic-vertical-boundary-and-B-meso-bathypelagic.ppm","link":"https:\/\/www.researchgate.net\/figure\/Map-of-A-the-depth-of-the-epi-mesopelagic-vertical-boundary-and-B-meso-bathypelagic_fig2_328435542","title":"Map of (A) the depth of the epi-mesopelagic vertical boundary and (B","thumbnail":"https:\/\/ts4.mm.bing.net\/th?id=OIP.YnQsfXGcg8bBcZNS4DwtGgHaG6&pid=15.1","size":"738\u00d7689","desc":"","filetype":"","width":"738\u00d7689","height":null,"domain":"www.researchgate.net"},{"url":"https:\/\/render.fineartamerica.com\/images\/rendered\/default\/flat\/round-beach-towel\/images\/artworkimages\/medium\/3\/zones-of-the-ocean-spencer-sutton.jpg?&targetx=-78&targety=0&imagewidth=944&imageheight=788&modelwidth=788&modelheight=788&backgroundcolor=305461&orientation=0","link":"https:\/\/fity.club\/lists\/suggestions\/bathypelagic-zone\/","title":"Bathypelagic Zone","thumbnail":"https:\/\/ts3.mm.bing.net\/th?id=OIP.e792tCO7t17OI0pxgeDdEgHaHa&pid=15.1","size":"850\u00d7850","desc":"","filetype":"","width":"850\u00d7850","height":null,"domain":"fity.club"},{"url":"https:\/\/www.scuba.com\/blog\/wp-content\/uploads\/2015\/01\/ocean-depth-zones-crop-shutterstock_1640168446.jpg","link":"https:\/\/www.scuba.com\/blog\/5-sea-creatures-of-the-bathypelagic-zone\/","title":"5 Animals Found in the Bathypelagic Zone - Scuba.com","thumbnail":"https:\/\/ts2.mm.bing.net\/th?id=OIP.HJPQYIUtHTF7uOff8Ob1KQHaEK&pid=15.1","size":"1200\u00d7675","desc":"","filetype":"","width":"1200\u00d7675","height":null,"domain":"www.scuba.com"},{"url":"https:\/\/www.album-online.com\/photos\/prev\/MzQ3OWNhMA\/album_alb3829873.jpg","link":"https:\/\/ar.inspiredpencil.com\/pictures-2023\/bathypelagic-zone","title":"Bathypelagic Zone","thumbnail":"https:\/\/ts1.mm.bing.net\/th?id=OIP.ZACav84ku_1b7i2ZHQOCkwHaGj&pid=15.1","size":"1024\u00d7907","desc":"","filetype":"","width":"1024\u00d7907","height":null,"domain":"ar.inspiredpencil.com"},{"url":"https:\/\/bathypelagiczone.weebly.com\/uploads\/1\/3\/9\/1\/13916057\/4475859_orig.jpg","link":"https:\/\/bathypelagiczone.weebly.com\/animals.html","title":"Animals - Bathypelagic Zone","thumbnail":"https:\/\/ts4.mm.bing.net\/th?id=OIP.sNlqxFCIPpHNsWksSXfpYAAAAA&pid=15.1","size":"400\u00d7347","desc":"mysis shrimp animals opossum zone animal usgs er nas gov species just plankton yellowstone fish live cyprinidae fishing fly national","filetype":"","width":"400\u00d7347","height":null,"domain":"bathypelagiczone.weebly.com"},{"url":"https:\/\/www.aquaportail.com\/pictures2306\/bathyal.jpg","link":"https:\/\/fity.club\/lists\/suggestions\/plantes-de-la-zone-abyssale\/","title":"Plantes De La Zone Abyssale Observations Floristiques Nouvelles","thumbnail":"https:\/\/ts2.mm.bing.net\/th?id=OIP.-KE1UY_ttJ8QA6QdKW3faAHaEK&pid=15.1","size":"1600\u00d7900","desc":"","filetype":"","width":"1600\u00d7900","height":null,"domain":"fity.club"},{"url":"http:\/\/bathypelagiczone.weebly.com\/uploads\/1\/3\/9\/1\/13916057\/8007653_orig.jpg","link":"https:\/\/bathypelagiczone.weebly.com\/animals.html","title":"Animals - Bathypelagic Zone","thumbnail":"https:\/\/ts1.mm.bing.net\/th?id=OIP.qAgo2bIHof64vqqbEea5AAHaE8&pid=15.1","size":"594\u00d7396","desc":"black swallower animals zone niger eater nightmarish binge meet","filetype":"","width":"594\u00d7396","height":null,"domain":"bathypelagiczone.weebly.com"},{"url":"https:\/\/www.runehq.com\/image\/cityguides\/stormguardcitadel\/dayguard.png","link":"https:\/\/www.runehq.com\/area\/stormguard-citadel-dig-site","title":"Stormguard Citadel Dig Site - RuneScape Guide - RuneHQ","thumbnail":"https:\/\/ts4.mm.bing.net\/th?id=OIP.8CQwNwWtqab33Bk1O7lLcAHaFE&pid=15.1","size":"512\u00d7350","desc":"Stormguard Citadel Dig Site - RuneScape Guide - RuneHQ","filetype":"","width":"512\u00d7350","height":null,"domain":"www.runehq.com"},{"url":"https:\/\/steamuserimages-a.akamaihd.net\/ugc\/775102877231263872\/51CBB16DA93A6FC37EDE3008628CE0AC4CA61BDF\/?imw=1024&&ima=fit&impolicy=Letterbox&imcolor=%23000000&letterbox=false","link":"https:\/\/steamcommunity.com\/app\/573090\/","title":"Steam Community :: Stormworks: Build and Rescue","thumbnail":"https:\/\/ts3.mm.bing.net\/th?id=OIP.aoYArXCp32wGSlyXnAr-dwHaEG&pid=15.1","size":"1024\u00d7567","desc":"Steam Community :: Stormworks: Build and Rescue","filetype":"","width":"1024\u00d7567","height":null,"domain":"steamcommunity.com"},{"url":"https:\/\/i.pinimg.com\/originals\/42\/c3\/4e\/42c34eae194c89e8751e0171cf67ab98.jpg","link":"https:\/\/mx.pinterest.com\/pin\/in-2023--86342517849803192\/","title":"\ud835\ude43\ud835\ude5a\ud835\ude63\ud835\ude58\ud835\ude5d\ud835\ude62\ud835\ude5a\ud835\ude63 | Howl\u2019s moving castle, Howl and sophie, Howls moving castle","thumbnail":"https:\/\/ts3.mm.bing.net\/th?id=OIP.my2nb9KzXSqPB8RDUZ1cDQHaHa&pid=15.1","size":"1200\u00d71200","desc":"\ud835\ude43\ud835\ude5a\ud835\ude63\ud835\ude58\ud835\ude5d\ud835\ude62\ud835\ude5a\ud835\ude63 | \ue000Howl\ue001\u2019\ue000s\ue001 moving castle, \ue000Howl\ue001 and sophie, Howls moving castle","filetype":"","width":"1200\u00d71200","height":null,"domain":"mx.pinterest.com"},{"url":"https:\/\/static1.cbrimages.com\/wordpress\/wp-content\/uploads\/2024\/11\/howl-s-moving-castle-jacket.jpg","link":"https:\/\/www.cbr.com\/studio-ghibli-howls-moving-castle-military-jacket-release\/","title":"Studio Ghibli Reveals Its Newly Updated Howl's Moving Castle Military","thumbnail":"https:\/\/ts4.mm.bing.net\/th?id=OIP.UTrFMPObSZ-cmPeJZOn3zAHaDt&pid=15.1","size":"1400\u00d7700","desc":"Studio Ghibli Reveals Its Newly Updated \ue000Howl\ue001'\ue000s\ue001 Moving Castle Military ...","filetype":"","width":"1400\u00d7700","height":null,"domain":"www.cbr.com"},{"url":"https:\/\/4kwallpapers.com\/images\/wallpapers\/howls-moving-castle-2880x1800-18303.jpg","link":"https:\/\/4kwallpapers.com\/movies\/howls-moving-castle-18303.html","title":"Howl's Moving Castle Wallpaper 4K, Studio Ghibli","thumbnail":"https:\/\/ts3.mm.bing.net\/th?id=OIP.AC19dudI2AF1aODdTzVgRAHaEo&pid=15.1","size":"2880\u00d71800","desc":"\ue000Howl\ue001'\ue000s\ue001 Moving Castle Wallpaper 4K, Studio Ghibli","filetype":"","width":"2880\u00d71800","height":null,"domain":"4kwallpapers.com"},{"url":"https:\/\/i.servimg.com\/u\/f78\/15\/94\/47\/74\/7115.jpg","link":"https:\/\/servimg.com\/view\/15944774\/4666","title":"7115.jpg | Servimg.com - Free image hosting service","thumbnail":"https:\/\/ts3.mm.bing.net\/th?id=OIP.nUTs-3zVRaMP7XhlS0tVdgHaFi&pid=15.1","size":"1024\u00d7766","desc":"7115.jpg | Servimg.com - Free image hosting service","filetype":"","width":"1024\u00d7766","height":null,"domain":"servimg.com"},{"url":"https:\/\/www.runehq.com\/image\/maps\/land\/caches\/large\/stormguardsteel.png","link":"https:\/\/www.runehq.com\/map\/archaeology-caches","title":"Archaeology Caches - RuneScape Guide - RuneHQ","thumbnail":"https:\/\/ts2.mm.bing.net\/th?id=OIP.AaCRK5gFKchpXG6nIaGYUgHaFE&pid=15.1","size":"512\u00d7350","desc":"Archaeology Caches - RuneScape Guide - RuneHQ","filetype":"","width":"512\u00d7350","height":null,"domain":"www.runehq.com"},{"url":"https:\/\/www.betaarchive.com\/imageupload\/2013-08\/1375827194.or.70148.png","link":"https:\/\/www.betaarchive.com\/forum\/viewtopic.php?t=29185","title":"WoW Unused Content Exploration - BetaArchive","thumbnail":"https:\/\/ts1.mm.bing.net\/th?id=OIP.d0wq0RKI9esggppkIFk8JgHaFj&pid=15.1","size":"1033\u00d7774","desc":"WoW Unused Content Exploration - BetaArchive","filetype":"","width":"1033\u00d7774","height":null,"domain":"www.betaarchive.com"},{"url":"https:\/\/assetsfree.com\/wp-content\/uploads\/2025\/05\/Remy-Sculpts-Howl-Howls-Moving-Castle_@Top3DHub.webp","link":"https:\/\/assetsfree.com\/howl-howls-moving-castle\/","title":"Howl (Howl's Moving Castle) \u00bb Free High-Quality Models | AssetsFree.com","thumbnail":"https:\/\/ts4.mm.bing.net\/th?id=OIP.e26RlqkX4zKncpyqw9QIIQHaHa&pid=15.1","size":"900\u00d7900","desc":"\ue000Howl\ue001 (\ue000Howl's\ue001 Moving Castle) \u00bb Free High-Quality Models | AssetsFree.com","filetype":"","width":"900\u00d7900","height":null,"domain":"assetsfree.com"},{"url":"https:\/\/media.invisioncic.com\/g266965\/monthly_2023_10\/IMG_0951.jpeg.d788c06fd6cc76215f948f05b91b0c4c.jpeg","link":"https:\/\/hinterlandforums.com\/forums\/topic\/44144-3-hour-tour\/","title":"3 hour tour? - General Discussion - Hinterland Forums","thumbnail":"https:\/\/ts4.mm.bing.net\/th?id=OIP.GGQRVibrpnUxrEQKm_-32gHaFj&pid=15.1","size":"1200\u00d7900","desc":"3 hour tour? - General Discussion - Hinterland Forums","filetype":"","width":"1200\u00d7900","height":null,"domain":"hinterlandforums.com"},{"url":"https:\/\/steamuserimages-a.akamaihd.net\/ugc\/316747301013648129\/A819E2FC8CCD8D09F27F1718050A481F550CCF46\/?imw=637&imh=358&ima=fit&impolicy=Letterbox&imcolor=%23000000&letterbox=true","link":"https:\/\/steamcommunity.com\/sharedfiles\/filedetails\/?id=639893128","title":"Steam Workshop::Destroyed Castle","thumbnail":"https:\/\/ts3.mm.bing.net\/th?id=OIP.UjvL5r9I3UTQvTHSpGfwrgHaEK&pid=15.1","size":"637\u00d7358","desc":"Steam \ue000Workshop\ue001::Destroyed Castle","filetype":"","width":"637\u00d7358","height":null,"domain":"steamcommunity.com"},{"url":"https:\/\/i.pinimg.com\/736x\/82\/57\/fd\/8257fdb5f6137f2a278cb57cb1c7c83d.jpg","link":"https:\/\/www.pinterest.com\/pin\/694187730096042356\/","title":"SiriusFigure on Instagram: \" Howl & Sophie \u2013 Howl\u2019s Moving Castle","thumbnail":"https:\/\/ts4.mm.bing.net\/th?id=OIP.1GZAO142JxVRkuwI5t-MBwHaJW&pid=15.1","size":"720\u00d7909","desc":"SiriusFigure on Instagram: \" \ue000Howl\ue001 & Sophie \u2013 \ue000Howl\u2019s\ue001 Moving Castle ...","filetype":"","width":"720\u00d7909","height":null,"domain":"www.pinterest.com"},{"url":"https:\/\/www.runehq.com\/image\/specialreports\/archaeologymysteries\/writingsonthewall\/stormguard.png","link":"https:\/\/www.runehq.com\/guide.php?type=specialreport&id=1053","title":"Archaeology Mysteries - RuneScape Guide - RuneHQ","thumbnail":"https:\/\/ts4.mm.bing.net\/th?id=OIP.flj_NyjPTETe7CaVJdXIPgAAAA&pid=15.1","size":"150\u00d7150","desc":"Archaeology Mysteries - RuneScape Guide - RuneHQ","filetype":"","width":"150\u00d7150","height":null,"domain":"www.runehq.com"},{"url":"https:\/\/www.howlarts.org\/wp-content\/uploads\/2020\/02\/Head-Unknown-_Capacity-scaled.jpg","link":"https:\/\/www.howlarts.org\/event\/vega-arts-workshop-series-adventures-in-clay-with-helen-oliver-adelson\/","title":"Vega Arts Workshop Series: Adventures in Clay with Helen Oliver Adelson","thumbnail":"https:\/\/ts2.mm.bing.net\/th?id=OIP.AbIYorrhweKdp0EIz8tcQQHaJQ&pid=15.1","size":"2000\u00d72500","desc":"Vega Arts \ue000Workshop\ue001 Series: Adventures in Clay with Helen Oliver Adelson ...","filetype":"","width":"2000\u00d72500","height":null,"domain":"www.howlarts.org"},{"url":"https:\/\/i.pinimg.com\/736x\/09\/04\/0e\/09040e59a527e31a779b822a7b67f322.jpg","link":"https:\/\/www.pinterest.com\/pin\/quick-saves--829999406364471183\/","title":"Pin on Quick saves","thumbnail":"https:\/\/ts2.mm.bing.net\/th?id=OIP.TBeD2DiQ13C0xpdUm6WokAHaEK&pid=15.1","size":"736\u00d7414","desc":"Pin on Quick saves","filetype":"","width":"736\u00d7414","height":null,"domain":"www.pinterest.com"},{"url":"https:\/\/i.etsystatic.com\/12474940\/r\/il\/b61f26\/4115884409\/il_fullxfull.4115884409_ziuk.jpg","link":"https:\/\/fity.club\/lists\/w\/wizard-howl-cosplay-ndash\/","title":"Wizard Howl Cosplay Ndash","thumbnail":"https:\/\/ts4.mm.bing.net\/th?id=OIP.xHE-Fs-rwmSIsRZ_F9QxCAHaJ4&pid=15.1","size":"2250\u00d73000","desc":"Wizard \ue000Howl\ue001 Cosplay Ndash","filetype":"","width":"2250\u00d73000","height":null,"domain":"fity.club"},{"url":"https:\/\/www.tallengestore.com\/cdn\/shop\/products\/HowlsMovingCastle-StudioGhibli-JapanaeseAnimatedMovie-ArtPoster_ff156e90-4d31-41a9-a25c-63523a15d6da.jpg?v=1691816663","link":"https:\/\/ar.inspiredpencil.com\/pictures-2023\/howls-moving-castle-poster-english","title":"Howls Moving Castle Poster English","thumbnail":"https:\/\/ts1.mm.bing.net\/th?id=OIP.hE6m_2SddJGPgHlhOlzMtgHaJ4&pid=15.1","size":"825\u00d71100","desc":"\ue000Howls\ue001 Moving Castle Poster English","filetype":"","width":"825\u00d71100","height":null,"domain":"ar.inspiredpencil.com"},{"url":"https:\/\/runescape.wiki\/images\/thumb\/Stormguard_portal_sculpt.jpg\/534px-Stormguard_portal_sculpt.jpg?8067a","link":"https:\/\/runescape.wiki\/w\/Stormguard_portal","title":"Stormguard portal - The RuneScape Wiki","thumbnail":"https:\/\/ts3.mm.bing.net\/th?id=OIP.9dJkvqKTG67JMEYAxQM9fgHaEK&pid=15.1","size":"534\u00d7300","desc":"Stormguard portal - The RuneScape Wiki","filetype":"","width":"534\u00d7300","height":null,"domain":"runescape.wiki"},{"url":"https:\/\/i.ytimg.com\/vi\/UwxatzcYf9Q\/maxresdefault.jpg?sqp=-oaymwEmCIAKENAF8quKqQMa8AEB-AH-CYAC0AWKAgwIABABGGUgUChHMA8=&rs=AOn4CLDEaHS_5tsRIZ6Irfp4mc6VoK9goA","link":"https:\/\/music.youtube.com\/watch?v=UwxatzcYf9Q","title":"Howl's Moving Castle [OST - Theme Song]","thumbnail":"https:\/\/ts1.mm.bing.net\/th?id=OIP.R-QsdxvUycntD9Y2pOeqxAHaEK&pid=15.1","size":"1280\u00d7720","desc":"\ue000Howl's\ue001 Moving Castle [OST - Theme Song]","filetype":"","width":"1280\u00d7720","height":null,"domain":"music.youtube.com"},{"url":"https:\/\/jumpbooks.lk\/wp-content\/uploads\/2024\/04\/Howls-Moving-Castle-1.jpg","link":"https:\/\/jumpbooks.lk\/product\/howls-moving-castle\/","title":"Buy Howl\u2019s Moving Castle Book in Sri Lanka - Jumpbooks.lk","thumbnail":"https:\/\/ts2.mm.bing.net\/th?id=OIP.OVlXWgiU4vIbJx6D-sDyNwHaLX&pid=15.1","size":"977\u00d71500","desc":"Buy \ue000Howl\u2019s\ue001 Moving Castle Book in Sri Lanka - Jumpbooks.lk","filetype":"","width":"977\u00d71500","height":null,"domain":"jumpbooks.lk"},{"url":"https:\/\/www.okcmoa.com\/wp-content\/uploads\/2023\/11\/HOWLS_GKIDS_3840x2160_2004_tileburnedin.jpg","link":"https:\/\/cavalierchronicles.org\/16904\/opinion\/howls-moving-castle-review\/","title":"Howl\u2019s Moving Castle: Review \u2013 Cavalier Chronicles","thumbnail":"https:\/\/ts4.mm.bing.net\/th?id=OIP.-DcBhgSdp6QN2rCsfOaoswHaEK&pid=15.1","size":"1338\u00d7753","desc":"\ue000Howl\u2019s\ue001 Moving Castle: Review \u2013 Cavalier Chronicles","filetype":"","width":"1338\u00d7753","height":null,"domain":"cavalierchronicles.org"},{"url":"https:\/\/runescape.wiki\/images\/9\/9b\/Aetherium_forge.png?ae35a","link":"https:\/\/runescape.wiki\/w\/Aetherium_forge","title":"Aetherium forge - The RuneScape Wiki","thumbnail":"https:\/\/ts4.mm.bing.net\/th?id=OIP.80M-i83C6Cj8MPtBmAHbPwHaDG&pid=15.1","size":"2002\u00d7838","desc":"Aetherium forge - The RuneScape Wiki","filetype":"","width":"2002\u00d7838","height":null,"domain":"runescape.wiki"},{"url":"https:\/\/i.pinimg.com\/736x\/08\/a0\/ce\/08a0ce6cfe84e44acc54a2dcef3bece9.jpg","link":"https:\/\/in.pinterest.com\/pin\/howl-pendragon--32369691066163615\/","title":"Howl Pendragon | Howl redraw, Howls pendragon fanart, Howl jenkins","thumbnail":"https:\/\/ts1.explicit.bing.net\/th?id=OIP.5q-ZbnEkto_2F-ZY5eLXBgHaH6&pid=15.1","size":"736\u00d7786","desc":"\ue000Howl\ue001 Pendragon | \ue000Howl\ue001 redraw, \ue000Howls\ue001 pendragon fanart, \ue000Howl\ue001 jenkins","filetype":"","width":"736\u00d7786","height":null,"domain":"in.pinterest.com"},{"url":"https:\/\/wallpapers.com\/images\/hd\/howl-s-moving-castle-pictures-cxtvo42zi7lvmqmn.jpg","link":"https:\/\/wallpapers.com\/howl-s-moving-castle-pictures","title":"[100+] Howl's Moving Castle Pictures | Wallpapers.com","thumbnail":"https:\/\/ts2.mm.bing.net\/th?id=OIP.e_JKYSMcKo3MH6e5gJHamQHaFj&pid=15.1","size":"1440\u00d71080","desc":"[100+] \ue000Howl's\ue001 Moving Castle Pictures | Wallpapers.com","filetype":"","width":"1440\u00d71080","height":null,"domain":"wallpapers.com"},{"url":"https:\/\/i.pinimg.com\/originals\/63\/1c\/8d\/631c8d77e93715d5801c7ea2bd95e7b3.jpg","link":"https:\/\/in.pinterest.com\/pin\/howl-pendragon--143411569379473315\/","title":"Howl Pendragon | Wizard howl full body, Wizard howl fanart, Howl's","thumbnail":"https:\/\/ts2.mm.bing.net\/th?id=OIP.ayzXz_s6FzywDuro0TkkKQHaJ4&pid=15.1","size":"900\u00d71200","desc":"\ue000Howl\ue001 Pendragon | Wizard \ue000howl\ue001 full body, Wizard \ue000howl\ue001 fanart, \ue000Howl's\ue001 ...","filetype":"","width":"900\u00d71200","height":null,"domain":"in.pinterest.com"},{"url":"https:\/\/www.belloflostsouls.net\/wp-content\/uploads\/2055\/09\/howl-feat.jpg","link":"https:\/\/ar.inspiredpencil.com\/pictures-2023\/howls-moving-castle-howl-cosplay","title":"Howls Moving Castle Howl Cosplay","thumbnail":"https:\/\/ts3.mm.bing.net\/th?id=OIP.JeuW83gubgZmm3RIiL79OQHaDt&pid=15.1","size":"1400\u00d7700","desc":"\ue000Howls\ue001 Moving Castle \ue000Howl\ue001 Cosplay","filetype":"","width":"1400\u00d7700","height":null,"domain":"ar.inspiredpencil.com"},{"url":"https:\/\/i.pinimg.com\/736x\/ae\/08\/09\/ae08099a4d4dee965f3c2ed8de9d17eb.jpg","link":"https:\/\/fr.pinterest.com\/pin\/patreon-fan-art-howls-moving-castle-by-meomai-on-deviantart--598064025515138089\/","title":"Pin by Elizabeth Schaal on Studio Ghibli | Howls moving castle, Howl\u2019s","thumbnail":"https:\/\/ts2.mm.bing.net\/th?id=OIP.VRmS0IZC-BJKmAH6qa6paQHaJ3&pid=15.1","size":"736\u00d7981","desc":"Pin by Elizabeth Schaal on Studio Ghibli | \ue000Howls\ue001 moving castle, \ue000Howl\u2019s\ue001 ...","filetype":"","width":"736\u00d7981","height":null,"domain":"fr.pinterest.com"},{"url":"https:\/\/i.pinimg.com\/736x\/4d\/6f\/7c\/4d6f7c376fe39cd2916ecc738e71c9d6.jpg","link":"https:\/\/mx.pinterest.com\/pin\/howl-jenkins--1477812372916861\/","title":"Howl Jenkins | Howls moving castle art, Howls moving castle, Howl\u2019s","thumbnail":"https:\/\/ts2.mm.bing.net\/th?id=OIP.MXU5RZi6uNZn9CbPNvgu9wHaH2&pid=15.1","size":"716\u00d7759","desc":"\ue000Howl\ue001 Jenkins | \ue000Howls\ue001 moving castle art, \ue000Howls\ue001 moving castle, \ue000Howl\u2019s\ue001 ...","filetype":"","width":"716\u00d7759","height":null,"domain":"mx.pinterest.com"},{"url":"https:\/\/lookaside.fbsbx.com\/lookaside\/crawler\/media\/?media_id=379371807028880","link":"https:\/\/www.facebook.com\/HowlWorkshopDiseno\/","title":"Howl Workshop. Dise\u00f1o y Marketing","thumbnail":"https:\/\/ts1.mm.bing.net\/th?id=OIP.Cl8rqhJ48z7dPVnAmqx1tAHaHa&pid=15.1","size":"1080\u00d71080","desc":"\ue000Howl\ue001 \ue000Workshop\ue001. Dise\u00f1o y Marketing","filetype":"","width":"1080\u00d71080","height":null,"domain":"www.facebook.com"},{"url":"https:\/\/static.zerochan.net\/Howl.no.Ugoku.Shiro.full.3901783.jpg","link":"https:\/\/www.zerochan.net\/3901783","title":"Howl no Ugoku Shiro (Howl's Moving Castle) Image by Xiaojiaju #3901783","thumbnail":"https:\/\/ts2.mm.bing.net\/th?id=OIP.L05Y1YoMuHDojnwn3FPzBwHaDt&pid=15.1","size":"3000\u00d71500","desc":"\ue000Howl\ue001 no Ugoku Shiro (\ue000Howl's\ue001 Moving Castle) Image by Xiaojiaju #3901783 ...","filetype":"","width":"3000\u00d71500","height":null,"domain":"www.zerochan.net"},{"url":"https:\/\/i.redd.it\/oan1sbom6ek91.jpg","link":"https:\/\/www.reddit.com\/r\/ghibli\/comments\/wzns30\/howls_moving_castle_fanart_by_me\/","title":"Howl's Moving Castle | fanart by me : r\/ghibli","thumbnail":"https:\/\/ts4.mm.bing.net\/th?id=OIP.SXT-yIPrnmlAqgNR0xr3UgHaGW&pid=15.1","size":"3500\u00d73000","desc":"\ue000Howl's\ue001 Moving Castle | fanart by me : r\/ghibli","filetype":"","width":"3500\u00d73000","height":null,"domain":"www.reddit.com"},{"url":"https:\/\/lookaside.fbsbx.com\/lookaside\/crawler\/media\/?media_id=371536874479040","link":"https:\/\/www.facebook.com\/HowlWorkshopDiseno\/","title":"Howl Workshop. Dise\u00f1o y Marketing","thumbnail":"https:\/\/ts2.mm.bing.net\/th?id=OIP.RBLTzw8aD9Q3tlZs23jXAgHaHa&pid=15.1","size":"1080\u00d71080","desc":"\ue000Howl\ue001 \ue000Workshop\ue001. Dise\u00f1o y Marketing","filetype":"","width":"1080\u00d71080","height":null,"domain":"www.facebook.com"},{"url":"https:\/\/img1.miccostumes.com\/path-products\/image-CKID011HW-gp-2.jpg\/&width=600&height=880&original=77s8AgZSGN6A","link":"https:\/\/ar.inspiredpencil.com\/pictures-2023\/howl-cosplay-costume","title":"Howl Cosplay Costume","thumbnail":"https:\/\/ts1.mm.bing.net\/th?id=OIP.Pt9kdK_Sw_C_fIUXknygTAHaK3&pid=15.1","size":"600\u00d7880","desc":"\ue000Howl\ue001 Cosplay Costume","filetype":"","width":"600\u00d7880","height":null,"domain":"ar.inspiredpencil.com"},{"url":"https:\/\/images.squarespace-cdn.com\/content\/v1\/55995ed5e4b07aaa8579333d\/1748176919823-5UBNAEK2820WQNPM1JBO\/unsplash-image-Izox5zg8N6w.jpg","link":"https:\/\/howlbushcraft.squarespace.com\/","title":"Howl Bushcraft \u2013 Outdoor Skills Training & Bushcraft Workshops","thumbnail":"https:\/\/ts4.mm.bing.net\/th?id=OIP.CwXoJKGcc2N06D9J9UXovAHaLG&pid=15.1","size":"1668\u00d72500","desc":"\ue000Howl\ue001 Bushcraft \u2013 Outdoor Skills Training & Bushcraft \ue000Workshops\ue001","filetype":"","width":"1668\u00d72500","height":null,"domain":"howlbushcraft.squarespace.com"},{"url":"https:\/\/i.pinimg.com\/originals\/3a\/bf\/87\/3abf8753456bc4b5e0e640011b4b9902.jpg","link":"https:\/\/www.pinterest.com\/kawaiinomiko\/howls-moving-castle\/","title":"Discover 260 Howl's Moving Castle and howls moving castle ideas in 2025","thumbnail":"https:\/\/ts4.mm.bing.net\/th?id=OIP.wot7SGGMEoAfMheGYbySPgHaIJ&pid=15.1","size":"1090\u00d71200","desc":"Discover 260 \ue000Howl's\ue001 Moving Castle and \ue000howls\ue001 moving castle ideas in 2025 ...","filetype":"","width":"1090\u00d71200","height":null,"domain":"www.pinterest.com"},{"url":"https:\/\/upload.wikimedia.org\/wikipedia\/commons\/thumb\/0\/02\/Nelson_Mandela_1994.jpg\/960px-Nelson_Mandela_1994.jpg","link":"https:\/\/es.wikiquote.org\/wiki\/Nelson_Mandela","title":"Nelson Mandela - Wikiquote","thumbnail":"https:\/\/ts2.mm.bing.net\/th?id=OIP.xUouEyGkEKZ6tbZ4kcEthAHaJl&pid=15.1","size":"960\u00d71242","desc":"\ue000Nelson\ue001 Mandela - Wikiquote","filetype":"","width":"960\u00d71242","height":null,"domain":"es.wikiquote.org"},{"url":"http:\/\/biografieonline.it\/img\/bio\/Nelson_Mandela_3.jpg","link":"http:\/\/biografieonline.it\/biografia.htm?bioid=218","title":"Biografia di Nelson Mandela","thumbnail":"https:\/\/ts1.mm.bing.net\/th?id=OIP.-v9-1AHqPeMRW1vtr7x_nAHaHa&pid=15.1","size":"1100\u00d71100","desc":"Biografia di \ue000Nelson\ue001 Mandela","filetype":"","width":"1100\u00d71100","height":null,"domain":"biografieonline.it"},{"url":"https:\/\/mediaim.expedia.com\/destination\/1\/f807c12da4e6ed31a1a61db1d9c1711a.jpg","link":"https:\/\/www.vrbo.com\/vacation-rentals\/new-zealand\/nelson\/nelson-city\/nelson-city-centre","title":"Nelson City Centre, Nelson Vacation Rentals: villa rentals & more | Vrbo","thumbnail":"https:\/\/ts1.mm.bing.net\/th?id=OIP.ainjXVE_WqoDTEWPNTo1zgHaEK&pid=15.1","size":"3840\u00d72160","desc":"\ue000Nelson\ue001 City Centre, \ue000Nelson\ue001 Vacation Rentals: villa rentals & more | Vrbo","filetype":"","width":"3840\u00d72160","height":null,"domain":"www.vrbo.com"},{"url":"https:\/\/wallpapers.com\/images\/hd\/nelson-new-zealand-coastal-view-d5t9a6adedshj4ew.jpg","link":"https:\/\/wallpapers.com\/wallpapers\/nelson-new-zealand-coastal-view-d5t9a6adedshj4ew.html","title":"Download Nelson New Zealand Coastal View Wallpaper | Wallpapers.com","thumbnail":"https:\/\/ts1.mm.bing.net\/th?id=OIP.hKm88Zj0QakRRiSyJirCjgHaE6&pid=15.1","size":"1500\u00d7996","desc":"Download \ue000Nelson\ue001 New Zealand Coastal View Wallpaper | Wallpapers.com","filetype":"","width":"1500\u00d7996","height":null,"domain":"wallpapers.com"},{"url":"https:\/\/cdn.creatureandcoagency.com\/uploads\/2020\/06\/Nelson-Mandela-Facts-3-scaled.jpg","link":"https:\/\/fity.club\/lists\/suggestions\/nelson-mandela-barn\/","title":"Nelson Mandela Barn","thumbnail":"https:\/\/ts4.mm.bing.net\/th?id=OIP.mv9YdZq-OojeCtRFZtA0pAHaEt&pid=15.1","size":"2560\u00d71628","desc":"\ue000Nelson\ue001 Mandela Barn","filetype":"","width":"2560\u00d71628","height":null,"domain":"fity.club"},{"url":"https:\/\/www.muyinteresante.com\/wp-content\/uploads\/sites\/5\/2024\/11\/Nelson-Mandela-en-Soweto-en-1990.jpg?resize=1140","link":"https:\/\/www.muyinteresante.com\/historia\/nelson-mandela-una-vida-contra-el-apartheid.html","title":"Nelson Mandela, una vida contra el apartheid","thumbnail":"https:\/\/ts1.mm.bing.net\/th?id=OIP.q9nDR0_HBXmdevQkngvJ3wHaIE&pid=15.1","size":"1550\u00d71688","desc":"\ue000Nelson\ue001 Mandela, una vida contra el apartheid","filetype":"","width":"1550\u00d71688","height":null,"domain":"www.muyinteresante.com"},{"url":"https:\/\/cdn.thecollector.com\/wp-content\/uploads\/2022\/09\/photo-life-of-nelson-mandela-south-africa-flag.jpg","link":"https:\/\/utpaqp.edu.pe\/search\/timeline-of-nelson-mandela-visual-ly-nelson-mandela-nelson-mandelasample-timeline-of-events\/","title":"Timeline Of Nelson Mandela Visual Ly Nelson Mandela Nelson","thumbnail":"https:\/\/ts1.mm.bing.net\/th?id=OIP.fkBBf2QN0L7gk5XuaygA4gHaEQ&pid=15.1","size":"1200\u00d7690","desc":"Timeline Of \ue000Nelson\ue001 Mandela Visual Ly \ue000Nelson\ue001 Mandela \ue000Nelson\ue001 ...","filetype":"","width":"1200\u00d7690","height":null,"domain":"utpaqp.edu.pe"},{"url":"https:\/\/wallpapers.com\/images\/hd\/caption-scenic-beauty-of-nelson-new-zealand-o92o8o5qd8nqeyy5.jpg","link":"https:\/\/wallpapers.com\/wallpapers\/caption-scenic-beauty-of-nelson-new-zealand-o92o8o5qd8nqeyy5.html","title":"Download Caption: Scenic Beauty Of Nelson, New Zealand Wallpaper","thumbnail":"https:\/\/ts3.mm.bing.net\/th?id=OIP.b2KJn0Cbtfq_mAv8ZFZStAHaFj&pid=15.1","size":"1200\u00d7900","desc":"Download Caption: Scenic Beauty Of \ue000Nelson\ue001, New Zealand Wallpaper ...","filetype":"","width":"1200\u00d7900","height":null,"domain":"wallpapers.com"},{"url":"https:\/\/wallpapercave.com\/wp\/wp5794343.jpg","link":"https:\/\/wallpapercave.com\/nelson-mandela-desktop-hd-wallpapers","title":"Nelson Mandela Desktop HD Wallpapers - Wallpaper Cave","thumbnail":"https:\/\/ts3.mm.bing.net\/th?id=OIP.ApTTYn5wYr8Lns2uHzAGqQHaEn&pid=15.1","size":"2000\u00d71245","desc":"\ue000Nelson\ue001 Mandela Desktop HD Wallpapers - Wallpaper Cave","filetype":"","width":"2000\u00d71245","height":null,"domain":"wallpapercave.com"},{"url":"https:\/\/assets.editorial.aetnd.com\/uploads\/2009\/11\/nelson-mandela-gettyimages-587487938.jpg","link":"https:\/\/ar.inspiredpencil.com\/pictures-2023\/nelson-mandela","title":"Nelson Mandela","thumbnail":"https:\/\/ts4.mm.bing.net\/th?id=OIP.8zlsh3dZxJ31XS_vT5P0UQHaEK&pid=15.1","size":"1920\u00d71080","desc":"\ue000Nelson\ue001 Mandela","filetype":"","width":"1920\u00d71080","height":null,"domain":"ar.inspiredpencil.com"},{"url":"https:\/\/img.freepik.com\/premium-photo\/honoring-nelson-mandela-international-day-tribute-peace-justice_1029476-380792.jpg","link":"https:\/\/www.firemergency.de\/nelson-mandelas-legacy-of-peace-justice-lives-on\/","title":"Nelson Mandela\u2019s Legacy Of Peace, Justice Lives On \u2013 DZED","thumbnail":"https:\/\/ts3.mm.bing.net\/th?id=OIP.kEEHDJfBpulvaqeVxLuRxAHaHa&pid=15.1","size":"626\u00d7626","desc":"\ue000Nelson\ue001 Mandela\u2019s Legacy Of Peace, Justice Lives On \u2013 DZED","filetype":"","width":"626\u00d7626","height":null,"domain":"www.firemergency.de"},{"url":"https:\/\/cdn.firstcry.com\/education\/2025\/06\/30174507\/Essay-on-Nelson-Mandela.jpg","link":"https:\/\/www.firstcry.com\/intelli\/articles\/essay-on-nelson-mandela-10-lines-paragraph-short-and-long-essay\/","title":"Essay on Nelson Mandela for Children and Students","thumbnail":"https:\/\/ts4.mm.bing.net\/th?id=OIP.j35FTSpE2q2kMn9adREShQHaEo&pid=15.1","size":"1280\u00d7800","desc":"Essay on \ue000Nelson\ue001 Mandela for Children and Students","filetype":"","width":"1280\u00d7800","height":null,"domain":"www.firstcry.com"},{"url":"https:\/\/www.hopeandhomes.org\/content\/uploads\/2024\/07\/Nelson-Mandela-Day-Header-1.png","link":"https:\/\/fity.club\/lists\/suggestions\/nelson-mandela\/","title":"Nelson Mandela I Met Nelson Mandela. Here's What I Think He Would Say","thumbnail":"https:\/\/ts3.mm.bing.net\/th?id=OIP._hrFysnAUOsF6ggP6bCSqwHaEK&pid=15.1","size":"2560\u00d71440","desc":"\ue000Nelson\ue001 Mandela I Met \ue000Nelson\ue001 Mandela. Here's What I Think He Would Say","filetype":"","width":"2560\u00d71440","height":null,"domain":"fity.club"},{"url":"https:\/\/image.slidesharecdn.com\/2-100208143608-phpapp01\/75\/Nelson-Mandela-3-2048.jpg","link":"https:\/\/www.slideshare.net\/slideshow\/nelson-mandela-3107333\/3107333","title":"Nelson Mandela | PPT","thumbnail":"https:\/\/ts3.mm.bing.net\/th?id=OIP.gRTXBIGlwLFrdnNRbOs6iQHaFj&pid=15.1","size":"2048\u00d71536","desc":"\ue000Nelson\ue001 Mandela | PPT","filetype":"","width":"2048\u00d71536","height":null,"domain":"www.slideshare.net"},{"url":"https:\/\/quo.mx\/wp-content\/uploads\/2023\/08\/que-cosas-importantes-hizo-nelson-mandela.webp","link":"https:\/\/gbc.wellkeptbra.com\/sino-si-nelson-mandela-talambuhay-ni-nelson-mandela\/","title":"Sino Si Nelson Mandela \u2013 Talambuhay Ni Nelson Mandela \u2013 OVMN","thumbnail":"https:\/\/ts2.mm.bing.net\/th?id=OIP.CVJqAHiblJYaKnL3rWFkGQHaEJ&pid=15.1","size":"1456\u00d7816","desc":"Sino Si \ue000Nelson\ue001 Mandela \u2013 Talambuhay Ni \ue000Nelson\ue001 Mandela \u2013 OVMN","filetype":"","width":"1456\u00d7816","height":null,"domain":"gbc.wellkeptbra.com"},{"url":"https:\/\/s.calendarr.com\/upload\/articles\/ne\/ls\/nelson-mandela_c.jpg?width=640","link":"https:\/\/www.calendarr.com\/united-kingdom\/nelson-mandela-international-day\/","title":"Nelson Mandela International Day On July 18 Honors His Legacy - Calendarr","thumbnail":"https:\/\/ts2.mm.bing.net\/th?id=OIP.i2Nv-8eu0Ew6xVRSsiCzMQHaFi&pid=15.1","size":"640\u00d7479","desc":"\ue000Nelson\ue001 Mandela International Day On July 18 Honors His Legacy - Calendarr","filetype":"","width":"640\u00d7479","height":null,"domain":"www.calendarr.com"},{"url":"https:\/\/p-airnz.com\/cms\/assets\/Common-Assets\/Destination-Images\/new-zealand-nsn-abel-tasman-national-park-2100x1400__ScaleMaxWidthWzkzMF0.jpg","link":"https:\/\/www.airnewzealand.co.jp\/destination-nelson","title":"Nelson - New Zealand - Destinations - Plan | Air New Zealand Japan","thumbnail":"https:\/\/ts2.mm.bing.net\/th?id=OIP.h2ZZKYbT3kxuOjX72PPHcwHaE8&pid=15.1","size":"930\u00d7620","desc":"\ue000Nelson\ue001 - New Zealand - Destinations - Plan | Air New Zealand Japan","filetype":"","width":"930\u00d7620","height":null,"domain":"www.airnewzealand.co.jp"},{"url":"https:\/\/image.slidesharecdn.com\/nelsonmandelapptbyrudranandwani-240108113554-3277f2e3\/75\/NELSON-MANDELA-PPT-BY-RUDRA-NANDWANI-pptx-3-2048.jpg","link":"https:\/\/www.slideshare.net\/slideshow\/nelson-mandela-ppt-by-rudra-nandwanipptx\/265222705","title":"NELSON MANDELA PPT BY RUDRA NANDWANI.pptx","thumbnail":"https:\/\/ts2.mm.bing.net\/th?id=OIP.K2E2MBudgMXGeJ3yVqv1XQHaFj&pid=15.1","size":"2048\u00d71536","desc":"\ue000NELSON\ue001 MANDELA PPT BY RUDRA NANDWANI.pptx","filetype":"","width":"2048\u00d71536","height":null,"domain":"www.slideshare.net"},{"url":"https:\/\/people.com\/thmb\/-Lxe6wodRgMBlhc1MgA4e9jDRCA=\/4000x0\/filters:no_upscale():max_bytes(150000):strip_icc():focal(1230x1213:1232x1215)\/Nelson-Mandela-Winnie-Mandela-012526-2-6022b4b6cdbe429aae2131a112508792.jpg","link":"https:\/\/narodnatribuna.info\/lists\/n\/nelson-mandela-winnie\/","title":"Nelson Mandela Winnie Winnie Mandela, South African Anti Apartheid","thumbnail":"https:\/\/ts3.mm.bing.net\/th?id=OIP.TmbLdjUh80zj90HxvPADXQHaF2&pid=15.1","size":"2532\u00d72000","desc":"\ue000Nelson\ue001 Mandela Winnie Winnie Mandela, South African Anti Apartheid","filetype":"","width":"2532\u00d72000","height":null,"domain":"narodnatribuna.info"},{"url":"https:\/\/facts.net\/wp-content\/uploads\/2025\/05\/26-facts-about-nelson-mandela-released-1746428374.jpg","link":"https:\/\/facts.net\/celebrity\/18-facts-about-nelson-sardelli\/","title":"18 Facts About Nelson Sardelli - Facts.net","thumbnail":"https:\/\/ts4.mm.bing.net\/th?id=OIP.mvfJxgdW5TzpOrJWBIp2ogHaE8&pid=15.1","size":"1500\u00d71000","desc":"18 Facts About \ue000Nelson\ue001 Sardelli - Facts.net","filetype":"","width":"1500\u00d71000","height":null,"domain":"facts.net"},{"url":"https:\/\/cdn.pixabay.com\/photo\/2023\/07\/29\/08\/18\/nelson-mandela-8156431_1280.png","link":"https:\/\/pixabay.com\/fr\/illustrations\/nelson-mandela-le-sourire-content-8156431\/","title":"Nelson Mandela Le Sourire Content - Image gratuite sur Pixabay - Pixabay","thumbnail":"https:\/\/ts4.mm.bing.net\/th?id=OIP.ky7uso0QYkxwIVu8p_Ui_AHaEK&pid=15.1","size":"1280\u00d7720","desc":"\ue000Nelson\ue001 Mandela Le Sourire Content - Image gratuite sur Pixabay - Pixabay","filetype":"","width":"1280\u00d7720","height":null,"domain":"pixabay.com"},{"url":"https:\/\/static01.nyt.com\/images\/2023\/07\/24\/books\/review\/00Steinberg\/00Steinberg-superJumbo.jpg","link":"https:\/\/animalia-life.club\/qa\/pictures\/nelson-mandela-and-his-wife","title":"Nelson Mandela And His Wife","thumbnail":"https:\/\/ts2.mm.bing.net\/th?id=OIP.Kn2lEi6rjLSBJi46Y3FOTQHaHZ&pid=15.1","size":"2048\u00d72047","desc":"\ue000Nelson\ue001 Mandela And His Wife","filetype":"","width":"2048\u00d72047","height":null,"domain":"animalia-life.club"},{"url":"https:\/\/c8.alamy.com\/comp\/C04BP7\/anzac-park-nelson-nelson-region-south-island-new-zealand-C04BP7.jpg","link":"https:\/\/www.alamy.com\/stock-photo\/nelson-new-zealand-sights.html","title":"Nelson New Zealand Sights High Resolution Stock Photography and Images","thumbnail":"https:\/\/ts1.mm.bing.net\/th?id=OIP.zdD4LoifG0F2aPSC8blRkAHaL7&pid=15.1","size":"863\u00d71390","desc":"\ue000Nelson\ue001 New Zealand Sights High Resolution Stock Photography and Images ...","filetype":"","width":"863\u00d71390","height":null,"domain":"www.alamy.com"},{"url":"https:\/\/arboldelademocracia.cuaieed.unam.mx\/wp-content\/uploads\/2023\/03\/008-Nelson-Mandela-min-895x1024.png","link":"https:\/\/arboldelademocracia.cuaed.unam.mx\/autor\/nelson-mandela\/","title":"Nelson Mandela - \u00e1rbol de la democracia","thumbnail":"https:\/\/ts4.mm.bing.net\/th?id=OIP.2j8mfwl7Httq4ZOxU4vd8AHaIe&pid=15.1","size":"895\u00d71024","desc":"\ue000Nelson\ue001 Mandela - \u00e1rbol de la democracia","filetype":"","width":"895\u00d71024","height":null,"domain":"arboldelademocracia.cuaed.unam.mx"},{"url":"https:\/\/cdn.pixabay.com\/photo\/2023\/08\/16\/12\/28\/ai-generated-8194046_1280.png","link":"https:\/\/pixabay.com\/pt\/illustrations\/ai-gerado-homem-nelson-mandela-8194046\/","title":"Ai Gerado Homem Nelson Mandela - Imagens gr\u00e1tis no Pixabay","thumbnail":"https:\/\/ts2.mm.bing.net\/th?id=OIP.jRLhhUH_N93oDwmcNS3NTAHaLH&pid=15.1","size":"853\u00d71280","desc":"Ai Gerado Homem \ue000Nelson\ue001 Mandela - Imagens gr\u00e1tis no Pixabay","filetype":"","width":"853\u00d71280","height":null,"domain":"pixabay.com"},{"url":"https:\/\/imgcdn.stablediffusionweb.com\/2024\/5\/22\/e6220ed3-4be9-4cc3-aba9-9eb34f0ce575.jpg","link":"https:\/\/stablediffusionweb.com\/prompts\/nelson-mandela-hitting-the-most-muscular-pose-at-the-2024-mr-olympia","title":"nelson mandela hitting the most muscular pose at the 2024 mr olympia","thumbnail":"https:\/\/ts2.mm.bing.net\/th?id=OIP.y_i4KL4m_q5vw3i0dvvB0QHaHa&pid=15.1","size":"1024\u00d71024","desc":"\ue000nelson\ue001 mandela hitting the most muscular pose at the 2024 mr olympia ...","filetype":"","width":"1024\u00d71024","height":null,"domain":"stablediffusionweb.com"},{"url":"https:\/\/www.newzealand.com.au\/assets\/uploads\/images\/Nelson-Tasman\/Nelson-Lakes-National-Park\/lake-rotoiti-nelson-lakes-national-park-scenic-view.jpg","link":"https:\/\/www.newzealand.com.au\/explore\/south-island\/nelson-tasman\/nelson","title":"Nelson New Zealand | What to Do in This Sunny South Isle City","thumbnail":"https:\/\/ts1.mm.bing.net\/th?id=OIP.fCtHRmKXZfqCUGphp5I4MAHaE8&pid=15.1","size":"4618\u00d73079","desc":"\ue000Nelson\ue001 New Zealand | What to Do in This Sunny South Isle City","filetype":"","width":"4618\u00d73079","height":null,"domain":"www.newzealand.com.au"},{"url":"https:\/\/people.com\/thmb\/9TjHvaUxt2oDtVln4rCsp-VX7mY=\/4000x0\/filters:no_upscale():max_bytes(150000):strip_icc():focal(731x202:733x204)\/Willie-Nelson-122223-868f2666073c4bf49a0e294cfcc62cd3.jpg","link":"https:\/\/people.com\/willie-nelson-reveals-ex-wife-shirley-collie-discovered-his-longtime-affair-after-his-mistress-gave-birth-8419606","title":"Willie Nelson's Ex-Wife Discovered His Affair When Mistress Gave Birth","thumbnail":"https:\/\/ts1.mm.bing.net\/th?id=OIP.deON5aE_zSD0IP6KtUrI4gHaE8&pid=15.1","size":"1500\u00d71000","desc":"Willie \ue000Nelson\ue001's Ex-Wife Discovered His Affair When Mistress Gave Birth","filetype":"","width":"1500\u00d71000","height":null,"domain":"people.com"},{"url":"https:\/\/www.kidpid.com\/wp-content\/uploads\/2025\/01\/essay-nelson-mandela-2.png","link":"https:\/\/www.kidpid.com\/paragraph-on-nelson-mandela\/","title":"Paragraph on 'Nelson Mandela' - Kidpid","thumbnail":"https:\/\/ts4.mm.bing.net\/th?id=OIP.oEA7dynM2w0A6wqTMUMKlQHaKe&pid=15.1","size":"1414\u00d72000","desc":"Paragraph on '\ue000Nelson\ue001 Mandela' - Kidpid","filetype":"","width":"1414\u00d72000","height":null,"domain":"www.kidpid.com"},{"url":"https:\/\/cdn.thecollector.com\/wp-content\/uploads\/2022\/09\/young-nelson-mandela.jpg?width=1200&quality=55","link":"https:\/\/www.thecollector.com\/heroic-life-of-nelson-mandela\/","title":"The Life of Nelson Mandela: South Africa\u2019s Hero | TheCollector","thumbnail":"https:\/\/ts4.mm.bing.net\/th?id=OIP.MbYzricwcnuhI8z-TLOvhAHaE8&pid=15.1","size":"1200\u00d7800","desc":"The Life of \ue000Nelson\ue001 Mandela: South Africa\u2019s Hero | TheCollector","filetype":"","width":"1200\u00d7800","height":null,"domain":"www.thecollector.com"},{"url":"https:\/\/www.neverendingvoyage.com\/wp-content\/uploads\/2020\/04\/nelson-new-zealand-28.jpg","link":"https:\/\/www.neverendingvoyage.com\/things-to-do-in-nelson-new-zealand\/","title":"24 Best Things to Do in Nelson, New Zealand","thumbnail":"https:\/\/ts3.mm.bing.net\/th?id=OIP.FRYxO84ju7dLdC8ymUSCpwHaEK&pid=15.1","size":"1500\u00d7844","desc":"24 Best Things to Do in \ue000Nelson\ue001, New Zealand","filetype":"","width":"1500\u00d7844","height":null,"domain":"www.neverendingvoyage.com"},{"url":"https:\/\/www.newzealand.com.au\/assets\/uploads\/images\/Nelson-Tasman\/Nelson-Lakes-National-Park\/nelson-lakes-national-park-canoes-on-lake-rotoiti-shore.jpg","link":"https:\/\/www.newzealand.com.au\/explore\/south-island\/nelson-tasman\/nelson","title":"Nelson New Zealand | What to Do in This Sunny South Isle City","thumbnail":"https:\/\/ts3.mm.bing.net\/th?id=OIP.rpgQLl1W1oqK5DXumeQy7QHaE6&pid=15.1","size":"3509\u00d72330","desc":"\ue000Nelson\ue001 New Zealand | What to Do in This Sunny South Isle City","filetype":"","width":"3509\u00d72330","height":null,"domain":"www.newzealand.com.au"},{"url":"https:\/\/www.newzealand.com.au\/assets\/uploads\/images\/Nelson-Tasman\/Nelson-Lakes-National-Park\/nelson-lakes-national-park-lake-rainbow-over-jetty.jpg","link":"https:\/\/www.newzealand.com.au\/explore\/south-island\/nelson-tasman\/nelson","title":"Nelson New Zealand | What to Do in This Sunny South Isle City","thumbnail":"https:\/\/ts4.mm.bing.net\/th?id=OIP.owt6ayWuZpcBSTo9WJhluQHaE7&pid=15.1","size":"5135\u00d73423","desc":"\ue000Nelson\ue001 New Zealand | What to Do in This Sunny South Isle City","filetype":"","width":"5135\u00d73423","height":null,"domain":"www.newzealand.com.au"},{"url":"https:\/\/wallpapers.com\/images\/hd\/scenic-viewof-nelson-lakes-new-zealand-82eohjd14ymq2a58.jpg","link":"https:\/\/wallpapers.com\/wallpapers\/scenic-viewof-nelson-lakes-new-zealand-82eohjd14ymq2a58.html","title":"Download Scenic Viewof Nelson Lakes New Zealand Wallpaper | Wallpapers.com","thumbnail":"https:\/\/ts2.mm.bing.net\/th?id=OIP.Loeyd9aqPv0cVBvjPgTOAgHaEr&pid=15.1","size":"980\u00d7620","desc":"Download Scenic Viewof \ue000Nelson\ue001 Lakes New Zealand Wallpaper | Wallpapers.com","filetype":"","width":"980\u00d7620","height":null,"domain":"wallpapers.com"},{"url":"https:\/\/www.winetourism.com\/wp-content\/uploads\/2020\/05\/Nelson-min_j614bi.jpg","link":"https:\/\/www.winetourism.com\/wine-region\/nelson\/","title":"Nelson Wine Region, New Zealand | Winetourism","thumbnail":"https:\/\/ts4.mm.bing.net\/th?id=OIP.Wf2knNCwjJyMxYHvPxduVgHaE8&pid=15.1","size":"6000\u00d74000","desc":"\ue000Nelson\ue001 Wine Region, New Zealand | Winetourism","filetype":"","width":"6000\u00d74000","height":null,"domain":"www.winetourism.com"},{"url":"https:\/\/i.ytimg.com\/vi\/Norcrf-hZOE\/hqdefault.jpg?sqp=-oaymwEXCOADEI4CSFryq4qpAwkIARUAAIhCGAE=&rs=AOn4CLA31R1POxU-hg4eoDe4O6pHmJ2pjg&days_since_epoch=20467","link":"https:\/\/www.youtube.com\/playlist?list=PLL8DyPVGFti3Y_vbb58k21-AHsPTnVSst","title":"The Land Before Time Reviews - YouTube","thumbnail":"https:\/\/ts4.mm.bing.net\/th?id=OIP._Eu9r8zp317_Ff38B6fm0wHaEK&pid=15.1","size":"480\u00d7270","desc":"The Land Before Time Reviews - YouTube","filetype":"","width":"480\u00d7270","height":null,"domain":"www.youtube.com"},{"url":"https:\/\/cdn11.bigcommerce.com\/s-sb8f5ei7ew\/images\/stencil\/1280x1280\/products\/4676\/28881\/keystone-a1918bkc-honeycomb-hair-nets-nylon-4-colors-4-sizes__03717.1668895102.jpg?c=2","link":"https:\/\/harmonycr.com\/honeycomb-nylon-hair-nets-t310net\/","title":"Nylon Hair Nets - USDA & FDA Certified - Harmony Lab & Safety Supplies","thumbnail":"https:\/\/ts3.mm.bing.net\/th?id=OIP.rLFEkJVflYcEDwR-GAiL8wHaHa&pid=15.1","size":"1280\u00d71280","desc":"","filetype":"","width":"1280\u00d71280","height":null,"domain":"harmonycr.com"},{"url":"https:\/\/vanguardsafety.com\/cdn\/shop\/products\/B31A11-1-HR_CRPD_2048x2048.jpg?v=1674239304","link":"https:\/\/vanguardsafety.com\/products\/b31a1","title":"B31A1 White Nylon Honeycomb Hairnet","thumbnail":"https:\/\/ts4.explicit.bing.net\/th?id=OIP.ryh4AHhy4l1ldo0RqeEFQAHaIA&pid=15.1","size":"1896\u00d72048","desc":"","filetype":"","width":"1896\u00d72048","height":null,"domain":"vanguardsafety.com"},{"url":"https:\/\/i5.walmartimages.com\/seo\/Safeko-Nylon-Honeycomb-Hairnet_5325bf2f-cb2e-49f2-affc-ff2334c1cdda.a9caec9870274271f68c79183c32c504.jpeg","link":"https:\/\/www.walmart.com\/ip\/Safeko-Nylon-Honeycomb-Hairnet\/15664163808","title":"Safeko - Nylon Honeycomb Hairnet - Walmart.com","thumbnail":"https:\/\/ts2.mm.bing.net\/th?id=OIP.7FFlHPJhIsA3H3g-divC7wHaHa&pid=15.1","size":"2880\u00d72880","desc":"","filetype":"","width":"2880\u00d72880","height":null,"domain":"www.walmart.com"},{"url":"https:\/\/i5.walmartimages.com\/seo\/Safeko-Nylon-Honeycomb-Hairnet_dc8f73e5-c77d-4af2-abc2-f1e215bac5a2.85603e0ca465341e37deaae06e6c1a02.jpeg","link":"https:\/\/www.walmart.com\/ip\/Safeko-Nylon-Honeycomb-Hairnet\/15633200613","title":"Safeko - Nylon Honeycomb Hairnet - Walmart.com","thumbnail":"https:\/\/ts3.mm.bing.net\/th?id=OIP.RGcqP6YM52JT6JOJpfUPwAHaHa&pid=15.1","size":"2880\u00d72880","desc":"","filetype":"","width":"2880\u00d72880","height":null,"domain":"www.walmart.com"},{"url":"https:\/\/i5.walmartimages.com\/seo\/Kleen-Chef-by-Bison-Life-Alphanet-Disposable-Nylon-Honeycomb-Hairnet-Brown-24in-200pk_1516616d-aaab-40d2-9079-eed6ec823d73.a6970e1bf326b20ad72f42708f422b20.jpeg","link":"https:\/\/www.walmart.com\/ip\/Kleen-Chef-by-Bison-Life-Alphanet-Disposable-Nylon-Honeycomb-Hairnet-Brown-24in-200pk\/2396275117","title":"Kleen Chef by Bison Life Alphanet Disposable Nylon Honeycomb Hairnet","thumbnail":"https:\/\/ts4.mm.bing.net\/th?id=OIP.O4uwqVPuJNC1TdxcIju99AHaHa&pid=15.1","size":"3000\u00d73000","desc":"","filetype":"","width":"3000\u00d73000","height":null,"domain":"www.walmart.com"},{"url":"https:\/\/safeko.com\/cdn\/shop\/files\/SK-1005-BR-H12.jpg?v=1727206983&width=1500","link":"https:\/\/safeko.com\/products\/safeko-nylon-honeycomb-hairnet","title":"Safeko - Nylon Honeycomb Hairnet \u2013 SAFEKO","thumbnail":"https:\/\/ts4.mm.bing.net\/th?id=OIP.01ipegc1h_ZjWWXj8vYTHgHaHa&pid=15.1","size":"1500\u00d71500","desc":"","filetype":"","width":"1500\u00d71500","height":null,"domain":"safeko.com"},{"url":"http:\/\/bisonlifeusa.com\/cdn\/shop\/files\/Layout-brown01_1024x.jpg?v=1736857517","link":"https:\/\/bisonlifeusa.com\/products\/alpha-net-disposable-nylon-honeycomb-hair-nets","title":"Alpha-Net Disposable Nylon Honeycomb Hair Nets 24 Inch \u2013 Bison Life","thumbnail":"https:\/\/ts2.mm.bing.net\/th?id=OIP.WpEc4nL8rtEuxzVwmzPSmgHaHa&pid=15.1","size":"1024\u00d71024","desc":"","filetype":"","width":"1024\u00d71024","height":null,"domain":"bisonlifeusa.com"},{"url":"https:\/\/i5.walmartimages.com\/seo\/Global-Industrial-Nylon-Hairnet-20-Honeycomb-White-100-Bag_221ac915-6748-429a-beb7-45f59393c7ae.c8f521e382372428a2c86d7ceb78fc95.jpeg","link":"https:\/\/www.walmart.com\/ip\/Global-Industrial-Nylon-Hairnet-20-Honeycomb-White-100-Bag\/343712525","title":"Global Industrial Nylon Hairnet, 20 Inch, Honeycomb Design, White, 100","thumbnail":"https:\/\/ts1.mm.bing.net\/th?id=OIP.ZkuxCOTX--jBteSWDB_gOQHaHa&pid=15.1","size":"1500\u00d71500","desc":"","filetype":"","width":"1500\u00d71500","height":null,"domain":"www.walmart.com"},{"url":"https:\/\/m.media-amazon.com\/images\/I\/61hUx9i64UL._AC_.jpg","link":"https:\/\/www.amazon.ca\/Disposable-Regular-Breathable-Honeycomb-package\/dp\/B06XD8LBK6","title":"21\" Disposable Regular Nylon Breathable Honeycomb Hair Nets, package of","thumbnail":"https:\/\/ts4.mm.bing.net\/th?id=OIP.AbpSI8FWm2qTUBBVfgEl4gAAAA&pid=15.1","size":"464\u00d7376","desc":"","filetype":"","width":"464\u00d7376","height":null,"domain":"www.amazon.ca"},{"url":"https:\/\/i5.walmartimages.com\/seo\/Kleen-Chef-by-Bison-Life-Alphanet-Disposable-Nylon-Honeycomb-Hairnet-White-24in-1000pk_6f78f2ad-747c-4a11-b03d-293caf9e3418.e7b6c3fc6a9a0f00a5a0d8a90ccb722f.jpeg?odnHeight=640&odnWidth=640&odnBg=FFFFFF","link":"https:\/\/www.walmart.com\/ip\/Kleen-Chef-by-Bison-Life-Alphanet-Disposable-Nylon-Honeycomb-Hairnet-White-24in-1000pk\/1061029991","title":"Kleen Chef by Bison Life Alphanet Disposable Nylon Honeycomb Hairnet","thumbnail":"https:\/\/ts2.mm.bing.net\/th?id=OIP.BxC7KUL-Kb_Or_IKNGmsAgHaHa&pid=15.1","size":"640\u00d7640","desc":"","filetype":"","width":"640\u00d7640","height":null,"domain":"www.walmart.com"},{"url":"https:\/\/image.made-in-china.com\/2f0j00QsfqKDeBnioh\/Honeycomb-Nylon-Hairnet-with-Ventilated-and-Breathable-Features.jpg","link":"https:\/\/mctcit.en.made-in-china.com\/product\/TafUGLKcomkE\/China-Honeycomb-Nylon-Hairnet-with-Ventilated-and-Breathable-Features.html","title":"Honeycomb Nylon Hairnet with Ventilated and Breathable Features - Nylon","thumbnail":"https:\/\/ts4.mm.bing.net\/th?id=OIP.6X2jK0oy7U3PtEpywHMuewHaHa&pid=15.1","size":"1500\u00d71500","desc":"","filetype":"","width":"1500\u00d71500","height":null,"domain":"mctcit.en.made-in-china.com"},{"url":"https:\/\/down-ph.img.susercontent.com\/file\/sg-11134275-824g9-mfes9vzovbiic4","link":"https:\/\/shopee.ph\/Groovy-Honeycomb-Weave-Nylon-Thick-Hairnet-i.1638730409.27692602517","title":"Groovy Honeycomb Weave Nylon Thick Hairnet | Shopee Philippines","thumbnail":"https:\/\/ts3.mm.bing.net\/th?id=OIP.nhd-ga3Un2IWxY1kNFATdgHaHa&pid=15.1","size":"1024\u00d71024","desc":"","filetype":"","width":"1024\u00d71024","height":null,"domain":"shopee.ph"},{"url":"https:\/\/drryor7280ntb.cloudfront.net\/media\/catalog\/product\/0\/0\/00788570544406.jpg","link":"https:\/\/www.foodservicedirect.com\/cellucap-brown-nylon-honeycomb-hair-net--24-inch---100-per-pack----10-packs-per-case--180645.html","title":"Cellucap Brown Nylon Honeycomb Hair Net, 24 inch, 100 count -- 10 per case","thumbnail":"https:\/\/ts1.explicit.bing.net\/th?id=OIP.vHJRfX4_waHaclLNLyYLUwHaLH&pid=15.1","size":"1139\u00d71709","desc":"","filetype":"","width":"1139\u00d71709","height":null,"domain":"www.foodservicedirect.com"},{"url":"https:\/\/image.made-in-china.com\/203f0j00tjUcKdCFMVqi\/Honeycomb-Nylon-Hairnet-with-Ventilated-and-Breathable-Features.webp","link":"https:\/\/mctcit.en.made-in-china.com\/product\/TafUGLKcomkE\/China-Honeycomb-Nylon-Hairnet-with-Ventilated-and-Breathable-Features.html","title":"Honeycomb Nylon Hairnet with Ventilated and Breathable Features - Nylon","thumbnail":"https:\/\/ts3.mm.bing.net\/th?id=OIP.nlZfwJO50-3E8hJuzmgxhAHaHa&pid=15.1","size":"1500\u00d71500","desc":"","filetype":"","width":"1500\u00d71500","height":null,"domain":"mctcit.en.made-in-china.com"},{"url":"https:\/\/safeko.com\/cdn\/shop\/files\/SK-1005-BK-H7.jpg?v=1727206979&width=1500","link":"https:\/\/safeko.com\/products\/safeko-nylon-honeycomb-hairnet","title":"Safeko - Nylon Honeycomb Hairnet \u2013 SAFEKO","thumbnail":"https:\/\/ts1.explicit.bing.net\/th?id=OIP.1etWBH1fNCGLcLoZH3I4PgHaHa&pid=15.1","size":"1500\u00d71500","desc":"","filetype":"","width":"1500\u00d71500","height":null,"domain":"safeko.com"},{"url":"https:\/\/i5.walmartimages.com\/seo\/Honeycomb-Nylon-Hairnet-Latex-Free-Hair-Net-Sizes-18-21-24_43c147ce-8598-44ff-88cd-0e6a41e10dee.c5bbb59a6e8f1ba2ef55e81b4dc5a68e.jpeg","link":"https:\/\/www.walmart.com\/ip\/Honeycomb-Nylon-Hairnet-Latex-Free-Hair-Net-Sizes-18-21-24\/221132369","title":"Honeycomb Nylon Hairnet Latex Free Hair Net Sizes: 18\" - 21\" - 24","thumbnail":"https:\/\/ts1.explicit.bing.net\/th?id=OIP.ImXGtH_zKC1570qdGoFFwwHaH_&pid=15.1","size":"927\u00d71000","desc":"","filetype":"","width":"927\u00d71000","height":null,"domain":"www.walmart.com"},{"url":"https:\/\/i5.walmartimages.com\/seo\/Honeycomb-Nylon-Hairnet-Latex-Free-Hair-Net-Sizes-18-21-24_96f335d8-4e9d-47d2-bb07-26e42c6401de.0c4c4e3058e0c614b45858d9bed0e963.jpeg?odnHeight=612&odnWidth=612&odnBg=FFFFFF","link":"https:\/\/business.walmart.com\/ip\/Honeycomb-Nylon-Hairnet-Latex-Free-Hair-Net-Sizes-18-21-24\/847954154?wmlspartner=wlpa&selectedSellerId=101024519&selectedOfferId=847F0C8E837A45DE8A299A98F09BC823&conditionGroupCode=1","title":"Honeycomb Nylon Hairnet Latex Free Hair Net Sizes: 18\" - 21\" - 24","thumbnail":"https:\/\/ts2.mm.bing.net\/th?id=OIP._07fV-7P21SHkZVfDC-nlgHaHa&pid=15.1","size":"612\u00d7612","desc":"","filetype":"","width":"612\u00d7612","height":null,"domain":"business.walmart.com"},{"url":"http:\/\/www.blacklabelsupply.io\/cdn\/shop\/files\/ea5be4e82a832a9d5c2f44cb28e1b24c.jpg?v=1758085819&width=2048","link":"https:\/\/www.blacklabelsupply.io\/products\/nylon-hairnet-honeycomb-1-16-aperture","title":"Nylon Hairnet, Honeycomb (1\/16 in aperture) | BLACK LABEL","thumbnail":"https:\/\/ts4.explicit.bing.net\/th?id=OIP.ViG0uthfdCX2gZAcq7OOAgHaHa&pid=15.1","size":"1000\u00d71000","desc":"","filetype":"","width":"1000\u00d71000","height":null,"domain":"www.blacklabelsupply.io"},{"url":"https:\/\/cdn11.bigcommerce.com\/s-sb8f5ei7ew\/images\/stencil\/2560w\/products\/4676\/30247\/keystone-a1918bkc-honeycomb-hair-nets-nylon-4-colors-4-sizes__58296.1669329898.jpg?c=2","link":"https:\/\/harmonycr.com\/honeycomb-nylon-hair-nets-t310net\/","title":"Nylon Hair Nets - USDA & FDA Certified - Harmony Lab & Safety Supplies","thumbnail":"https:\/\/ts3.mm.bing.net\/th?id=OIP.WfFsuZ6qsPiEH_q6ZUzpUwHaHa&pid=15.1","size":"750\u00d7750","desc":"","filetype":"","width":"750\u00d7750","height":null,"domain":"harmonycr.com"},{"url":"https:\/\/i5.walmartimages.com\/seo\/Popular-Life-Slim-Net-Durable-and-Invisible-Hair-Nets-Fits-For-Adult-Blonde-Pack-of-20_a10d3e21-e4f3-4f54-b804-7c4ddebd22b4.8aeeb9e6cde6d570bcbad9f564038b49.jpeg?odnHeight=576&odnWidth=576&odnBg=FFFFFF","link":"https:\/\/www.walmart.com\/ip\/Kleen-Chef-by-Bison-Life-Alphanet-Disposable-Nylon-Honeycomb-Hairnet-Brown-24in-200pk\/2396275117","title":"Bison Life Kleen Chef Disposable Nylon Honeycomb Hairnet, Brown, 24in","thumbnail":"https:\/\/ts4.mm.bing.net\/th?id=OIP.5hJ3hI10w1o5lAMu9PokpQHaHa&pid=15.1","size":"576\u00d7576","desc":"","filetype":"","width":"576\u00d7576","height":null,"domain":"www.walmart.com"},{"url":"https:\/\/safeko.com\/cdn\/shop\/files\/SK-1005-WT-H3.jpg?v=1727206118&width=1500","link":"https:\/\/safeko.com\/products\/safeko-nylon-honeycomb-hairnet","title":"Safeko - Nylon Honeycomb Hairnet \u2013 SAFEKO","thumbnail":"https:\/\/ts4.mm.bing.net\/th?id=OIP.fCDI6aynQOaP_dLr8hYI-AHaHa&pid=15.1","size":"1500\u00d71500","desc":"","filetype":"","width":"1500\u00d71500","height":null,"domain":"safeko.com"},{"url":"https:\/\/cdn11.bigcommerce.com\/s-sb8f5ei7ew\/images\/stencil\/960w\/products\/11810\/46892\/keystone-a1918bkc-honeycomb-hair-nets-nylon-4-colors-4-sizes__09346.1668895035.1280.1280__66401.1771350599.jpg?c=2","link":"https:\/\/harmonycr.com\/honeycomb-nylon-hair-nets-t310net\/","title":"Nylon Hair Nets - USDA & FDA Certified - Harmony Lab & Safety Supplies","thumbnail":"https:\/\/ts3.mm.bing.net\/th?id=OIP.SxB-wsuclbVDR27P26k72QHaHa&pid=15.1","size":"600\u00d7600","desc":"","filetype":"","width":"600\u00d7600","height":null,"domain":"harmonycr.com"},{"url":"https:\/\/i5.walmartimages.com\/seo\/MedicalMartByMail-Honeycomb-Nylon-Hairnet-Black-18-21-24_784d4b53-81f1-41b4-9a0c-99b286034f4d.a42f721cb46fa3cb829de3effc6725b3.png","link":"https:\/\/www.walmart.com\/ip\/MedicalMartByMail-Honeycomb-Nylon-Hairnet-Black-18-21-24\/719591299","title":"MMBM 18\" Black Disposable Nylon Honeycomb Hair Nets, 16-17gsm - 1000","thumbnail":"https:\/\/ts1.mm.bing.net\/th?id=OIP.htGfMuX6N80TcLw-bo2gTAHaHa&pid=15.1","size":"1500\u00d71500","desc":"","filetype":"","width":"1500\u00d71500","height":null,"domain":"www.walmart.com"},{"url":"https:\/\/safeko.com\/cdn\/shop\/files\/SK-1005-BK-H14.jpg?v=1727206982&width=1500","link":"https:\/\/safeko.com\/products\/safeko-nylon-honeycomb-hairnet","title":"Safeko - Nylon Honeycomb Hairnet \u2013 SAFEKO","thumbnail":"https:\/\/ts4.mm.bing.net\/th?id=OIP.Uj2gXn2YmGmW7LBZZ9aWCQHaHa&pid=15.1","size":"1500\u00d71500","desc":"","filetype":"","width":"1500\u00d71500","height":null,"domain":"safeko.com"},{"url":"https:\/\/m.media-amazon.com\/images\/I\/816V0Z2ZPiL._AC_.jpg","link":"https:\/\/www.amazon.com\/Individually-SAFEKO-Lightweight-Hairnets-Latex-Free\/dp\/B0B6GFV1JJ","title":"Amazon.com : SAFEKO Hair Nets 144 PCS, Individually Wrapped","thumbnail":"https:\/\/ts3.mm.bing.net\/th?id=OIP.SF-daVXeFIWWQi5RprhUhwHaHX&pid=15.1","size":"2000\u00d71988","desc":"","filetype":"","width":"2000\u00d71988","height":null,"domain":"www.amazon.com"},{"url":"https:\/\/2.bp.blogspot.com\/-PSV3qOvAfjM\/Ujrsb-vkPVI\/AAAAAAAACvI\/33OaqWv2rKk\/s1600\/Ada+apa+denganmu.PNG","link":"https:\/\/mynotepat.blogspot.com\/2013\/09\/ada-apa-denganmupeterpan-chordlirik-dan.html","title":"Ada Apa Denganmu(Peterpan)-Chord,Lirik dan Review | MyNotepat.Com","thumbnail":"https:\/\/ts4.mm.bing.net\/th?id=OIP.2OrwxJqt1Z1unxfz7S_OHgAAAA&pid=15.1","size":"307\u00d7842","desc":"Ada Apa Denganmu(Peterpan)-Chord,Lirik dan Review | MyNotepat.Com","filetype":"","width":"307\u00d7842","height":null,"domain":"mynotepat.blogspot.com"},{"url":"https:\/\/clipart-library.com\/2023\/53-539069_sewing-needle-drawing-cartoon-clip-art-cartoon-sewing-needle.png","link":"https:\/\/storage.googleapis.com\/bmahglottythblog\/sewing-needle-clip-art.html","title":"Sewing Needle Clip Art: Perfect Graphics for Crafters & Designers","thumbnail":"https:\/\/ts3.mm.bing.net\/th?id=OIP.GgFWQKzhopjf9EsJHAlpBwHaH-&pid=15.1","size":"840\u00d7904","desc":"Sewing Needle Clip Art: Perfect Graphics for Crafters & Designers","filetype":"","width":"840\u00d7904","height":null,"domain":"storage.googleapis.com"}]}