{"country":"CY","images":[{"url":"https:\/\/wallpapercave.com\/wp\/wp4209118.jpg","link":"https:\/\/wallpapercave.com\/cyprus-flag-wallpapers","title":"Cyprus Flag Wallpapers - Wallpaper Cave","thumbnail":"https:\/\/ts1.mm.bing.net\/th?id=OIP.giapelYMdkY3ExsQvrDKTgHaEo&pid=15.1","size":"2560\u00d71600","desc":"flag cyprus wallpapers wallpaper","filetype":"","width":"2560\u00d71600","height":null,"domain":"wallpapercave.com"},{"url":"https:\/\/static.vecteezy.com\/system\/resources\/previews\/029\/749\/126\/original\/flag-of-cyprus-cyprus-flag-official-colors-and-proportion-cyprus-banner-symbol-of-cyprus-vector.jpg","link":"https:\/\/www.vecteezy.com\/vector-art\/29749126-flag-of-cyprus-cyprus-flag-official-colors-and-proportion-cyprus-banner-symbol-of-cyprus","title":"Flag of Cyprus. Cyprus flag. Official colors and proportion. Cyprus","thumbnail":"https:\/\/ts3.mm.bing.net\/th?id=OIP.dJKylycAW93JiYOWkMxoKQHaEc&pid=15.1","size":"1920\u00d71152","desc":"","filetype":"","width":"1920\u00d71152","height":null,"domain":"www.vecteezy.com"},{"url":"https:\/\/cdn.britannica.com\/83\/7883-050-0E5BCA30\/Flag-Cyprus.jpg","link":"https:\/\/www.britannica.com\/topic\/flag-of-Cyprus","title":"Flag of Cyprus | Meaning, Colors & History | Britannica","thumbnail":"https:\/\/ts4.mm.bing.net\/th?id=OIP.8MszEj2GLD5a1oAufiSYQwAAAA&pid=15.1","size":"474\u00d7284","desc":"","filetype":"","width":"474\u00d7284","height":null,"domain":"www.britannica.com"},{"url":"https:\/\/wallpaperaccess.com\/full\/9621976.jpg","link":"https:\/\/wallpaperaccess.com\/cyprus-flag","title":"Cyprus Flag Wallpapers - Top Free Cyprus Flag Backgrounds - WallpaperAccess","thumbnail":"https:\/\/ts4.mm.bing.net\/th?id=OIP.UMqBVanIbzXyW65B8cabJwHaEt&pid=15.1","size":"2000\u00d71273","desc":"","filetype":"","width":"2000\u00d71273","height":null,"domain":"wallpaperaccess.com"},{"url":"https:\/\/cdn.mappr.co\/wp-content\/uploads\/2023\/10\/flag-of-cyprus-waving.jpg?w=1536&h=1024&scale.option=fill&cw=1536&ch=1024&cx=center&cy=center","link":"https:\/\/www.mappr.co\/flag-maps\/cyprus\/","title":"\ud83c\udde8\ud83c\uddfe Cyprus Flag Unveiled: Colors, Meaning, Coat of Arms, Flag Map, and","thumbnail":"https:\/\/ts4.mm.bing.net\/th?id=OIP.R7D5TyjASzAIy4WosirrlAHaE7&pid=15.1","size":"1536\u00d71023","desc":"","filetype":"","width":"1536\u00d71023","height":null,"domain":"www.mappr.co"},{"url":"https:\/\/static.vecteezy.com\/system\/resources\/previews\/041\/930\/739\/non_2x\/flat-illustration-of-cyprus-national-flag-cyprus-flag-design-cyprus-wave-flag-free-vector.jpg","link":"https:\/\/www.vecteezy.com\/vector-art\/41930739-flat-illustration-of-cyprus-national-flag-cyprus-flag-design-cyprus-wave-flag","title":"Flat Illustration of Cyprus national flag. Cyprus flag design. Cyprus","thumbnail":"https:\/\/ts3.mm.bing.net\/th?id=OIP.xWJWRUTUc13xebkHOnTqKAHaD5&pid=15.1","size":"1859\u00d7980","desc":"","filetype":"","width":"1859\u00d7980","height":null,"domain":"www.vecteezy.com"},{"url":"https:\/\/cdn.pixabay.com\/photo\/2022\/01\/11\/15\/45\/flag-6930912_1280.jpg","link":"https:\/\/ar.inspiredpencil.com\/pictures-2023\/cyprus-flag","title":"Cyprus Flag","thumbnail":"https:\/\/ts3.mm.bing.net\/th?id=OIP.QePJfcvjXyIoCWJfVe7OXQHaF7&pid=15.1","size":"1280\u00d71025","desc":"","filetype":"","width":"1280\u00d71025","height":null,"domain":"ar.inspiredpencil.com"},{"url":"https:\/\/wallpaperaccess.com\/full\/9621992.jpg","link":"https:\/\/wallpaperaccess.com\/cyprus-flag","title":"Cyprus Flag Wallpapers - Top Free Cyprus Flag Backgrounds - WallpaperAccess","thumbnail":"https:\/\/ts4.mm.bing.net\/th?id=OIP.jSGcEvm6z6IrY_p6ZO4SvgHaE7&pid=15.1","size":"2000\u00d71333","desc":"","filetype":"","width":"2000\u00d71333","height":null,"domain":"wallpaperaccess.com"},{"url":"https:\/\/img.freepik.com\/premium-psd\/flag-country-cyprus_1045632-162.jpg","link":"https:\/\/www.freepik.com\/premium-psd\/flag-country-cyprus_133551310.htm","title":"Premium PSD | Flag of the country of cyprus","thumbnail":"https:\/\/ts4.mm.bing.net\/th?id=OIP.Z25LHS10_VoiexpQ9NGu2AHaF7&pid=15.1","size":"626\u00d7501","desc":"","filetype":"","width":"626\u00d7501","height":null,"domain":"www.freepik.com"},{"url":"https:\/\/static.vecteezy.com\/system\/resources\/thumbnails\/046\/762\/199\/original\/the-flag-of-cyprus-motion-a-bright-white-flag-with-an-orange-pattern-video.jpg","link":"https:\/\/www.vecteezy.com\/video\/46762199-the-flag-of-cyprus-motion-a-bright-white-flag-with-an-orange-pattern","title":"The flag of Cyprus.Motion.A bright white flag with an orange pattern","thumbnail":"https:\/\/ts1.mm.bing.net\/th?id=OIP.5oc0TD9Ya_jmjtyUUKeGpwHaEK&pid=15.1","size":"3840\u00d72160","desc":"","filetype":"","width":"3840\u00d72160","height":null,"domain":"www.vecteezy.com"},{"url":"https:\/\/c8.alamy.com\/comp\/DYXWWM\/the-national-flag-of-cyprus-DYXWWM.jpg","link":"https:\/\/www.alamy.com\/stock-photo\/flag-of-cyprus.html","title":"Flag Of Cyprus Stock Photos & Flag Of Cyprus Stock Images - Alamy","thumbnail":"https:\/\/ts3.mm.bing.net\/th?id=OIP.oMv24PX8zuGp5foYBu-KOgHaFc&pid=15.1","size":"1300\u00d7956","desc":"flag cyprus national stock alamy","filetype":"","width":"1300\u00d7956","height":null,"domain":"www.alamy.com"},{"url":"https:\/\/as1.ftcdn.net\/v2\/jpg\/04\/63\/25\/44\/1000_F_463254425_mACThZ27q06oSncn2LyYYGyp57LLP6oU.jpg","link":"https:\/\/stock.adobe.com\/images\/cyprus-flag-isolated-on-the-blue-sky-background-close-up-waving-flag-of-cyprus-flag-symbols-of-cyprus-concept-of-cyprus\/463254425","title":"Cyprus flag isolated on the blue sky background. close up waving flag","thumbnail":"https:\/\/ts3.mm.bing.net\/th?id=OIP.7Jl5IVv4Be_p0OjrI0Qe0wHaE8&pid=15.1","size":"1000\u00d7667","desc":"","filetype":"","width":"1000\u00d7667","height":null,"domain":"stock.adobe.com"},{"url":"https:\/\/thumbs.dreamstime.com\/b\/flag-cyprus-waving-rocky-coastal-landscape-features-orange-silhouette-island-above-two-olive-branches-white-388904561.jpg?w=768","link":"https:\/\/www.dreamstime.com\/flag-cyprus-waving-rocky-coastal-landscape-features-orange-silhouette-island-above-two-olive-branches-white-image388904561","title":"Flag of Cyprus Waving on a Rocky Coastal Landscape. the Flag Features","thumbnail":"https:\/\/ts2.mm.bing.net\/th?id=OIP.4KsSOeIkOt0lAStap8yEdQHaHa&pid=15.1","size":"768\u00d7768","desc":"","filetype":"","width":"768\u00d7768","height":null,"domain":"www.dreamstime.com"},{"url":"https:\/\/www.printscorpio.fi\/139-product_main_2x\/Official-flag-of-Cypru.jpg","link":"https:\/\/www.printscorpio.fi\/en\/National-flags-of-the-world\/120-Official-flag-of-Cypru.html","title":"Official flag of Cyprus","thumbnail":"https:\/\/ts2.mm.bing.net\/th?id=OIP.kc3IMk1IBuTIvwBDfvpNcAHaHa&pid=15.1","size":"1440\u00d71440","desc":"","filetype":"","width":"1440\u00d71440","height":null,"domain":"www.printscorpio.fi"},{"url":"https:\/\/cdn.pixabay.com\/photo\/2016\/05\/16\/15\/09\/cyprus-1395920_1280.jpg","link":"https:\/\/pixabay.com\/images\/search\/cyprus flag\/","title":"10,000+ Free Cyprus Flag & Cyprus Images - Pixabay","thumbnail":"https:\/\/ts3.mm.bing.net\/th?id=OIP.BRvldf60Lj2iN11-lxjcMwHaE8&pid=15.1","size":"1280\u00d7854","desc":"","filetype":"","width":"1280\u00d7854","height":null,"domain":"pixabay.com"},{"url":"https:\/\/img.freepik.com\/premium-psd\/cyprus-flag-isolated-white_118047-16930.jpg?w=2000","link":"https:\/\/www.freepik.com\/premium-psd\/cyprus-flag-isolated-white_38696135.htm","title":"Premium PSD | Cyprus flag isolated on white","thumbnail":"https:\/\/ts3.mm.bing.net\/th?id=OIP.XjNE_5ajKK52v70-XWSZkQHaFP&pid=15.1","size":"2000\u00d71415","desc":"","filetype":"","width":"2000\u00d71415","height":null,"domain":"www.freepik.com"},{"url":"https:\/\/hampshireflag.co.uk\/wp-content\/uploads\/2023\/03\/HFC20Cyprus20Flag-1024x576.png","link":"https:\/\/hampshireflag.co.uk\/product-category\/flags\/standard-national-flags\/europe-flags\/cyprus\/","title":"Cyprus - Hampshire Flag Company","thumbnail":"https:\/\/ts3.mm.bing.net\/th?id=OIP.2iPQlEQLH8ZQzZroG8ERTwHaEK&pid=15.1","size":"1024\u00d7576","desc":"","filetype":"","width":"1024\u00d7576","height":null,"domain":"hampshireflag.co.uk"},{"url":"https:\/\/cdn.vectorstock.com\/i\/1000v\/51\/39\/flag-of-the-country-cyprus-on-a-white-background-vector-55845139.jpg","link":"https:\/\/www.vectorstock.com\/royalty-free-vector\/flag-of-the-country-cyprus-on-a-white-background-vector-55845139","title":"Flag of the country cyprus on a white background Vector Image","thumbnail":"https:\/\/ts1.mm.bing.net\/th?id=OIP.XTqqyWYXS24FEVJehlWC4wHaGz&pid=15.1","size":"1000\u00d7919","desc":"","filetype":"","width":"1000\u00d7919","height":null,"domain":"www.vectorstock.com"},{"url":"https:\/\/static.vecteezy.com\/system\/resources\/thumbnails\/020\/222\/214\/small_2x\/cyprus-flag-with-big-folds-waving-close-up-under-the-studio-light-indoors-the-official-symbols-and-colors-in-banner-photo.jpg","link":"https:\/\/www.vecteezy.com\/free-photos\/cyprus-flag-colors","title":"Cyprus Flag Colors Stock Photos, Images and Backgrounds for Free Download","thumbnail":"https:\/\/ts4.mm.bing.net\/th?id=OIP.o8Y26hMjxxtLAl13xcPLLgHaE8&pid=15.1","size":"1050\u00d7700","desc":"","filetype":"","width":"1050\u00d7700","height":null,"domain":"www.vecteezy.com"},{"url":"http:\/\/cypruspassion.net\/wp-content\/uploads\/2020\/12\/cyprus_flag.jpg","link":"https:\/\/ar.inspiredpencil.com\/pictures-2023\/cyprus-flag","title":"Cyprus Flag","thumbnail":"https:\/\/ts1.mm.bing.net\/th?id=OIP.0l9COYd-9Ux9ALs4YwyMewHaEK&pid=15.1","size":"1600\u00d7900","desc":"","filetype":"","width":"1600\u00d7900","height":null,"domain":"ar.inspiredpencil.com"},{"url":"https:\/\/www.cyprusisland.net\/sites\/default\/files\/styles\/resize_900x500\/public\/cyprus-flag.jpg","link":"https:\/\/www.cyprusisland.net\/cyprus-flag-national-symbols","title":"Cyprus Flag | Flag of Cyprus | National Symbols | Anthem","thumbnail":"https:\/\/ts2.mm.bing.net\/th?id=OIP.iDtLMtVpeQDNxUbzYAVBRQHaEh&pid=15.1","size":"900\u00d7550","desc":"cyprus flag symbols national","filetype":"","width":"900\u00d7550","height":null,"domain":"www.cyprusisland.net"},{"url":"https:\/\/img.freepik.com\/premium-vector\/illustration-cyprus-flag-template_375908-2784.jpg?w=2000","link":"https:\/\/www.freepik.com\/premium-vector\/illustration-cyprus-flag-template_32025412.htm","title":"Premium Vector | Illustration of cyprus flag template","thumbnail":"https:\/\/ts2.mm.bing.net\/th?id=OIP.kjiUk-0lkmMiuc_ky6XkQAHaHa&pid=15.1","size":"2000\u00d72000","desc":"","filetype":"","width":"2000\u00d72000","height":null,"domain":"www.freepik.com"},{"url":"https:\/\/c8.alamy.com\/comp\/2H3R5JW\/waving-flag-of-cyprus-on-white-background-banner-or-ribbon-vector-template-for-independence-day-2H3R5JW.jpg","link":"https:\/\/www.alamy.com\/waving-flag-of-cyprus-on-white-background-banner-or-ribbon-vector-template-for-independence-day-image449822881.html","title":"Waving flag of Cyprus on white background. Banner or ribbon vector","thumbnail":"https:\/\/ts4.mm.bing.net\/th?id=OIP.ZTLYKcBz-Vvl_-7ngLSxMgHaH6&pid=15.1","size":"1300\u00d71390","desc":"","filetype":"","width":"1300\u00d71390","height":null,"domain":"www.alamy.com"},{"url":"https:\/\/img.freepik.com\/premium-vector\/national-flag-cyprus-asia_788692-81.jpg?w=2000","link":"https:\/\/www.freepik.com\/premium-vector\/national-flag-cyprus-asia_42175112.htm","title":"Premium Vector | The national flag of cyprus in asia","thumbnail":"https:\/\/ts2.mm.bing.net\/th?id=OIP.kQKuIoPWy9xJE_gb3bgKVwHaHa&pid=15.1","size":"2000\u00d72000","desc":"","filetype":"","width":"2000\u00d72000","height":null,"domain":"www.freepik.com"},{"url":"https:\/\/img.freepik.com\/premium-photo\/cyprus-flag-beautifully-waving_259293-7786.jpg","link":"https:\/\/www.freepik.com\/premium-ai-image\/cyprus-flag-beautifully-waving_275353780.htm","title":"Cyprus Flag Beautifully Waving | Premium AI-generated image","thumbnail":"https:\/\/ts4.mm.bing.net\/th?id=OIP.ZfndYSs1-vt0iTquYT-lkAHaHa&pid=15.1","size":"626\u00d7626","desc":"","filetype":"","width":"626\u00d7626","height":null,"domain":"www.freepik.com"},{"url":"https:\/\/img.freepik.com\/premium-vector\/flat-illustration-cyprus-national-flag_1118204-334.jpg?w=2000","link":"https:\/\/www.freepik.com\/premium-vector\/flat-illustration-cyprus-national-flag_135132821.htm","title":"Premium Vector | Flat illustration of cyprus national flag","thumbnail":"https:\/\/ts1.mm.bing.net\/th?id=OIP.pL0WNnIXsR2cFzgq3q6KOAHaD5&pid=15.1","size":"2000\u00d71054","desc":"","filetype":"","width":"2000\u00d71054","height":null,"domain":"www.freepik.com"},{"url":"https:\/\/cdn.pixabay.com\/photo\/2016\/03\/31\/20\/20\/cyprus-1295696_1280.jpg","link":"https:\/\/pixabay.com\/images\/search\/cyprus flag\/","title":"10,000+ Free Cyprus Flag & Cyprus Images - Pixabay","thumbnail":"https:\/\/ts2.mm.bing.net\/th?id=OIP.eKu7t5nUG1LDJ5vIhV5-7wHaEb&pid=15.1","size":"1280\u00d7765","desc":"","filetype":"","width":"1280\u00d7765","height":null,"domain":"pixabay.com"},{"url":"https:\/\/static.vecteezy.com\/system\/resources\/previews\/014\/039\/798\/non_2x\/cyprus-flag-waving-in-the-wind-3d-rendering-national-day-independence-day-free-png.png","link":"https:\/\/ar.inspiredpencil.com\/pictures-2023\/cyprus-flag","title":"Cyprus Flag","thumbnail":"https:\/\/ts3.mm.bing.net\/th?id=OIP.d9wypkMtXz0PiqOBcpNCrQHaEK&pid=15.1","size":"1742\u00d7980","desc":"","filetype":"","width":"1742\u00d7980","height":null,"domain":"ar.inspiredpencil.com"},{"url":"https:\/\/static.vecteezy.com\/system\/resources\/previews\/022\/102\/134\/original\/cyprus-flag-png.png","link":"https:\/\/www.vecteezy.com\/png\/22102134-cyprus-flag-png","title":"Cyprus flag PNG 22102134 PNG","thumbnail":"https:\/\/ts3.mm.bing.net\/th?id=OIP.AkXtsVFgf50JZ284WXfMVgHaHa&pid=15.1","size":"1920\u00d71920","desc":"","filetype":"","width":"1920\u00d71920","height":null,"domain":"www.vecteezy.com"},{"url":"https:\/\/c8.alamy.com\/comp\/KE8W1G\/the-flags-of-greece-and-cyprus-flutter-against-a-blue-sky-in-paphos-KE8W1G.jpg","link":"https:\/\/www.alamy.com\/stock-photo\/greek-cypriot-flag-cyprus.html","title":"Greek cypriot flag cyprus hi-res stock photography and images - Alamy","thumbnail":"https:\/\/ts3.mm.bing.net\/th?id=OIP.Yem68MoT3HX7ynjNNh9hJgHaF7&pid=15.1","size":"1300\u00d71042","desc":"cyprus flag greek greece flags flutter against blue paphos sky stock cypriot alamy","filetype":"","width":"1300\u00d71042","height":null,"domain":"www.alamy.com"},{"url":"https:\/\/image.shutterstock.com\/z\/stock-photo-greece-and-cyprus-two-folded-flags-together-d-rendering-1864573408.jpg","link":"https:\/\/www.shutterstock.com\/search\/greek-cyprus-flag","title":"1,554 Greek cyprus flag Images, Stock Photos & Vectors | Shutterstock","thumbnail":"https:\/\/ts4.mm.bing.net\/th?id=OIP.W9YWST8jEELsJiyfGHXWEAHaEp&pid=15.1","size":"1500\u00d7943","desc":"","filetype":"","width":"1500\u00d7943","height":null,"domain":"www.shutterstock.com"},{"url":"https:\/\/img.freepik.com\/premium-vector\/set-vector-flags-cyprus_606226-1072.jpg?w=2000","link":"https:\/\/www.freepik.com\/premium-vector\/set-vector-flags-cyprus_366839758.htm","title":"Premium Vector | Set of vector flags of Cyprus","thumbnail":"https:\/\/ts1.mm.bing.net\/th?id=OIP.T2yC42Xes2vlMA8NvJ7G8AHaHa&pid=15.1","size":"2000\u00d72000","desc":"","filetype":"","width":"2000\u00d72000","height":null,"domain":"www.freepik.com"},{"url":"https:\/\/cdn.pixabay.com\/photo\/2017\/08\/30\/12\/42\/cyprus-2696930_1280.jpg","link":"https:\/\/pixabay.com\/images\/search\/cyprus flag\/","title":"10,000+ Free Cyprus Flag & Cyprus Images - Pixabay","thumbnail":"https:\/\/ts1.mm.bing.net\/th?id=OIP.JgPCmtcrMojDAm776MXzHwHaE7&pid=15.1","size":"1280\u00d7853","desc":"","filetype":"","width":"1280\u00d7853","height":null,"domain":"pixabay.com"},{"url":"https:\/\/www.pngplay.com\/wp-content\/uploads\/10\/Cyprus-Flag-Background-PNG.png","link":"https:\/\/www.pngplay.com\/free-png\/cyprus-flag","title":"Cyprus Flag PNG Images Transparent Background","thumbnail":"https:\/\/ts2.mm.bing.net\/th?id=OIP.0XKZcjOeDUttLN7Qo8XY1AHaFr&pid=15.1","size":"4096\u00d73141","desc":"","filetype":"","width":"4096\u00d73141","height":null,"domain":"www.pngplay.com"},{"url":"https:\/\/preview.redd.it\/7lnkyr5b0qh21.png?auto=webp&s=8f8fe745d51cd34807a9e671b62fcb3fd06ca2ce","link":"https:\/\/ar.inspiredpencil.com\/pictures-2023\/cyprus-flag","title":"Cyprus Flag","thumbnail":"https:\/\/ts3.mm.bing.net\/th?id=OIP.6_KBrcUF_MmMTo-jWX3lugHaEc&pid=15.1","size":"6000\u00d73600","desc":"","filetype":"","width":"6000\u00d73600","height":null,"domain":"ar.inspiredpencil.com"},{"url":"https:\/\/c8.alamy.com\/comp\/B5J29P\/laxmi-the-elephant-give-blessings-in-hampi-india-B5J29P.jpg","link":"https:\/\/www.alamy.com\/stock-photo-laxmi-the-elephant-give-blessings-in-hampi-india-20680626.html","title":"laxmi the elephant give blessings in hampi india Stock Photo - Alamy","thumbnail":"https:\/\/ts2.mm.bing.net\/th?id=OIP.gYBJAAqnN0fCyxP-H0bvOgHaFc&pid=15.1","size":"1300\u00d7956","desc":"laxmi the elephant give blessings in hampi india Stock Photo - Alamy","filetype":"","width":"1300\u00d7956","height":null,"domain":"www.alamy.com"},{"url":"https:\/\/www.cato.org\/sites\/cato.org\/files\/styles\/pubs_2x\/public\/2024-02\/trump 8.jpg?itok=SN4Rbtw6","link":"https:\/\/www.cato.org\/blog\/potent-political-effect-border-chaos-immigrant-crime-separating-rhetoric-reality","title":"The Potent Political Effect of Border Chaos and Immigrant Crime","thumbnail":"https:\/\/ts1.mm.bing.net\/th?id=OIP.VKhXBLOVCpfxwk62YMaekQHaFZ&pid=15.1","size":"1400\u00d71019","desc":"The Potent Political Effect of Border Chaos and Immigrant Crime ...","filetype":"","width":"1400\u00d71019","height":null,"domain":"www.cato.org"},{"url":"https:\/\/elordenmundial.com\/wp-content\/uploads\/2025\/09\/estados-unidos-guerra-civil-trump-democracia-autoritarismo.jpg","link":"https:\/\/elordenmundial.com\/estados-unidos-guerra-civil-trump-democracia-autoritarismo\/","title":"Por qu\u00e9 Estados Unidos no est\u00e1 al borde de una guerra civil - El Orden","thumbnail":"https:\/\/ts2.mm.bing.net\/th?id=OIP.gZCAX-nbpGLFHbe9tskl-gHaEu&pid=15.1","size":"1300\u00d7830","desc":"Por qu\u00e9 Estados Unidos no est\u00e1 al borde de una guerra civil - El Orden ...","filetype":"","width":"1300\u00d7830","height":null,"domain":"elordenmundial.com"},{"url":"https:\/\/elordenmundial.com\/wp-content\/uploads\/2024\/11\/blitz-trump-nombramientos-politica-exterior-estados-unidos.jpg","link":"https:\/\/elordenmundial.com\/blitz-trump-nombramientos-politica-exterior-estados-unidos\/","title":"Duro con China, carta blanca para Israel: as\u00ed ser\u00e1 la nueva pol\u00edtica","thumbnail":"https:\/\/ts4.mm.bing.net\/th?id=OIP.DJO6_CO1lc2UKjBlBbMfNQHaEu&pid=15.1","size":"1300\u00d7830","desc":"Duro con China, carta blanca para Israel: as\u00ed ser\u00e1 la nueva pol\u00edtica ...","filetype":"","width":"1300\u00d7830","height":null,"domain":"elordenmundial.com"},{"url":"https:\/\/elordenmundial.com\/wp-content\/uploads\/2018\/02\/republicanos-portada.jpg","link":"https:\/\/elordenmundial.com\/de-lincoln-a-trump-el-deslustre-del-partido-republicano\/","title":"De Lincoln a Trump: el deslustre del Partido Republicano - El Orden","thumbnail":"https:\/\/ts1.mm.bing.net\/th?id=OIP.36i-cwSEwa1nC0bxiZE6IAHaFT&pid=15.1","size":"1920\u00d71376","desc":"De Lincoln a \ue000Trump\ue001: el deslustre del Partido Republicano - El Orden ...","filetype":"","width":"1920\u00d71376","height":null,"domain":"elordenmundial.com"},{"url":"https:\/\/i1.ytimg.com\/vi\/vy1xRUBTe1w\/mqdefault.jpg","link":"https:\/\/iblnews.es\/watch-trump-and-vance-hold-rally-in-washington-ahead-of-inauguration-nbc-news\/","title":"Trump y Vance celebran mitin en Washington antes de su investidura","thumbnail":"https:\/\/ts2.mm.bing.net\/th?id=OIP.iNh1p6eTr5pr-34oUVQ2eQAAAA&pid=15.1","size":"320\u00d7180","desc":"\ue000Trump\ue001 \ue000y\ue001 Vance celebran mitin en Washington antes de su investidura ...","filetype":"","width":"320\u00d7180","height":null,"domain":"iblnews.es"},{"url":"https:\/\/elordenmundial.com\/wp-content\/uploads\/2025\/02\/Captura-de-pantalla-2025-03-02-021733-1-1-1.png","link":"https:\/\/elordenmundial.com\/imperialismo-trump-estados-unidos-rusia-china-geopolitica\/","title":"Trump y la nueva era del imperialismo - El Orden Mundial - EOM","thumbnail":"https:\/\/ts4.mm.bing.net\/th?id=OIP.Ut1JQEoxSOlcva8I2BxkpgHaEu&pid=15.1","size":"1300\u00d7830","desc":"\ue000Trump\ue001 \ue000y\ue001 la nueva era del imperialismo - El Orden Mundial - EOM","filetype":"","width":"1300\u00d7830","height":null,"domain":"elordenmundial.com"},{"url":"https:\/\/www.cato.org\/sites\/cato.org\/files\/styles\/pubs_2x\/public\/2023-12\/trump 3.jpg?itok=2WxH5str","link":"https:\/\/www.cato.org\/blog\/agree-it-or-not-colorado-supreme-courts-opinion-disqualifying-trump-triumph-judicial","title":"Agree With It or Not, Colorado Supreme Court\u2019s Opinion Disqualifying","thumbnail":"https:\/\/ts2.mm.bing.net\/th?id=OIP.fAgl2kguBCsLCyLBZrEoLAHaFY&pid=15.1","size":"1400\u00d71017","desc":"Agree With It or Not, Colorado Supreme Court\u2019s Opinion Disqualifying ...","filetype":"","width":"1400\u00d71017","height":null,"domain":"www.cato.org"},{"url":"https:\/\/elordenmundial.com\/wp-content\/uploads\/2025\/02\/trump-elecciones-2028-tercer-mandato.jpg","link":"https:\/\/elordenmundial.com\/trump-elecciones-2028-tercer-mandato\/","title":"\u00bfPuede Trump presentarse a las elecciones de 2028? - El Orden Mundial - EOM","thumbnail":"https:\/\/ts2.mm.bing.net\/th?id=OIP.qT6aiQFGjf3kuHWty1RhLgHaEu&pid=15.1","size":"1300\u00d7830","desc":"\u00bfPuede \ue000Trump\ue001 presentarse a las elecciones de 2028? - El Orden Mundial - EOM","filetype":"","width":"1300\u00d7830","height":null,"domain":"elordenmundial.com"},{"url":"https:\/\/elordenmundial.com\/wp-content\/uploads\/2024\/07\/grafico-pib-venezuela-ordenador.png","link":"https:\/\/elordenmundial.com\/mapas-y-graficos\/chavez-maduro-evolucion-pib-venezuela\/","title":"De la revoluci\u00f3n de Ch\u00e1vez al colapso con Maduro: la evoluci\u00f3n del PIB","thumbnail":"https:\/\/ts1.mm.bing.net\/th?id=OIP.LzmVxrXnY3g6kNKNV896BwHaFH&pid=15.1","size":"3000\u00d72072","desc":"De la revoluci\u00f3n de Ch\u00e1vez al colapso con Maduro: la evoluci\u00f3n del PIB ...","filetype":"","width":"3000\u00d72072","height":null,"domain":"elordenmundial.com"},{"url":"https:\/\/elordenmundial.com\/wp-content\/uploads\/2024\/07\/pib-venezuela-movil-768x570.png","link":"https:\/\/elordenmundial.com\/mapas-y-graficos\/chavez-maduro-evolucion-pib-venezuela\/","title":"De la revoluci\u00f3n de Ch\u00e1vez al colapso con Maduro: la evoluci\u00f3n del PIB","thumbnail":"https:\/\/ts2.mm.bing.net\/th?id=OIP.tRyZaGnGvgGFcxvvirex0gHaFf&pid=15.1","size":"768\u00d7570","desc":"De la revoluci\u00f3n de Ch\u00e1vez al colapso con Maduro: la evoluci\u00f3n del PIB ...","filetype":"","width":"768\u00d7570","height":null,"domain":"elordenmundial.com"},{"url":"https:\/\/elordenmundial.com\/wp-content\/uploads\/2025\/01\/blitz-trump-alto-fuego-gaza-israel-hamas.jpg","link":"https:\/\/elordenmundial.com\/blitz-trump-alto-fuego-gaza-israel-hamas\/","title":"Por qu\u00e9 el alto al fuego en Gaza es un \u00e9xito de Trump - El Orden","thumbnail":"https:\/\/ts4.mm.bing.net\/th?id=OIP.D83GHWuUMjtca1JosLwtLAHaEu&pid=15.1","size":"1300\u00d7830","desc":"Por qu\u00e9 el alto al fuego en Gaza es un \u00e9xito de \ue000Trump\ue001 - El Orden ...","filetype":"","width":"1300\u00d7830","height":null,"domain":"elordenmundial.com"},{"url":"https:\/\/elordenmundial.com\/wp-content\/uploads\/2025\/07\/epstein.jpg","link":"https:\/\/elordenmundial.com\/que-es-caso-epstein-trump-maga\/","title":"Qu\u00e9 es el caso Epstein y c\u00f3mo se volvi\u00f3 contra Trump - El Orden Mundial","thumbnail":"https:\/\/ts1.mm.bing.net\/th?id=OIP.uPMqpZJXLncuwrnx6yprTQHaEu&pid=15.1","size":"1300\u00d7830","desc":"Qu\u00e9 es el caso Epstein \ue000y\ue001 c\u00f3mo se volvi\u00f3 contra \ue000Trump\ue001 - El Orden Mundial ...","filetype":"","width":"1300\u00d7830","height":null,"domain":"elordenmundial.com"},{"url":"https:\/\/www.gov.br\/planalto\/es\/ultimas-noticias\/2023\/05\/los-presidentes-lula-y-maduro-refuerzan-la-reanudacion-de-las-relaciones-bilaterales-entre-brasil-y-venezuela\/29052023_maduro_lula32_planalto.jpg","link":"https:\/\/www.gov.br\/planalto\/es\/ultimas-noticias\/2023\/05\/los-presidentes-lula-y-maduro-refuerzan-la-reanudacion-de-las-relaciones-bilaterales-entre-brasil-y-venezuela","title":"Los presidentes Lula y Maduro refuerzan la reanudaci\u00f3n de las","thumbnail":"https:\/\/ts1.mm.bing.net\/th?id=OIP.Q7EjgQgpxW0WV7VuxdOAXwHaE8&pid=15.1","size":"1080\u00d7720","desc":"Los presidentes Lula \ue000y\ue001 Maduro refuerzan la reanudaci\u00f3n de las ...","filetype":"","width":"1080\u00d7720","height":null,"domain":"www.gov.br"},{"url":"https:\/\/www.schulbilder.org\/img\/downloads\/pr-sident-donald-trump-bei-einem-treffen-32169-large.jpg","link":"https:\/\/www.schulbilder.org\/malvorlage-prasident-donald-trump-bei-einem-treffen-i32169.html","title":"Malvorlage Pr\u00e4sident Donald Trump bei einem Treffen - Kostenlose","thumbnail":"https:\/\/ts1.mm.bing.net\/th?id=OIP.yrbcJb4O5f0ytRRnqTiaBwHaE-&pid=15.1","size":"1072\u00d7720","desc":"Malvorlage Pr\u00e4sident Donald \ue000Trump\ue001 bei einem Treffen - Kostenlose ...","filetype":"","width":"1072\u00d7720","height":null,"domain":"www.schulbilder.org"},{"url":"https:\/\/www.gov.br\/planalto\/es\/ultimas-noticias\/2023\/05\/los-presidentes-lula-y-maduro-refuerzan-la-reanudacion-de-las-relaciones-bilaterales-entre-brasil-y-venezuela\/29052023_maduro_lula_planalto.jpg","link":"https:\/\/www.gov.br\/planalto\/es\/ultimas-noticias\/2023\/05\/los-presidentes-lula-y-maduro-refuerzan-la-reanudacion-de-las-relaciones-bilaterales-entre-brasil-y-venezuela","title":"Los presidentes Lula y Maduro refuerzan la reanudaci\u00f3n de las","thumbnail":"https:\/\/ts3.mm.bing.net\/th?id=OIP.t6lrG-mKr3gowcpJJ-_WGAHaE8&pid=15.1","size":"1620\u00d71080","desc":"Los presidentes Lula \ue000y\ue001 Maduro refuerzan la reanudaci\u00f3n de las ...","filetype":"","width":"1620\u00d71080","height":null,"domain":"www.gov.br"},{"url":"https:\/\/elordenmundial.com\/wp-content\/uploads\/2023\/12\/que-es-esequibo-por-que-venezuela-reclama-768x490.jpg","link":"https:\/\/elordenmundial.com\/que-es-esequibo-por-que-venezuela-reclama\/","title":"\u00bfQu\u00e9 es el Esequibo y por qu\u00e9 Venezuela lo reclama? - El Orden Mundial","thumbnail":"https:\/\/ts2.mm.bing.net\/th?id=OIP.m1ARPFb78yUAORFNa-ZVogHaEu&pid=15.1","size":"768\u00d7490","desc":"\u00bfQu\u00e9 es el Esequibo \ue000y\ue001 por qu\u00e9 \ue000Venezuela\ue001 lo reclama? - El Orden Mundial ...","filetype":"","width":"768\u00d7490","height":null,"domain":"elordenmundial.com"},{"url":"https:\/\/www.schulbilder.org\/img\/downloads\/pr-sident-donald-trump-im-oval-office-32172-large.jpg","link":"https:\/\/www.schulbilder.org\/malvorlage-prasident-donald-trump-im-oval-office-i32172.html","title":"Malvorlage Pr\u00e4sident Donald Trump im Oval Office - Kostenlose","thumbnail":"https:\/\/ts3.mm.bing.net\/th?id=OIP.u7mNMpUm9OXCI6dMI3Fv7QHaE-&pid=15.1","size":"1072\u00d7720","desc":"Malvorlage Pr\u00e4sident Donald \ue000Trump\ue001 im Oval Office - Kostenlose ...","filetype":"","width":"1072\u00d7720","height":null,"domain":"www.schulbilder.org"},{"url":"https:\/\/object.cato.org\/sites\/cato.org\/files\/wp-content\/uploads\/cbo_vs_trump.png","link":"https:\/\/www.cato.org\/blog\/trump-budget-2020","title":"Trump Budget 2020 | Cato @ Liberty","thumbnail":"https:\/\/ts4.mm.bing.net\/th?id=OIP.-W4LPqyYZ5u8lrpYN6wvhQHaFA&pid=15.1","size":"613\u00d7414","desc":"\ue000Trump\ue001 Budget 2020 | Cato @ Liberty","filetype":"","width":"613\u00d7414","height":null,"domain":"www.cato.org"},{"url":"https:\/\/orinocotribune.com\/wp-content\/uploads\/2020\/05\/static.politico.com_.jpeg","link":"https:\/\/orinocotribune.com\/trump-rehearses-the-invasion-of-venezuela\/","title":"Trump Rehearses the Invasion of Venezuela \u2013 Orinoco Tribune \u2013 News and","thumbnail":"https:\/\/ts1.mm.bing.net\/th?id=OIP.o9EeUf8kYdhwm0B1lnvcRgHaE7&pid=15.1","size":"1160\u00d7773","desc":"\ue000Trump\ue001 Rehearses the Invasion of \ue000Venezuela\ue001 \u2013 Orinoco Tribune \u2013 News and ...","filetype":"","width":"1160\u00d7773","height":null,"domain":"orinocotribune.com"},{"url":"https:\/\/images.pagina12.com.ar\/styles\/focal_3_2_960x640\/public\/2020-11\/117588-trump-20y-20guaid-c3-b3-20efe.jpg?itok=rsC3RHyF","link":"https:\/\/www.lahaine.org\/mm_ss_mundo.php\/revelan-trama-de-trump-y","title":"Revelan trama de Trump y Guaid\u00f3 para derrocar a Maduro","thumbnail":"https:\/\/ts3.mm.bing.net\/th?id=OIP.RCnTWBtNuwG0GS9UKOKTgAHaE8&pid=15.1","size":"960\u00d7640","desc":"Revelan trama de \ue000Trump\ue001 \ue000y\ue001 Guaid\u00f3 para derrocar a Maduro","filetype":"","width":"960\u00d7640","height":null,"domain":"www.lahaine.org"},{"url":"https:\/\/orinocotribune.com\/wp-content\/uploads\/2020\/08\/TrumpIrracional-800x445.jpg","link":"https:\/\/orinocotribune.com\/venezuela-and-trumps-irrational-electoral-policy\/","title":"Venezuela, and Trump\u2019s Irrational Electoral Policy | Orinoco Tribune","thumbnail":"https:\/\/ts3.mm.bing.net\/th?id=OIP.lnlCn6_qPIq12eoxKKAwaQHaEH&pid=15.1","size":"800\u00d7445","desc":"\ue000Venezuela\ue001, and \ue000Trump\ue001\u2019s Irrational Electoral Policy | Orinoco Tribune ...","filetype":"","width":"800\u00d7445","height":null,"domain":"orinocotribune.com"},{"url":"https:\/\/upload.wikimedia.org\/wikipedia\/commons\/thumb\/2\/29\/Starmer-Trump_bilateral_2025-02-27-17-54.jpg\/500px-Starmer-Trump_bilateral_2025-02-27-17-54.jpg","link":"https:\/\/en.wikipedia.org\/wiki\/Foreign_policy_of_the_second_Donald_Trump_administration","title":"Foreign policy of the second Donald Trump administration - Wikipedia","thumbnail":"https:\/\/ts2.mm.bing.net\/th?id=OIP.t-sGgTxBM2VMi1YySxu3-AHaE8&pid=15.1","size":"500\u00d7334","desc":"Foreign policy of the second Donald \ue000Trump\ue001 administration - Wikipedia","filetype":"","width":"500\u00d7334","height":null,"domain":"en.wikipedia.org"},{"url":"https:\/\/upload.wikimedia.org\/wikipedia\/commons\/thumb\/0\/0e\/Donald_Trump_%2853952972668%29.jpg\/330px-Donald_Trump_%2853952972668%29.jpg","link":"https:\/\/en.wikipedia.org\/wiki\/Trump_dance","title":"Trump dance - Wikipedia","thumbnail":"https:\/\/ts4.mm.bing.net\/th?id=OIP.kjYDjDaTB5-ma2PZFUE4UQAAAA&pid=15.1","size":"330\u00d7220","desc":"\ue000Trump\ue001 dance - Wikipedia","filetype":"","width":"330\u00d7220","height":null,"domain":"en.wikipedia.org"},{"url":"https:\/\/cde.canaln.pe\/internacionales-rusia-rechaza-dichos-trump-sobre-derribar-aviones-rusos-n487072-696x418-1060131.jpg","link":"https:\/\/canaln.pe\/internacionales\/rusia-rechaza-dichos-trump-sobre-derribar-aviones-rusos-n487072","title":"Rusia rechaza dichos de Trump sobre derribar aviones rusos | Canal N","thumbnail":"https:\/\/ts1.mm.bing.net\/th?id=OIP.vr40BqujQoAdUHsxU0IL7AHaEc&pid=15.1","size":"696\u00d7418","desc":"Rusia rechaza dichos de \ue000Trump\ue001 sobre derribar aviones rusos | Canal N","filetype":"","width":"696\u00d7418","height":null,"domain":"canaln.pe"},{"url":"https:\/\/mx.boell.org\/sites\/default\/files\/styles\/social_media\/public\/2025-01\/ghb3vbjxkaaonj8.jpg.jpeg?itok=YF7HN9Pr","link":"https:\/\/mx.boell.org\/es\/2025\/01\/17\/ante-trump-y-musk-respuestas-de-largo-plazo","title":"Ante Trump y Musk, respuestas de largo plazo | Heinrich-B\u00f6ll-Stiftung","thumbnail":"https:\/\/ts4.mm.bing.net\/th?id=OIP.iNHaoAEEuT-nBrDDF2ZPqAHaD4&pid=15.1","size":"1200\u00d7630","desc":"Ante \ue000Trump\ue001 \ue000y\ue001 Musk, respuestas de largo plazo | Heinrich-B\u00f6ll-Stiftung ...","filetype":"","width":"1200\u00d7630","height":null,"domain":"mx.boell.org"},{"url":"https:\/\/media.newyorker.com\/photos\/5fdb7eb8596434d955b6232f\/master\/pass\/Glasser-TrumpFinalYear.jpg","link":"https:\/\/apicciano.commons.gc.cuny.edu\/2021\/02\/13\/new-york-times-editorial-trump-should-be-found-guilty\/","title":"New York Times Editorial: Trump Should Be Found Guilty! | Tony's Thoughts","thumbnail":"https:\/\/ts1.explicit.bing.net\/th?id=OIP.VrVPUAeTNRviB2YpT4u-6gHaEO&pid=15.1","size":"2560\u00d71463","desc":"New York Times Editorial: \ue000Trump\ue001 Should Be Found Guilty! | Tony's Thoughts","filetype":"","width":"2560\u00d71463","height":null,"domain":"apicciano.commons.gc.cuny.edu"},{"url":"https:\/\/media.kare11.com\/assets\/WCNC\/images\/ee8325af-fda9-42c5-92d2-d7a5d746b9ed\/ee8325af-fda9-42c5-92d2-d7a5d746b9ed_1920x1080.jpg","link":"https:\/\/apicciano.commons.gc.cuny.edu\/2020\/10\/02\/president-trump-says-he-and-melania-tested-positive-for-coronavirus\/","title":"President Trump says he and Melania tested positive for coronavirus","thumbnail":"https:\/\/ts1.mm.bing.net\/th?id=OIP.VcpBUFGpgpKc7d5yVlvmrAHaEK&pid=15.1","size":"1920\u00d71080","desc":"President \ue000Trump\ue001 says he and Melania tested positive for coronavirus ...","filetype":"","width":"1920\u00d71080","height":null,"domain":"apicciano.commons.gc.cuny.edu"},{"url":"https:\/\/orinocotribune.com\/wp-content\/uploads\/2024\/03\/APN7HWMXVJCVXKW65RSP7RC3KM-scaled.webp","link":"https:\/\/orinocotribune.com\/venezuelas-presidential-elections-2024-cne-invites-international-observers\/","title":"Venezuela\u2019s Presidential Elections 2024: CNE Invites International","thumbnail":"https:\/\/ts2.mm.bing.net\/th?id=OIP.bC08Y2RFMUdXFctc-hneEwHaE8&pid=15.1","size":"2048\u00d71367","desc":"\ue000Venezuela\ue001\u2019s Presidential Elections 2024: CNE Invites International ...","filetype":"","width":"2048\u00d71367","height":null,"domain":"orinocotribune.com"},{"url":"https:\/\/orinocotribune.com\/wp-content\/uploads\/2024\/10\/Ya-casi-venezuela-1024x683.png","link":"https:\/\/orinocotribune.com\/internal-conflicts-reveal-ya-casi-venezuela-scam\/","title":"Internal Conflicts Reveal \u2018Ya Casi Venezuela\u2019 Scam \u2013 Orinoco Tribune","thumbnail":"https:\/\/ts4.mm.bing.net\/th?id=OIP.mtUhn_Jg0ZXzqI0tV__SEQHaE8&pid=15.1","size":"1024\u00d7683","desc":"Internal Conflicts Reveal \u2018Ya Casi \ue000Venezuela\ue001\u2019 Scam \u2013 Orinoco Tribune ...","filetype":"","width":"1024\u00d7683","height":null,"domain":"orinocotribune.com"},{"url":"https:\/\/statics.eleconomista.com.ar\/2025\/02\/crop\/67bf347e14b02__420x280.webp","link":"https:\/\/www.lahaine.org\/mundo.php\/trump-mentiras-y-verdades","title":"Trump: mentiras y verdades","thumbnail":"https:\/\/ts3.mm.bing.net\/th?id=OIP.zJp6vBvIQEpkX96QcwXJVwAAAA&pid=15.1","size":"420\u00d7280","desc":"\ue000Trump\ue001: mentiras \ue000y\ue001 verdades","filetype":"","width":"420\u00d7280","height":null,"domain":"www.lahaine.org"},{"url":"https:\/\/orinocotribune.com\/wp-content\/uploads\/2023\/12\/FtCpVF4X0AAlKop.jpg","link":"https:\/\/orinocotribune.com\/guayana-esequiba-geo-economics-of-an-occupation\/","title":"Guayana Esequiba: Geo-Economics of an Occupation \u2013 Orinoco Tribune","thumbnail":"https:\/\/ts3.mm.bing.net\/th?id=OIP.U4CLZzYV6rqKJe0L8zPweQHaEK&pid=15.1","size":"1024\u00d7576","desc":"Guayana Esequiba: Geo-Economics of an Occupation \u2013 Orinoco Tribune ...","filetype":"","width":"1024\u00d7576","height":null,"domain":"orinocotribune.com"},{"url":"https:\/\/orinocotribune.com\/wp-content\/uploads\/2023\/12\/b9f2e6e1-4591-4eb0-be18-12cd9a9a0b39-768x604.jpg","link":"https:\/\/orinocotribune.com\/venezuela-a-overwhelming-victory-of-the-people\/","title":"Venezuela: An Overwhelming Victory of the People \u2013 Orinoco Tribune","thumbnail":"https:\/\/ts2.mm.bing.net\/th?id=OIP.x6QPXDXLDxLTVyWs4cjLIAHaF0&pid=15.1","size":"768\u00d7604","desc":"\ue000Venezuela\ue001: An Overwhelming Victory of the People \u2013 Orinoco Tribune ...","filetype":"","width":"768\u00d7604","height":null,"domain":"orinocotribune.com"},{"url":"https:\/\/orinocotribune.com\/wp-content\/uploads\/2024\/04\/IMG-20240411-WA0022.webp","link":"https:\/\/orinocotribune.com\/venezuelas-electoral-council-condemns-new-us-sanctions-publication-of-detailed-election-results-still-pending\/","title":"Venezuela\u2019s Electoral Council Condemns New US Sanctions, Publication of","thumbnail":"https:\/\/ts4.mm.bing.net\/th?id=OIP.bFGtMXCyxH4IKlOXnldi4AHaE7&pid=15.1","size":"1600\u00d71066","desc":"\ue000Venezuela\ue001\u2019s Electoral Council Condemns New US Sanctions, Publication of ...","filetype":"","width":"1600\u00d71066","height":null,"domain":"orinocotribune.com"},{"url":"https:\/\/www.fundeu.es\/wp-content\/uploads\/2017\/01\/toma-posesion-Trump-576x350.jpg","link":"https:\/\/www.fundeu.es\/recomendacion\/toma-de-posesion-de-donald-trump-claves-de-redaccion\/","title":"toma de posesi\u00f3n de Donald Trump, claves de redacci\u00f3n | Fund\u00e9uRAE","thumbnail":"https:\/\/ts2.mm.bing.net\/th?id=OIP.Ao_B6mmUbYI2m7BroAXZHgHaEg&pid=15.1","size":"576\u00d7350","desc":"toma de posesi\u00f3n de Donald \ue000Trump\ue001, claves de redacci\u00f3n | Fund\u00e9uRAE","filetype":"","width":"576\u00d7350","height":null,"domain":"www.fundeu.es"},{"url":"https:\/\/razonpublica.com\/wp-content\/uploads\/2019\/10\/venezuela-convergencia-socorro-ramirez.jpg","link":"https:\/\/razonpublica.com\/semana-del-07-de-octubre-de-2019\/","title":"Semana del 07 de octubre de 2019 - Raz\u00f3n P\u00fablica","thumbnail":"https:\/\/ts2.mm.bing.net\/th?id=OIP.Um01f-lE7HdxFtvPBryZNQHaDL&pid=15.1","size":"700\u00d7300","desc":"Semana del 07 de octubre de 2019 - Raz\u00f3n P\u00fablica","filetype":"","width":"700\u00d7300","height":null,"domain":"razonpublica.com"},{"url":"https:\/\/peoplesdispatch.org\/wp-content\/uploads\/2025\/11\/Donald-Trump-Marco-Rubio.jpeg","link":"https:\/\/peoplesdispatch.org\/2025\/11\/20\/between-invasion-and-diplomacy-trumps-options-with-venezuela\/","title":"Between invasion and diplomacy: Trump's options with Venezuela","thumbnail":"https:\/\/ts1.mm.bing.net\/th?id=OIP.mvYYqok2kPPDqrP1QrqeLQHaEK&pid=15.1","size":"1250\u00d7703","desc":"Between invasion and diplomacy: \ue000Trump\ue001's options with \ue000Venezuela\ue001 ...","filetype":"","width":"1250\u00d7703","height":null,"domain":"peoplesdispatch.org"},{"url":"https:\/\/2img.net\/i.imgur.com\/N6SECve.jpeg","link":"https:\/\/www.redpres.com\/t44100-trump-dice-que-mantiene-el-mayor-bloqueo-naval-sobre-venezuela-hasta-que-el-pais-entregue-el-petroleo-a-estados-unidos","title":"Trump dice que mantiene el mayor bloqueo naval sobre Venezuela hasta","thumbnail":"https:\/\/ts4.mm.bing.net\/th?id=OIP.vOkcgLv0Wlwr3SQjrXiL_QHaE7&pid=15.1","size":"1263\u00d7840","desc":"\ue000Trump\ue001 dice que mantiene el mayor bloqueo naval sobre \ue000Venezuela\ue001 hasta ...","filetype":"","width":"1263\u00d7840","height":null,"domain":"www.redpres.com"},{"url":"https:\/\/www.mises.org.es\/wp-content\/uploads\/2017\/09\/venezuela-flag.jpg.size-custom-crop.1086x0.jpg","link":"https:\/\/www.mises.org.es\/2017\/09\/hay-esperanza-para-venezuela\/","title":"\u00bfHay esperanza para Venezuela? - Centro Mises (Mises Hispano) Centro","thumbnail":"https:\/\/ts2.mm.bing.net\/th?id=OIP.izQOSymkFrZt47AL8XZPUAHaE8&pid=15.1","size":"1086\u00d7724","desc":"\u00bfHay esperanza para \ue000Venezuela\ue001? - Centro Mises (Mises Hispano) Centro ...","filetype":"","width":"1086\u00d7724","height":null,"domain":"www.mises.org.es"},{"url":"https:\/\/peoplesdispatch.org\/wp-content\/uploads\/2025\/04\/donald-trump-imperialism-us-1-768x432.jpg","link":"https:\/\/peoplesdispatch.org\/2025\/04\/02\/trump-y-su-imposible-retorno-al-pasado\/","title":"Trump y su imposible retorno al pasado : Peoples Dispatch","thumbnail":"https:\/\/ts2.mm.bing.net\/th?id=OIP.voqgD_xy4mjkZXSWt-U-xgHaEK&pid=15.1","size":"768\u00d7432","desc":"\ue000Trump\ue001 \ue000y\ue001 su imposible retorno al pasado : Peoples Dispatch","filetype":"","width":"768\u00d7432","height":null,"domain":"peoplesdispatch.org"},{"url":"https:\/\/i.postimg.cc\/4NjwL35H\/canal-panama.jpg","link":"https:\/\/www.redpres.com\/t42812-tras-amenaza-de-trump-con-retomar-el-canal-de-panama-colombia-mexico-y-venezuela-muestran-su-apoyo-a-panama","title":"Tras amenaza de Trump con retomar el Canal de Panam\u00e1: Colombia, M\u00e9xico","thumbnail":"https:\/\/ts1.mm.bing.net\/th?id=OIP.pgbpR7QftekW2jPSh_tuhAHaEw&pid=15.1","size":"800\u00d7514","desc":"Tras amenaza de \ue000Trump\ue001 con retomar el Canal de Panam\u00e1: Colombia, M\u00e9xico ...","filetype":"","width":"800\u00d7514","height":null,"domain":"www.redpres.com"},{"url":"https:\/\/admin.prensaobrera.com\/wp-content\/uploads\/Trump-Trudeau-571x321.jpg","link":"https:\/\/prensaobrera.com\/internacionales\/canada-la-asuncion-de-trump-y-el-riesgo-de-una-nueva-guerra-comercial","title":"Canad\u00e1, la asunci\u00f3n de Trump y el riesgo de una nueva guerra comercial","thumbnail":"https:\/\/ts4.mm.bing.net\/th?id=OIP.bitv5YgjX5p10CGdypVeMAHaEK&pid=15.1","size":"571\u00d7321","desc":"Canad\u00e1, la asunci\u00f3n de \ue000Trump\ue001 \ue000y\ue001 el riesgo de una nueva guerra comercial","filetype":"","width":"571\u00d7321","height":null,"domain":"prensaobrera.com"},{"url":"https:\/\/peoplesdispatch.org\/wp-content\/uploads\/2023\/02\/Nicolas-maduro-gustavo-petro-agreement-2.jpg","link":"https:\/\/peoplesdispatch.org\/2023\/02\/18\/presidents-of-colombia-and-venezuela-meet-at-the-border-sign-new-trade-agreement\/","title":"Presidents of Colombia and Venezuela meet at the border, sign new trade","thumbnail":"https:\/\/ts4.mm.bing.net\/th?id=OIP.34Bmo4n4fHreY1J7TtL1XAHaEK&pid=15.1","size":"2048\u00d71152","desc":"Presidents of Colombia and \ue000Venezuela\ue001 meet at the border, sign new trade ...","filetype":"","width":"2048\u00d71152","height":null,"domain":"peoplesdispatch.org"},{"url":"https:\/\/i.postimg.cc\/CM3GG4xY\/fiscal-CPI-maduro.jpg","link":"https:\/\/www.redpres.com\/t41943-cpi-y-venezuela-refuerzan-cooperacion-en-materia-de-derechos-humanos-durante-nueva-visita-de-fiscal-karim-khan","title":"CPI y Venezuela refuerzan cooperaci\u00f3n en materia de derechos humanos","thumbnail":"https:\/\/ts3.mm.bing.net\/th?id=OIP.MxSkzuSirISyJENLN3afNQHaEv&pid=15.1","size":"762\u00d7488","desc":"CPI \ue000y\ue001 \ue000Venezuela\ue001 refuerzan cooperaci\u00f3n en materia de derechos humanos ...","filetype":"","width":"762\u00d7488","height":null,"domain":"www.redpres.com"},{"url":"https:\/\/i.postimg.cc\/V6nnWLVH\/trump-herido.jpg","link":"https:\/\/www.redpres.com\/t42245-autotentado-y-montaje-donald-trump-resulto-herido-levemente-tras-producirse-disparos-en-un-evento-politico","title":"\u00bfAutotentado y montaje? Donald Trump result\u00f3 herido levemente tras","thumbnail":"https:\/\/ts3.mm.bing.net\/th?id=OIP.7d378bXUo-UIsxCGatf1fQHaE6&pid=15.1","size":"953\u00d7632","desc":"\u00bfAutotentado \ue000y\ue001 montaje? Donald \ue000Trump\ue001 result\u00f3 herido levemente tras ...","filetype":"","width":"953\u00d7632","height":null,"domain":"www.redpres.com"},{"url":"https:\/\/i.postimg.cc\/KY2Zn3fw\/trump-biden.jpg","link":"https:\/\/www.redpres.com\/t42187-trump-y-biden-se-insultan-en-el-primer-debate-presidencial-tu-eres-el-imbecil-tu-eres-el-perdedor","title":"Trump y Biden se insultan en el primer debate presidencial: \"\u00a1T\u00fa eres","thumbnail":"https:\/\/ts2.mm.bing.net\/th?id=OIP.cdt6VbmlK7M33EKnYCTDPQAAAA&pid=15.1","size":"474\u00d7279","desc":"\ue000Trump\ue001 \ue000y\ue001 Biden se insultan en el primer debate presidencial: \"\u00a1T\u00fa eres ...","filetype":"","width":"474\u00d7279","height":null,"domain":"www.redpres.com"},{"url":"https:\/\/blogger.googleusercontent.com\/img\/a\/AVvXsEjJ3lzrzrL57K-xX4xBSyQaDebbgDjziaaKEFvUL_xzspgC2htvh4mgmxPX7AO_G_ZW1PyT8iKI940DkAg0R5AK0ahJREJVBYVmjuVUj0UJYm8CUBmHji0BzizEY9Dn0XugFuS3ZNA0KeFx7teFPo_Tjm6hk8kZuWB47LaXEeJ9KhL8TJCSGcvCsTMWHg=w640-h384","link":"https:\/\/www.germancarias.com\/2023\/04\/donald-trump-arrestado-en-una-corte-de.html","title":"Donald Trump arrestado en una corte de Nueva York por cargos penales y","thumbnail":"https:\/\/ts2.mm.bing.net\/th?id=OIP.yOtp0MoChfJjTDip4iBsoAHaEc&pid=15.1","size":"639\u00d7384","desc":"Donald \ue000Trump\ue001 arrestado en una corte de Nueva York por cargos penales \ue000y\ue001 ...","filetype":"","width":"639\u00d7384","height":null,"domain":"www.germancarias.com"},{"url":"https:\/\/contracultura.cc\/wp-content\/uploads\/2019\/03\/Twitter-Trump-Lakoff-768x402.jpg","link":"https:\/\/contracultura.cc\/2019\/03\/11\/twitter-trump-y-lakoff\/","title":"Twitter, Trump y Lakoff - Contracultura","thumbnail":"https:\/\/ts3.mm.bing.net\/th?id=OIP.MXkXw8INx70FF8KXdDt-1QHaD4&pid=15.1","size":"768\u00d7402","desc":"Twitter, \ue000Trump\ue001 \ue000y\ue001 Lakoff - Contracultura","filetype":"","width":"768\u00d7402","height":null,"domain":"contracultura.cc"},{"url":"https:\/\/i.postimg.cc\/pd2FtvBj\/referendo-esequibo.jpg","link":"https:\/\/www.redpres.com\/t41446-un-reves-para-guyana-decision-de-la-cij-no-suspende-referendum-venezolano-sobre-el-esequibo","title":"Un rev\u00e9s para Guyana: Decisi\u00f3n de la CIJ no suspende Refer\u00e9ndum","thumbnail":"https:\/\/ts4.mm.bing.net\/th?id=OIP.4UfsFIrOJ0VyCQ2UkXAD3QHaEK&pid=15.1","size":"800\u00d7449","desc":"Un rev\u00e9s para Guyana: Decisi\u00f3n de la CIJ no suspende Refer\u00e9ndum ...","filetype":"","width":"800\u00d7449","height":null,"domain":"www.redpres.com"},{"url":"https:\/\/blogger.googleusercontent.com\/img\/b\/R29vZ2xl\/AVvXsEhSjQkZu6IZWIKSST-kpkSummVWQl0KsItZZ6VecgXipXWOv2hYs7Rchx2hZ-biM4GWHMjga_cKqDKLDPDaWAjjjzokO9kMI0tASzab4wzYQwtamp4cyq7GIP3o6UKzIka0dhqQf1ahA4v90Aeabxv18bTL4rqXtBYfOwuyy-n7Dc0vbLpJCuFRaMEO6fU\/w1200-h630-p-k-no-nu\/trump-2-460x330.webp","link":"https:\/\/mamvas.blogspot.com\/2025\/01\/trump-verborrea-peligrosa.html","title":"Jaque al Neoliberalismo: Trump: verborrea peligrosa","thumbnail":"https:\/\/ts4.mm.bing.net\/th?id=OIP.BeHMMf2XL1hcA_vP3ZoQhgAAAA&pid=15.1","size":"460\u00d7300","desc":"Jaque al Neoliberalismo: \ue000Trump\ue001: verborrea peligrosa","filetype":"","width":"460\u00d7300","height":null,"domain":"mamvas.blogspot.com"},{"url":"https:\/\/www.diariodigitalcolombiano.com\/wp-content\/uploads\/2025\/01\/w1280-p16x9-2024-11-13T162120Z_650310570_RC2G4BAD91ZQ_RTRMADP_3_USA-TRUMP-BIDEN-300x169.jpg","link":"https:\/\/www.diariodigitalcolombiano.com\/trump-vuelve-este-proximo-lunes-a-la-casa-blanca\/","title":"Trump vuelve este pr\u00f3ximo Lunes a la Casa Blanca \u2013 Diario Digital","thumbnail":"https:\/\/ts4.mm.bing.net\/th?id=OIP.utkcKjoqrmvKgVsfyayhggAAAA&pid=15.1","size":"300\u00d7169","desc":"\ue000Trump\ue001 vuelve este pr\u00f3ximo Lunes a la Casa Blanca \u2013 Diario Digital ...","filetype":"","width":"300\u00d7169","height":null,"domain":"www.diariodigitalcolombiano.com"},{"url":"https:\/\/blogger.googleusercontent.com\/img\/b\/R29vZ2xl\/AVvXsEgLSn_RYLSAD80_erQBjLKTJaRjMqjk3SGVPM2_Wnc6sOcbmSatM0W9cph6fIQx8ff8EYOq5WWJMRxh_kq-3fa4jDZ5XorysRhn0QM8ZFhkkp_bBX5RO5P3mTFMmpd7JGmjM5YYWOf-t19D38oegzeBUVHE5MC6MANmunOPdGkdFsAZalKtY0Kyzy0XCms\/w1200-h630-p-k-no-nu\/reagan-trump.jpg","link":"https:\/\/mamvas.blogspot.com\/2025\/03\/las-politicas-de-donald-trump-y-las.html","title":"Jaque al Neoliberalismo: Las pol\u00edticas de Donald Trump y las analog\u00edas","thumbnail":"https:\/\/ts4.mm.bing.net\/th?id=OIP.5rUJpx-P_QeeWN-oEcEjuAHaEK&pid=15.1","size":"746\u00d7420","desc":"Jaque al Neoliberalismo: Las pol\u00edticas de Donald \ue000Trump\ue001 \ue000y\ue001 las analog\u00edas ...","filetype":"","width":"746\u00d7420","height":null,"domain":"mamvas.blogspot.com"},{"url":"https:\/\/blogger.googleusercontent.com\/img\/b\/R29vZ2xl\/AVvXsEie0g4TU6EarJQDnpvp2qoircB5nxR1mDPm_79367csBUT7_evOfDitxnwFkMASKZ-B0AYB8cLJL5abVqSDldUP8wUrU8ldynhuQm89xoqOaoefNG36Foiv6UVpWv3_3EfJAxyyJn-1CpdgncSjLB-yNqMIKtcheiEEoHDQG20MU4JDeMXac3YBRYzuRLA\/s320\/917423-trump-20zelensky-20afp.jpg","link":"https:\/\/contralapropagandamediatica.blogspot.com\/2025\/03\/un-trump-muy-enojado-le-advirtio.html","title":"Un Trump muy enojado le advirti\u00f3 a Zelenski que \"est\u00e1s jugando con la","thumbnail":"https:\/\/ts4.mm.bing.net\/th?id=OIP.O126IsNIUslbbZKaU9eacwAAAA&pid=15.1","size":"320\u00d7214","desc":"Un \ue000Trump\ue001 muy enojado le advirti\u00f3 a Zelenski que \"est\u00e1s jugando con la ...","filetype":"","width":"320\u00d7214","height":null,"domain":"contralapropagandamediatica.blogspot.com"},{"url":"https:\/\/blogger.googleusercontent.com\/img\/b\/R29vZ2xl\/AVvXsEgH21hRSUv-pviO4-PLjDhPw4sdKojxnfTFTcQM7rw714nqMPGb9f_tL3a3H3Oo9_5iw8Nz-RRS-N5qHfI8eLhCAfORSItGTrKgixCFVVIlaYs1rCiIk1TVARR5xRJZ35Hfz9nP7e8EBcGDU32IID0mmykPcXfMHdWdA98g0uB_c-KAnkkuUb5He9xAE9c\/w400-h255-rw\/Captura desde 2024-08-26 16-42-40.png","link":"https:\/\/contracorriente-jrm.blogspot.com\/2024\/08\/con-venezuela-o-con-honduras.html","title":"CON VENEZUELA; O, CON HONDURAS","thumbnail":"https:\/\/ts1.mm.bing.net\/th?id=OIP.38ghzGU9R8vrTWaM3r6xTQAAAA&pid=15.1","size":"400\u00d7255","desc":"CON \ue000VENEZUELA\ue001; O, CON HONDURAS","filetype":"","width":"400\u00d7255","height":null,"domain":"contracorriente-jrm.blogspot.com"},{"url":"https:\/\/mf.b37mrtl.ru\/actualidad\/public_images\/2025.02\/thumbnail\/67b040a759bf5b04de08439d.jpg","link":"https:\/\/contralapropagandamediatica.blogspot.com\/2025\/02\/disputa-por-el-termino-golfo-de-mexico.html","title":"Disputa por el t\u00e9rmino 'golfo de M\u00e9xico': c\u00f3mo se desencaden\u00f3 el","thumbnail":"https:\/\/ts1.mm.bing.net\/th?id=OIP.0qKlcdscTK0ExzBvyEAzqQAAAA&pid=15.1","size":"460\u00d7258","desc":"Disputa por el t\u00e9rmino 'golfo de M\u00e9xico': c\u00f3mo se desencaden\u00f3 el ...","filetype":"","width":"460\u00d7258","height":null,"domain":"contralapropagandamediatica.blogspot.com"},{"url":"https:\/\/www.descifrado.com\/wp-content\/uploads\/2023\/12\/venezuela-y-guyana-manifiestan-disposicion-de-continuar-con-el-dialogo-139448-1068x602.jpg","link":"https:\/\/noticiasdenuevaesparta.blogspot.com\/2023\/12\/venezuela-y-guyana-manifiestan.html","title":"Noticias de Nueva Esparta : Venezuela y Guyana manifiestan disposici\u00f3n","thumbnail":"https:\/\/ts1.mm.bing.net\/th?id=OIP.QNSOd7_-2XZg3jkp_MtACAHaEL&pid=15.1","size":"1068\u00d7602","desc":"Noticias de Nueva Esparta : \ue000Venezuela\ue001 \ue000y\ue001 Guyana manifiestan disposici\u00f3n ...","filetype":"","width":"1068\u00d7602","height":null,"domain":"noticiasdenuevaesparta.blogspot.com"},{"url":"https:\/\/1.bp.blogspot.com\/-mfzydmq1ADk\/WlzpOnY2aEI\/AAAAAAAADeM\/Ir5ga9QDdSU0O9ZmtERxM2YuLoawfLpDQCLcBGAs\/s1600\/trumprussiaconnection.png","link":"https:\/\/corrientepropia.blogspot.com\/2018\/01\/el-primer-ano-de-trump.html","title":"Corriente Propia: El primer a\u00f1o de Trump","thumbnail":"https:\/\/ts1.explicit.bing.net\/th?id=OIP.GKmvBS-fXNW43J7QipvwhwHaFj&pid=15.1","size":"1024\u00d7768","desc":"Corriente Propia: El primer a\u00f1o de \ue000Trump\ue001","filetype":"","width":"1024\u00d7768","height":null,"domain":"corrientepropia.blogspot.com"},{"url":"https:\/\/3.bp.blogspot.com\/-XIehGWgn1Qs\/WLtSrjCHS4I\/AAAAAAAAX8U\/EoPy8-oqzHgUzagFN-NIIaSWpxogiUIwgCLcB\/s1600\/melania-trump-people-magazine.jpg","link":"https:\/\/umjeitomanso.blogspot.com\/2017\/03\/trump-loeil-poema-de-george-saunders.html","title":"\u0411\u041b\u041e\u0413 \"UM JEITO MANSO\" \u041f\u0420\u041e\u0421\u0418\u0422 \u041c\u0418\u0420\u0410: TRUMP L'OEIL - Poema de George","thumbnail":"https:\/\/ts2.explicit.bing.net\/th?id=OIP.-ISyJAT_BuMqasU8exwvBQHaE8&pid=15.1","size":"1440\u00d7960","desc":"\u0411\u041b\u041e\u0413 \"UM JEITO MANSO\" \u041f\u0420\u041e\u0421\u0418\u0422 \u041c\u0418\u0420\u0410: \ue000TRUMP\ue001 L'OEIL - Poema de George ...","filetype":"","width":"1440\u00d7960","height":null,"domain":"umjeitomanso.blogspot.com"},{"url":"https:\/\/www.diariodigitalcolombiano.com\/wp-content\/uploads\/2015\/08\/frontera-crisis.jpg","link":"https:\/\/www.diariodigitalcolombiano.com\/presion-internacional-por-la-crisis-de-colombia-y-venezuela\/","title":"Presi\u00f3n internacional por la crisis de Colombia y Venezuela \u2013 Diario","thumbnail":"https:\/\/ts2.mm.bing.net\/th?id=OIP.nN10hqFl3Qy4abt_gZ6JVgHaE8&pid=15.1","size":"690\u00d7460","desc":"Presi\u00f3n internacional por la crisis de Colombia \ue000y\ue001 \ue000Venezuela\ue001 \u2013 Diario ...","filetype":"","width":"690\u00d7460","height":null,"domain":"www.diariodigitalcolombiano.com"},{"url":"https:\/\/4.bp.blogspot.com\/-4LKUNwXEjG4\/Wk1wrLHDNzI\/AAAAAAAAC7w\/5XgDn6iy0uc2iZNDz3HVcSwr67sXVGhBgCLcBGAs\/w1200-h630-p-k-no-nu\/19dic17TillersonChrystiaFreelandfotoUSSTATEdep.jpg","link":"https:\/\/otalvora.blogspot.com\/2018\/01\/aislar-cuba-y-venezuela-se-propone-trump.html","title":"El blog de Edgar C. Ot\u00e1lvora: Aislar a Cuba y Venezuela se propone Trump","thumbnail":"https:\/\/ts1.mm.bing.net\/th?id=OIP.Kxo1wR5LC6gvWcYMfd_bJQHaD4&pid=15.1","size":"1200\u00d7630","desc":"El blog de Edgar C. Ot\u00e1lvora: Aislar a Cuba \ue000y\ue001 \ue000Venezuela\ue001 se propone \ue000Trump\ue001","filetype":"","width":"1200\u00d7630","height":null,"domain":"otalvora.blogspot.com"},{"url":"https:\/\/www.diariodigitalcolombiano.com\/wp-content\/uploads\/2015\/08\/OEA-Consejo-PermanenteAL.jpg","link":"https:\/\/www.diariodigitalcolombiano.com\/presion-internacional-por-la-crisis-de-colombia-y-venezuela\/","title":"Presi\u00f3n internacional por la crisis de Colombia y Venezuela \u2013 Diario","thumbnail":"https:\/\/ts1.mm.bing.net\/th?id=OIP.ORB7NBV3KAoEK0NjKy1RiwHaD6&pid=15.1","size":"790\u00d7417","desc":"Presi\u00f3n internacional por la crisis de Colombia \ue000y\ue001 \ue000Venezuela\ue001 \u2013 Diario ...","filetype":"","width":"790\u00d7417","height":null,"domain":"www.diariodigitalcolombiano.com"},{"url":"https:\/\/middletonenterprises.com\/wp-content\/uploads\/2025\/09\/mercado-libre-thumbnail-1538x1510-991f0a66.webp","link":"https:\/\/middletonenterprises.com\/investment-insights-mercado-libre-meli\/","title":"Investment Insights: MERCADO LIBRE (\u2018MELI\u2019) - Middleton Enterprises","thumbnail":"https:\/\/ts2.mm.bing.net\/th?id=OIP.qIyoy8y33F1wkj9TH2xweQHaHR&pid=15.1","size":"1538\u00d71510","desc":"Investment Insights: \ue000MERCADO LIBRE\ue001 (\u2018MELI\u2019) - Middleton Enterprises","filetype":"","width":"1538\u00d71510","height":null,"domain":"middletonenterprises.com"},{"url":"https:\/\/culturasinaloa.com\/wp-content\/uploads\/el-logo-de-mercado-libre.png","link":"https:\/\/culturasinaloa.com\/logo-de-mercado-libre-descubre-el-diseno-que-cautiva-a-millones-de-usuarios\/","title":"Logo de Mercado Libre: Descubre el dise\u00f1o que cautiva a millones de","thumbnail":"https:\/\/ts3.mm.bing.net\/th?id=OIP.yzlKfv2Z0FTARvBSaDAcFgHaE8&pid=15.1","size":"3000\u00d72000","desc":"Logo de \ue000Mercado Libre\ue001: Descubre el dise\u00f1o que cautiva a millones de ...","filetype":"","width":"3000\u00d72000","height":null,"domain":"culturasinaloa.com"},{"url":"https:\/\/www.trecebits.com\/wp-content\/uploads\/2024\/02\/mercado-libre-logo.webp","link":"https:\/\/www.trecebits.com\/que-es-mercado-libre-como-funciona\/","title":"Qu\u00e9 es Mercado Libre y c\u00f3mo funciona","thumbnail":"https:\/\/ts4.mm.bing.net\/th?id=OIP.icfUEHwhHQv6-S-VoiZhPQHaEK&pid=15.1","size":"1920\u00d71080","desc":"Qu\u00e9 es \ue000Mercado Libre\ue001 y c\u00f3mo funciona","filetype":"","width":"1920\u00d71080","height":null,"domain":"www.trecebits.com"},{"url":"https:\/\/www.trecebits.com\/wp-content\/uploads\/2023\/06\/Mercado-Libre.webp","link":"https:\/\/fity.club\/lists\/suggestions\/mercado-libre\/","title":"Mercado Libre","thumbnail":"https:\/\/ts4.mm.bing.net\/th?id=OIP.oRldkyHQ-9hKXxQ7E558VAHaEH&pid=15.1","size":"1200\u00d7668","desc":"\ue000Mercado Libre\ue001","filetype":"","width":"1200\u00d7668","height":null,"domain":"fity.club"},{"url":"https:\/\/elceo.com\/wp-content\/uploads\/2023\/02\/mercado-libre.jpg","link":"https:\/\/agroempresario.com\/publicacion\/103222\/mercado-libre-se-posiciona-entre-las-10-marcas-de-retail-mas-valiosas-del-mundomercado-libre-se-posiciona-entre-las-10-marcas-de-retail-mas-valiosas-del-mundo\/","title":"Mercado Libre se posiciona entre las 10 marcas de retail m\u00e1s valiosas","thumbnail":"https:\/\/ts4.mm.bing.net\/th?id=OIP.tdR381eRhWDHI9qyhFoIzAHaEc&pid=15.1","size":"1200\u00d7720","desc":"\ue000Mercado Libre\ue001 se posiciona entre las 10 marcas de retail m\u00e1s valiosas ...","filetype":"","width":"1200\u00d7720","height":null,"domain":"agroempresario.com"},{"url":"https:\/\/i.logos-download.com\/114454\/32898-s1280-40bf47f2c3d53a9517e865da6d06cc7c.png\/Mercado_Libre_Logo_2000-s1280.png","link":"https:\/\/logos-download.com\/brands\/mercado-libre","title":"Logos Download | Mercado Libre","thumbnail":"https:\/\/ts2.mm.bing.net\/th?id=OIP.8AIuB9gsoVjmno-l3PAEiQHaFM&pid=15.1","size":"1280\u00d7898","desc":"Logos Download | \ue000Mercado Libre\ue001","filetype":"","width":"1280\u00d7898","height":null,"domain":"logos-download.com"},{"url":"https:\/\/http2.mlstatic.com\/D_NQ_NP_883531-MLA81130676751_122024-F.jpg","link":"https:\/\/www.mercadolibre.com.ar\/tienda\/mercado-libre","title":"Mercado Libre | Tienda Oficial","thumbnail":"https:\/\/ts1.mm.bing.net\/th?id=OIP.UK4qMxu-DDOwyP8RFUzpxAAAAA&pid=15.1","size":"474\u00d7345","desc":"\ue000Mercado Libre\ue001 | Tienda Oficial","filetype":"","width":"474\u00d7345","height":null,"domain":"www.mercadolibre.com.ar"},{"url":"https:\/\/logodownload.org\/wp-content\/uploads\/2018\/10\/mercado-libre-logo.png","link":"https:\/\/tyharbor.com\/mercado-libre-logo-mercado-livre-logo-symbol-meaning-history-png-brand\/","title":"Mercado Libre Logo \u2013 Mercado Livre Logo, symbol, meaning, history, PNG","thumbnail":"https:\/\/ts4.mm.bing.net\/th?id=OIP.18pFWOAmWJWKwU8-9XDzQAHaB0&pid=15.1","size":"3500\u00d7860","desc":"\ue000Mercado Libre\ue001 Logo \u2013 \ue000Mercado\ue001 Livre Logo, symbol, meaning, history, PNG ...","filetype":"","width":"3500\u00d7860","height":null,"domain":"tyharbor.com"},{"url":"https:\/\/toppng.com\/uploads\/preview\/mercado-libre-vector-logo-free-11574077515fipbbeqx9c.png","link":"https:\/\/fity.club\/lists\/suggestions\/logotipo-de-mercado\/","title":"Logotipo De Mercado","thumbnail":"https:\/\/ts2.mm.bing.net\/th?id=OIP.8WKBI-LqA3lQHdOVSpFNpQHaHk&pid=15.1","size":"840\u00d7859","desc":"Logotipo De \ue000Mercado\ue001","filetype":"","width":"840\u00d7859","height":null,"domain":"fity.club"},{"url":"https:\/\/imaginity.com\/wp-content\/uploads\/2021\/10\/imaginity_mercado-libre_branding_logo.jpg","link":"https:\/\/fity.club\/lists\/suggestions\/mercado-libre\/","title":"Mercado Libre","thumbnail":"https:\/\/ts2.mm.bing.net\/th?id=OIP.reHoGpRt5zZdPWWAntpZ3gHaKl&pid=15.1","size":"700\u00d71000","desc":"\ue000Mercado Libre\ue001","filetype":"","width":"700\u00d71000","height":null,"domain":"fity.club"},{"url":"https:\/\/revistadigital.mx\/wp-content\/uploads\/2023\/04\/AN410_MercadoLibre_03-1200x1545.jpeg","link":"https:\/\/revistadigital.mx\/altonivel\/mercado-libre-el-gigante-de-america-latina\/","title":"Mercado Libre: el gigante de Am\u00e9rica Latina | mag21","thumbnail":"https:\/\/ts1.mm.bing.net\/th?id=OIP.48mXc_pha57ZiY0gDxYrKQHaJi&pid=15.1","size":"1200\u00d71545","desc":"\ue000Mercado Libre\ue001: el gigante de Am\u00e9rica Latina | mag21","filetype":"","width":"1200\u00d71545","height":null,"domain":"revistadigital.mx"},{"url":"https:\/\/cdn.forbes.com.mx\/2024\/05\/Mercado-Libre-MODO.webp","link":"https:\/\/forbes.com.mx\/streaming-de-mercado-libre-llega-a-las-smart-tv-de-america-latina\/","title":"Streaming de Mercado Libre llega a las smart TV de Am\u00e9rica Latina","thumbnail":"https:\/\/ts4.mm.bing.net\/th?id=OIP.V5fV_HlWd0LnqH2hgGc_CAHaFA&pid=15.1","size":"1280\u00d7866","desc":"Streaming de \ue000Mercado Libre\ue001 llega a las smart TV de Am\u00e9rica Latina ...","filetype":"","width":"1280\u00d7866","height":null,"domain":"forbes.com.mx"},{"url":"https:\/\/ds-images.bolavip.com\/news\/image?src=https:\/\/images.redgol.cl\/webp\/full\/RDG_20240516_RDG_400297_mercado-libre-2-1024x683_19fc9b8d.webp&width=1024&height=683","link":"https:\/\/redgol.cl\/tendencias\/como-puedo-vender-en-mercado-libre-revisa-como-funciona","title":"\u00bfC\u00f3mo puedo vender en Mercado Libre? Revisa c\u00f3mo funciona","thumbnail":"https:\/\/ts3.mm.bing.net\/th?id=OIP.IR8ZOolg6rqVdionAJaE8AHaE8&pid=15.1","size":"1024\u00d7683","desc":"\u00bfC\u00f3mo puedo vender en \ue000Mercado Libre\ue001? Revisa c\u00f3mo funciona","filetype":"","width":"1024\u00d7683","height":null,"domain":"redgol.cl"},{"url":"https:\/\/img.lalr.co\/cms\/2022\/02\/09174836\/Mercado-libre.jpg","link":"https:\/\/www.larepublica.co\/globoeconomia\/mercado-libre-pierde-el-trono-tres-empresas-latinoamericanas-valen-mas-que-el-gigante-4344478","title":"Mercado Libre pierde el trono, tres empresas latinoamericanas valen m\u00e1s","thumbnail":"https:\/\/ts4.explicit.bing.net\/th?id=OIP.hkGynVj54wm_-5dub4ADZAHaGL&pid=15.1","size":"1080\u00d7900","desc":"\ue000Mercado Libre\ue001 pierde el trono, tres empresas latinoamericanas valen m\u00e1s ...","filetype":"","width":"1080\u00d7900","height":null,"domain":"www.larepublica.co"},{"url":"https:\/\/media.ambito.com\/p\/27b9b235cfb8ab5ef750f22c5c48e017\/adjuntos\/239\/imagenes\/040\/718\/0040718972\/mercado-libre-portadajpg.jpg","link":"https:\/\/fity.club\/lists\/suggestions\/mercado-libre\/","title":"Mercado Libre","thumbnail":"https:\/\/ts4.mm.bing.net\/th?id=OIP.4NPvfP2WpMtsYo9As8RwWAHaEK&pid=15.1","size":"1200\u00d7675","desc":"\ue000Mercado Libre\ue001","filetype":"","width":"1200\u00d7675","height":null,"domain":"fity.club"},{"url":"https:\/\/thelogisticsworld.com\/wp-content\/uploads\/2023\/04\/mercado-libre-argentina-e1682446290246-828x548.jpg","link":"https:\/\/echo-h2.de\/seguimiento-mercado-libre-argentina\/","title":"Seguimiento Mercado Libre Argentina \u2013 VACMTS","thumbnail":"https:\/\/ts4.mm.bing.net\/th?id=OIP.rpbfqtTz6L8_wJocvTrhewHaE5&pid=15.1","size":"828\u00d7548","desc":"Seguimiento \ue000Mercado Libre\ue001 Argentina \u2013 VACMTS","filetype":"","width":"828\u00d7548","height":null,"domain":"echo-h2.de"},{"url":"https:\/\/blog.chattigo.com\/hubfs\/Blog-9-FEB-portada-blog.png","link":"https:\/\/fity.club\/lists\/suggestions\/logotipo-de-libre-mercado\/","title":"Logotipo De Libre Mercado Mercado Libre Cuadruplica Su Capacidad De","thumbnail":"https:\/\/ts1.mm.bing.net\/th?id=OIP.Co5rvek78sTdRQ6w0aHz5gHaDt&pid=15.1","size":"800\u00d7400","desc":"Logotipo De \ue000Libre\ue001 \ue000Mercado\ue001 \ue000Mercado Libre\ue001 Cuadruplica Su Capacidad De","filetype":"","width":"800\u00d7400","height":null,"domain":"fity.club"},{"url":"https:\/\/imaginity.com\/wp-content\/uploads\/2024\/05\/imaginity_mercado_libre_branding_logo_design_app_services_2.jpg","link":"https:\/\/imaginity.com\/design-process\/brand-architecture\/mercado-libre-case-study\/","title":"Mercado Libre Brand Architecture Case Study | Imaginity","thumbnail":"https:\/\/ts4.explicit.bing.net\/th?id=OIP.ur7_P6r5K5euxWBzGIyuXgHaFP&pid=15.1","size":"1200\u00d7850","desc":"\ue000Mercado Libre\ue001 Brand Architecture Case Study | Imaginity","filetype":"","width":"1200\u00d7850","height":null,"domain":"imaginity.com"},{"url":"https:\/\/www.infozona.com.ar\/wp-content\/uploads\/2023\/08\/empleos-mercado-libre.jpg","link":"https:\/\/blogcristguzman02.blogspot.com\/2025\/01\/plataformas-e-commerce-cristal-guzman.html","title":"PLATAFORMAS- E-COMMERCE CRISTAL GUZMAN","thumbnail":"https:\/\/ts4.explicit.bing.net\/th?id=OIP.g0Hz8iPkwwGzRQs_JQm6vAHaEX&pid=15.1","size":"1217\u00d7717","desc":"PLATAFORMAS- E-COMMERCE CRISTAL GUZMAN","filetype":"","width":"1217\u00d7717","height":null,"domain":"blogcristguzman02.blogspot.com"},{"url":"https:\/\/www.altonivel.com.mx\/wp-content\/uploads\/2018\/08\/mercado-libre-1.jpg","link":"https:\/\/www.altonivel.com.mx\/mercado-libre-nissan-quieren-compres-auto-internet\/","title":"Mercado Libre y Nissan quieren que compres tu auto por internet","thumbnail":"https:\/\/ts3.mm.bing.net\/th?id=OIP.NybgD_8FtU6HOwA0Xg0I9AHaFA&pid=15.1","size":"1182\u00d7800","desc":"\ue000Mercado Libre\ue001 y Nissan quieren que compres tu auto por internet","filetype":"","width":"1182\u00d7800","height":null,"domain":"www.altonivel.com.mx"},{"url":"https:\/\/www.altonivel.com.mx\/wp-content\/uploads\/2023\/03\/mercado-libre.jpg","link":"https:\/\/www.altonivel.com.mx\/mercado-libre-busca-digitalizar-a-todo-mexico-invertira-1600-mdd-en-2023\/","title":"Mercado Libre busca 'digitalizar' a todo M\u00e9xico: Invertir\u00e1 1,600 mdd en","thumbnail":"https:\/\/ts3.mm.bing.net\/th?id=OIP.6NDh5NUafUWjLoHg3nykGAHaFA&pid=15.1","size":"1200\u00d7812","desc":"\ue000Mercado Libre\ue001 busca 'digitalizar' a todo M\u00e9xico: Invertir\u00e1 1,600 mdd en ...","filetype":"","width":"1200\u00d7812","height":null,"domain":"www.altonivel.com.mx"},{"url":"https:\/\/imaginity.com\/wp-content\/uploads\/2024\/05\/imaginity_mercado_libre_branding_logo_design_mobile_2.jpg","link":"https:\/\/imaginity.com\/es\/design\/mercado-libre-branding-consultoria-de-marca-plataforma-e-commerce-aplicacion\/","title":"Imaginity - Branding, y Consultor\u00eda de Marca: mercado libre","thumbnail":"https:\/\/ts2.mm.bing.net\/th?id=OIP.ODW-9bk4CaYVkg8p6uBw0AHaIp&pid=15.1","size":"1200\u00d71400","desc":"Imaginity - Branding, y Consultor\u00eda de Marca: \ue000mercado libre\ue001","filetype":"","width":"1200\u00d71400","height":null,"domain":"imaginity.com"},{"url":"https:\/\/thumbs.dreamstime.com\/z\/cartel-publicitario-con-el-logo-de-mercado-libre-poznan-pol-mayo-carteles-publicitarios-una-empresa-argentina-que-opera-mercados-259155969.jpg","link":"https:\/\/es.dreamstime.com\/cartel-publicitario-con-el-logo-de-mercado-libre-poznan-pol-mayo-carteles-publicitarios-una-empresa-argentina-que-opera-mercados-image259155969","title":"Cartel Publicitario Con El Logo De Mercado Libre Imagen de archivo","thumbnail":"https:\/\/ts2.mm.bing.net\/th?id=OIP.M3vsqjPjiW63yNnnED6YwgHaEo&pid=15.1","size":"1600\u00d71002","desc":"Cartel Publicitario Con El Logo De \ue000Mercado Libre\ue001 Imagen de archivo ...","filetype":"","width":"1600\u00d71002","height":null,"domain":"es.dreamstime.com"},{"url":"https:\/\/s3-alpha.figma.com\/hub\/file\/2687978069\/086daafa-29da-4090-b5b6-26d2186006e1-cover.png","link":"https:\/\/www.figma.com\/es-es\/comunidad\/file\/1037492871380321112\/mercado-libre-iconos-logo-colores-y-elementos","title":"Mercado libre iconos, logo, colores y elementos | Figma","thumbnail":"https:\/\/ts1.mm.bing.net\/th?id=OIP.7wVQWYmJGQE8_CEk4R3f0AHaDt&pid=15.1","size":"1920\u00d7960","desc":"\ue000Mercado libre\ue001 iconos, logo, colores y elementos | Figma","filetype":"","width":"1920\u00d7960","height":null,"domain":"www.figma.com"},{"url":"https:\/\/d1ih8jugeo2m5m.cloudfront.net\/2022\/09\/Como-funciona-Mercado-Libre.jpg","link":"https:\/\/main.theconceptspace.org\/mercado-libre-mexico-donde-mercado-livre\/","title":"Mercado Libre M\u00e9xico D\u00f3nde _ Mercado Livre \u2013 KFZCH","thumbnail":"https:\/\/ts1.mm.bing.net\/th?id=OIP.i5KIJzi9QyGovULzuWBSyQHaFQ&pid=15.1","size":"988\u00d7701","desc":"\ue000Mercado Libre\ue001 M\u00e9xico D\u00f3nde _ \ue000Mercado\ue001 Livre \u2013 KFZCH","filetype":"","width":"988\u00d7701","height":null,"domain":"main.theconceptspace.org"},{"url":"https:\/\/www.hostinger.com\/in\/tutorials\/wp-content\/uploads\/sites\/52\/2025\/01\/Mercado-Libre-initial-page-2-1536x895.png","link":"https:\/\/www.hostinger.com\/in\/tutorials\/what-is-mercado-libre","title":"What is Mercado Libre: A detailed overview","thumbnail":"https:\/\/ts1.mm.bing.net\/th?id=OIP.KUmv6nzHIjMOoR6KPay6nwHaEU&pid=15.1","size":"1536\u00d7895","desc":"What is \ue000Mercado Libre\ue001: A detailed overview","filetype":"","width":"1536\u00d7895","height":null,"domain":"www.hostinger.com"},{"url":"https:\/\/imaginity.com\/wp-content\/uploads\/2021\/10\/imaginity_mercado_libre_branding_logo_design_online_shopper.jpg","link":"https:\/\/imaginity.com\/es\/design\/mercado-libre-branding-consultoria-de-marca-plataforma-e-commerce-aplicacion\/","title":"Mercado Libre - Branding & Consultor\u00eda de marca - Imaginity","thumbnail":"https:\/\/ts3.explicit.bing.net\/th?id=OIP.9Xhe_kg3DNwNMkCeEDXutQHaFP&pid=15.1","size":"1200\u00d7850","desc":"\ue000Mercado Libre\ue001 - Branding & Consultor\u00eda de marca - Imaginity","filetype":"","width":"1200\u00d7850","height":null,"domain":"imaginity.com"},{"url":"https:\/\/imaginity.com\/wp-content\/uploads\/2024\/05\/imaginity_mercado_libre_branding_logo_design_grid_3.jpg","link":"https:\/\/imaginity.com\/design\/mercado-libre_rebrand-branding-logo-design-brand-consulting\/","title":"mercado libre - Branding, Brand Consulting - Imaginity","thumbnail":"https:\/\/ts4.mm.bing.net\/th?id=OIP.3sJ1fU3_NgqHZIyNz20RfAHaIp&pid=15.1","size":"1200\u00d71400","desc":"\ue000mercado libre\ue001 - Branding, Brand Consulting - Imaginity","filetype":"","width":"1200\u00d71400","height":null,"domain":"imaginity.com"},{"url":"https:\/\/media.ambito.com\/p\/02aa092846490be8768e8c97d21c6a66\/adjuntos\/239\/imagenes\/040\/855\/0040855717\/ventas-mercado-librejpg.jpg","link":"https:\/\/www.ambito.com\/negocios\/mercado-libre-volvio-ser-la-empresa-mayor-valor-latinoamerica-n6043135","title":"Mercado Libre volvi\u00f3 a ser la empresa de mayor valor de Latinoam\u00e9rica","thumbnail":"https:\/\/ts4.mm.bing.net\/th?id=OIP.8hre-peCRuTHmarWW4-v-QHaEK&pid=15.1","size":"1200\u00d7675","desc":"\ue000Mercado Libre\ue001 volvi\u00f3 a ser la empresa de mayor valor de Latinoam\u00e9rica","filetype":"","width":"1200\u00d7675","height":null,"domain":"www.ambito.com"},{"url":"https:\/\/globalfy.com\/wp-content\/uploads\/2025\/04\/ChatGPT-Image-Apr-1-2025-03_24_28-PM.png","link":"https:\/\/globalfy.com\/blog\/expand-o-latin-america-with-mercardo-libre-global-selling\/","title":"Expand into Latin America with Mercado Libre Global Selling - Globalfy","thumbnail":"https:\/\/ts4.mm.bing.net\/th?id=OIP.-5jZufceq8rmV02kXAAaFwHaHa&pid=15.1","size":"1024\u00d71024","desc":"Expand into Latin America with \ue000Mercado Libre\ue001 Global Selling - Globalfy","filetype":"","width":"1024\u00d71024","height":null,"domain":"globalfy.com"},{"url":"https:\/\/contagram.com\/wp-content\/uploads\/2024\/09\/mercado-libre-logo.jpg","link":"https:\/\/contagram.com\/mercado-libre-como-potenciar-tus-ventas-con-un-sistema-de-gestion\/","title":"Mercado Libre: c\u00f3mo potenciar tus ventas con un sistema de gesti\u00f3n","thumbnail":"https:\/\/ts1.mm.bing.net\/th?id=OIP.okn2WfBmVtk-Vwurj-A21wHaE9&pid=15.1","size":"2000\u00d71338","desc":"\ue000Mercado Libre\ue001: c\u00f3mo potenciar tus ventas con un sistema de gesti\u00f3n","filetype":"","width":"2000\u00d71338","height":null,"domain":"contagram.com"},{"url":"https:\/\/imaginity.com\/wp-content\/uploads\/2021\/10\/imaginity_mercado_libre_branding_logo_design_before_after-1.jpg","link":"https:\/\/imaginity.com\/design\/mercado-libre_rebrand-branding-logo-design-brand-consulting\/","title":"mercado libre - Branding, Brand Consulting - Imaginity","thumbnail":"https:\/\/ts4.mm.bing.net\/th?id=OIP._m3WHjOliysGGKRI724tBgHaIp&pid=15.1","size":"1200\u00d71400","desc":"\ue000mercado libre\ue001 - Branding, Brand Consulting - Imaginity","filetype":"","width":"1200\u00d71400","height":null,"domain":"imaginity.com"},{"url":"https:\/\/www.shutterstock.com\/shutterstock\/photos\/2061919064\/display_1500\/stock-photo-kazan-russia-oct-mercado-libre-is-argentine-company-that-operates-online-marketplaces-2061919064.jpg","link":"https:\/\/fity.club\/lists\/suggestions\/mercado-libre\/","title":"Mercado Libre","thumbnail":"https:\/\/ts4.mm.bing.net\/th?id=OIP.DcAv2jYRyEgTsgHN5GtAXQHaFb&pid=15.1","size":"1500\u00d71101","desc":"\ue000Mercado Libre\ue001","filetype":"","width":"1500\u00d71101","height":null,"domain":"fity.club"},{"url":"https:\/\/imaginity.com\/wp-content\/uploads\/imaginity_mercado_libre_mercado_pago_logo_design_brand_architecture_ecosystem_before_after.jpg","link":"https:\/\/imaginity.com\/es\/design\/mercado-libre-branding-consultoria-de-marca-plataforma-e-commerce-aplicacion\/","title":"Mercado Libre - Branding & Consultor\u00eda de marca - Imaginity","thumbnail":"https:\/\/ts3.mm.bing.net\/th?id=OIP.flZtSrR-eW6K5tk5fZMcewHaFP&pid=15.1","size":"1200\u00d7850","desc":"\ue000Mercado Libre\ue001 - Branding & Consultor\u00eda de marca - Imaginity","filetype":"","width":"1200\u00d7850","height":null,"domain":"imaginity.com"},{"url":"https:\/\/marketing4ecommerce.mx\/wp-content\/uploads\/2023\/03\/historia-de-mercado-libre-1.jpg","link":"https:\/\/marketing4ecommerce.mx\/mercado-libre-max-mexico\/","title":"Mercado Libre brindar\u00e1 acceso al streaming de Max con su programa de","thumbnail":"https:\/\/ts1.mm.bing.net\/th?id=OIP.oT5EqLAdfBA2iV-2VDoDYwHaEb&pid=15.1","size":"720\u00d7430","desc":"\ue000Mercado Libre\ue001 brindar\u00e1 acceso al streaming de Max con su programa de ...","filetype":"","width":"720\u00d7430","height":null,"domain":"marketing4ecommerce.mx"},{"url":"https:\/\/media.ed.edmunds-media.com\/honda\/civic\/2026\/oem\/2026_honda_civic_sedan_si_fq_oem_1_1280.jpg","link":"https:\/\/explorandofrancia.com\/excursiones\/honda-civic-touring-2026","title":"Honda civic touring 2026 foto - Explorandofrancia.com","thumbnail":"https:\/\/ts4.mm.bing.net\/th?id=OIP.3wFp-5owoBmZXaFAoRnCHgHaE8&pid=15.1","size":"1280\u00d7855","desc":"","filetype":"","width":"1280\u00d7855","height":null,"domain":"explorandofrancia.com"},{"url":"https:\/\/motoraxle.com\/wp-content\/uploads\/2025\/05\/2026-Honda-Civic-Type-R-Makes-Its-Debut.jpg","link":"https:\/\/motoraxle.com\/2026-honda-civic-type-r-vs-golf-r-elantra-n-gr-corolla\/","title":"2026 Honda Civic Type R Makes Its Debut \u2014 Is This the Hot Hatch That","thumbnail":"https:\/\/ts3.mm.bing.net\/th?id=OIP.Zt1WQ-L_MXo9TnncHA48KgHaEU&pid=15.1","size":"1200\u00d7700","desc":"","filetype":"","width":"1200\u00d7700","height":null,"domain":"motoraxle.com"},{"url":"https:\/\/static0.carbuzzimages.com\/wordpress\/wp-content\/uploads\/2024\/05\/_34a2000.jpg","link":"https:\/\/carbuzz.com\/cars\/honda\/civic-sedan\/2026\/community\/","title":"2026 Honda Civic Sedan Forums","thumbnail":"https:\/\/ts4.mm.bing.net\/th?id=OIP.5UwV6FkdiUbbjq5mFP38iwHaE8&pid=15.1","size":"4705\u00d73137","desc":"","filetype":"","width":"4705\u00d73137","height":null,"domain":"carbuzz.com"},{"url":"https:\/\/d3s8goeblmpptu.cloudfront.net\/mrp\/honda\/2026\/civic-hatchback\/2026-honda-civic-hatchback_landing_649115.png","link":"https:\/\/www.invergrovehonda.com\/new-2026-honda-civic-hatchback-inver-grove-heights-mn-overview\/","title":"New 2026 Honda Civic Hatchback Review in Inver Grove Heights MN","thumbnail":"https:\/\/ts3.mm.bing.net\/th?id=OIP.shF1xt44sDcaTjzqq1xBuwHaDt&pid=15.1","size":"800\u00d7400","desc":"","filetype":"","width":"800\u00d7400","height":null,"domain":"www.invergrovehonda.com"},{"url":"https:\/\/cdn.jdpower.com\/ArticleImages\/JDP_2026 Honda Civic Sedan Hybrid Sport Touring Front Quarter View.jpg","link":"https:\/\/www.jdpower.com\/cars\/expert-reviews\/2026-honda-civic-sedan-hybrid-review-update","title":"2026 Honda Civic Sedan Hybrid Review Update","thumbnail":"https:\/\/ts4.mm.bing.net\/th?id=OIP.MJUHf_GPYdkRkRbIjG3J7AAAAA&pid=15.1","size":"474\u00d7355","desc":"","filetype":"","width":"474\u00d7355","height":null,"domain":"www.jdpower.com"},{"url":"https:\/\/www.honda.ca\/-\/media\/Brands\/Honda\/Models\/CIVIC-HATCHBACK\/2026\/Overview\/02-Key-Features\/MY26_Civic_Hatchback_SportTouringHybrid_BBP_1036x520_Desktop_OverviewKeyFeatures.png?h=1040&iar=0&w=2072&rev=bbcd02e2ecd34433be7d20d4b3b0b1bb&hash=28812EABE821E31BCD29FE475455B8CA","link":"https:\/\/www.honda.ca\/en\/civic_hatchback?gad_source=1&gad_campaignid=22475645699&gbraid=0AAAAADxNOOigf1FoHlIUX75cSQt3atwSf","title":"2026 Honda Civic Hatchback | Honda Canada","thumbnail":"https:\/\/ts3.mm.bing.net\/th?id=OIP.fyrDnaI9y17oY-eki0Cx2QHaDt&pid=15.1","size":"2072\u00d71040","desc":"","filetype":"","width":"2072\u00d71040","height":null,"domain":"www.honda.ca"},{"url":"https:\/\/inticefusion.com\/chromeimages\/2026_honda_civic hatchback hybrid_sport_cvt__1280_01.png","link":"https:\/\/saratogahonda.com\/research\/2026-honda-civic-hatchback-hybrid\/","title":"2026 Honda Civic Hatchback Hybrid | Features, Specs, and Pricing","thumbnail":"https:\/\/ts2.mm.bing.net\/th?id=OIP.Ad1P-oBoVNNgOBkKTxfB5AHaFj&pid=15.1","size":"1280\u00d7960","desc":"","filetype":"","width":"1280\u00d7960","height":null,"domain":"saratogahonda.com"},{"url":"https:\/\/i.gaw.to\/vehicles\/photos\/40\/41\/404195-2026-honda-civic.jpg?1024x640","link":"https:\/\/www.guideautoweb.com\/constructeurs\/honda\/civic\/2026\/specifications\/berline-hybride-sport\/","title":"Honda Civic Berline Hybride Sport 2026 : Prix, Specs & Fiche Technique","thumbnail":"https:\/\/ts3.mm.bing.net\/th?id=OIP.CIziInVaIf6hwjkRXIViWQAAAA&pid=15.1","size":"474\u00d7295","desc":"","filetype":"","width":"474\u00d7295","height":null,"domain":"www.guideautoweb.com"},{"url":"https:\/\/www.honda.ca\/-\/media\/Brands\/Honda\/Models\/CIVIC-SEDAN\/2026\/2-Trims\/BAP\/Sport-Touring-Hybrid\/SRSM\/MY26_Civic_Sedan_SportTouringHybrid_SRSM_3250x2400_Desktop_BAPColourSelector_01.png?h=2400&iar=0&w=3250&rev=71a8453407e34a988a74f01a50c50160&hash=CF16489597109918431103C1A151AC4E","link":"https:\/\/www.honda.ca\/en\/civic_sedan\/trims?trim=sport_10865&gad_source=1&gad_campaignid=21421170406&gbraid=0AAAAADxNOOjU8EZUBXv6omh0slzux54jr","title":"2026 Honda Civic Sedan: Hybrid & Petrol Trims | Honda Canada","thumbnail":"https:\/\/ts3.mm.bing.net\/th?id=OIP.TXt5fBWgJc_i4T5SLAb8mQAAAA&pid=15.1","size":"474\u00d7350","desc":"","filetype":"","width":"474\u00d7350","height":null,"domain":"www.honda.ca"},{"url":"https:\/\/www.honda.ca\/-\/media\/Brands\/Honda\/Models\/CIVIC-SI\/2026\/2-Overview\/07-Specifications\/MY26_Civic_Si_848x477_Desktop_OverviewSpecsLandscapeBoxCard.png?h=954&iar=0&w=1696&rev=883e356fe5ef409fa40b990ac1f06608&hash=1843A559672C8B631722CD6F2B02D2A1","link":"https:\/\/www.honda.ca\/en\/civic_si?trim=si_10876&gad_source=1&gad_campaignid=21421170406&gbraid=0AAAAADxNOOgjrRFHz2JM_ZHiuoEI6d0Wh","title":"2026 Honda Civic Si Compact Sports Car | Honda Canada","thumbnail":"https:\/\/ts1.mm.bing.net\/th?id=OIP.4fsB0rRMnfqXe57NPKMJWgHaEK&pid=15.1","size":"1696\u00d7954","desc":"","filetype":"","width":"1696\u00d7954","height":null,"domain":"www.honda.ca"},{"url":"https:\/\/images.ctfassets.net\/c9t6u0qhbv9e\/4bDy3Q7SzbAKvSLBcMiG17\/f97838f47c533ddbf0116d52d2db96d1\/CG_2026_Honda_Civic_Sport_Gray_Front.jpg","link":"https:\/\/www.cargurus.com\/Cars\/l-Used-2026-Honda-Civic-Cimarron-c34183_L22642","title":"New & Used 2026 Honda Civic for Sale near Cimarron, NM - CarGurus","thumbnail":"https:\/\/ts4.mm.bing.net\/th?id=OIP.Mh4nY_WS-rrQS47uqDdmZwAAAA&pid=15.1","size":"474\u00d7316","desc":"","filetype":"","width":"474\u00d7316","height":null,"domain":"www.cargurus.com"},{"url":"https:\/\/s1.cdn.autoevolution.com\/images\/news\/gallery\/2026-honda-civic-plug-in-hybrid-sedan-gets-imagined-in-ritzy-colors-and-with-new-styling_15.jpg","link":"https:\/\/ausmalbilderfurkinder.de\/2026-civic-hybrid\/","title":"2026 Civic Hybrid 2026 Honda Civic Plug-in Hybrid Sedan Gets Imagined","thumbnail":"https:\/\/ts4.mm.bing.net\/th?id=OIP.mW1OU5NIFB_2AGmrDy9b4gHaEK&pid=15.1","size":"1920\u00d71080","desc":"","filetype":"","width":"1920\u00d71080","height":null,"domain":"ausmalbilderfurkinder.de"},{"url":"https:\/\/platform.cstatic-images.com\/in\/v2\/stock_photos\/0fddd6b2-6a44-4452-bc4d-92b0ac4debb1\/a3fcc62a-826e-4d59-ba6a-67d8e87ba527.png","link":"https:\/\/www.cars.com\/research\/honda-civic-2026\/trims\/","title":"2026 Honda Civic Trim Levels & Configurations | Cars.com","thumbnail":"https:\/\/ts3.mm.bing.net\/th?id=OIP.67p4K7yYCNjsvVDIQf5nCwHaE4&pid=15.1","size":"2100\u00d71386","desc":"","filetype":"","width":"2100\u00d71386","height":null,"domain":"www.cars.com"},{"url":"https:\/\/images.dealer.com\/ddc\/vehicles\/2026\/Honda\/Civic Hybrid\/Sedan\/trim_Sport_Touring_00646c\/perspective\/front-left\/2026_76.png","link":"https:\/\/www.carsonhonda.net\/new-honda\/civic-hybrid.htm","title":"New 2026 Honda Civic Hybrid in Carson at Carson Honda","thumbnail":"https:\/\/ts2.mm.bing.net\/th?id=OIP.8UbGf13aNSHUeh-l6Kyf3QHaDY&pid=15.1","size":"2000\u00d7912","desc":"","filetype":"","width":"2000\u00d7912","height":null,"domain":"www.carsonhonda.net"},{"url":"https:\/\/autoimage.capitalone.com\/cms\/Auto\/assets\/images\/3923-hero-2026-honda-civic-hybrid-review.jpg","link":"https:\/\/www.serrahondaofallon.com\/2026-honda-civic-hybrid-mascoutah\/","title":"New 2026 Honda Civic Hybrid For Sale Near Mascoutah | Serra Honda O'Fallon","thumbnail":"https:\/\/ts2.mm.bing.net\/th?id=OIP.smygEy-0a8LAxNq7TismbgHaE7&pid=15.1","size":"2000\u00d71333","desc":"","filetype":"","width":"2000\u00d71333","height":null,"domain":"www.serrahondaofallon.com"},{"url":"https:\/\/noorcars.com\/wp-content\/uploads\/2025\/06\/luxury-model-2026-honda-civic-hatchback-redesign-first-look-everything-you-need-to-know-youtube.jpg","link":"https:\/\/noorcars.com\/2026-honda-civic-hatchback\/","title":"2026 Honda Civic Hatchback: Redefining Style And Performance | NoorCars.com","thumbnail":"https:\/\/ts1.mm.bing.net\/th?id=OIP.2uAB4xCmGb2W6ncYzVvS6AHaEK&pid=15.1","size":"1280\u00d7720","desc":"","filetype":"","width":"1280\u00d7720","height":null,"domain":"noorcars.com"},{"url":"https:\/\/www.usnews.com\/object\/image\/00000198-a5be-d2c5-a99b-a7bfe16d0000\/2026-honda-civic-hybrid-front-three-quarter-ak.jpg?update-time=1755128000776&size=responsiveGallery&format=webp","link":"https:\/\/explorandofrancia.com\/excursiones\/honda-civic-touring-2026","title":"Honda civic touring 2026 foto - Explorandofrancia.com","thumbnail":"https:\/\/ts1.mm.bing.net\/th?id=OIP.pZuX3eflk-UKaq1q-qJ_pgAAAA&pid=15.1","size":"474\u00d7316","desc":"","filetype":"","width":"474\u00d7316","height":null,"domain":"explorandofrancia.com"},{"url":"https:\/\/www.honda.ca\/-\/media\/Brands\/Honda\/Models\/CIVIC-HATCHBACK\/2025\/03-Overview\/08-Gallery\/Exterior\/MY25_Civic_Hatchback_1200x500_Desktop_OverviewGallery_Exterior_05.png?h=500&iar=0&w=1200&rev=4e19d35d4922468f956d1812d992904c&hash=724E27669C745F371BF88DD1CC76B36A","link":"https:\/\/www.honda.ca\/en\/civic_hatchback?gad_source=1&gad_campaignid=22475645918&gbraid=0AAAAADxNOOjb_ct4s_mqpocTdu1miOgpR","title":"2026 Honda Civic Hatchback | Honda Canada","thumbnail":"https:\/\/ts4.mm.bing.net\/th?id=OIP.sSk5FqRDIuXi9qqdkwXugQHaDF&pid=15.1","size":"1200\u00d7500","desc":"","filetype":"","width":"1200\u00d7500","height":null,"domain":"www.honda.ca"},{"url":"https:\/\/s1.cdn.autoevolution.com\/images\/news\/gallery\/2026-honda-civic-plug-in-hybrid-sedan-gets-imagined-in-ritzy-colors-and-with-new-styling_17.jpg","link":"https:\/\/ausmalbilderfurkinder.de\/2026-honda-civic-hybrid-sport-touring-hatchback-price\/","title":"2026 Honda Civic Hybrid Sport Touring Hatchback Price 2026 Honda Civic","thumbnail":"https:\/\/ts2.mm.bing.net\/th?id=OIP.WSv4A3hrgnl2lKqG2G9l8wHaEK&pid=15.1","size":"1920\u00d71080","desc":"","filetype":"","width":"1920\u00d71080","height":null,"domain":"ausmalbilderfurkinder.de"},{"url":"https:\/\/s1.cdn.autoevolution.com\/images\/news\/gallery\/2026-honda-civic-plug-in-hybrid-sedan-gets-imagined-in-ritzy-colors-and-with-new-styling_20.jpg","link":"https:\/\/www.autoevolution.com\/news\/2026-honda-civic-plug-in-hybrid-sedan-gets-imagined-in-ritzy-colors-and-with-new-styling-248584.html","title":"2026 Honda Civic Plug-In Hybrid Sedan Gets Imagined in Ritzy Colors and","thumbnail":"https:\/\/ts4.mm.bing.net\/th?id=OIP.xvOrWCWdFMOYeTk09xW3BwHaEK&pid=15.1","size":"1920\u00d71080","desc":"","filetype":"","width":"1920\u00d71080","height":null,"domain":"www.autoevolution.com"},{"url":"https:\/\/topelectricsuv.com\/wp-content\/uploads\/2025\/12\/2026-Honda-Civic-Hybrid-Hatchback-front.jpg","link":"https:\/\/topelectricsuv.com\/first-look-review\/2026-honda-civic-sport-touring-hybrid-hatchback\/","title":"2026 Honda Civic Sport Touring Hybrid Hatchback is warm & elegant in","thumbnail":"https:\/\/ts1.mm.bing.net\/th?id=OIP.xi86sb-5rt-w9vZfu6Aq3gHaFj&pid=15.1","size":"1280\u00d7960","desc":"","filetype":"","width":"1280\u00d7960","height":null,"domain":"topelectricsuv.com"},{"url":"https:\/\/img.sm360.ca\/ir\/w640h390c\/images\/newcar\/ca\/2026\/honda\/civic-berline-hybride\/sport\/sedan\/exteriorColors\/2026_honda_civic-sedan-hybride_sport_ext_014_nh-932m.png","link":"https:\/\/www.centennialhonda.com\/en\/new-catalog\/honda\/2026-honda-civic-sedan-hybrid-sport-id31539","title":"Centennial Honda | The 2026 Honda Civic Sedan Hybrid Sport in Summerside","thumbnail":"https:\/\/ts1.mm.bing.net\/th?id=OIP.8WuTXrlhYLE5PCdFby6_lgHaEg&pid=15.1","size":"640\u00d7390","desc":"","filetype":"","width":"640\u00d7390","height":null,"domain":"www.centennialhonda.com"},{"url":"https:\/\/www.stefanogbac.com\/wp-content\/uploads\/2026\/02\/2026-Honda-Civic-Si-02-scaled.jpg","link":"https:\/\/www.stefanogbac.com\/2026\/02\/28\/2026-honda-civic-si-starts-at-32690\/","title":"2026 Honda Civic Si starts at $32,690 - Stefan On Cars","thumbnail":"https:\/\/ts4.mm.bing.net\/th?id=OIP.FDxkiQzNbyyXYzilwVRoUwHaEp&pid=15.1","size":"2560\u00d71605","desc":"","filetype":"","width":"2560\u00d71605","height":null,"domain":"www.stefanogbac.com"},{"url":"https:\/\/s1.cdn.autoevolution.com\/images\/news\/gallery\/2026-honda-civic-plug-in-hybrid-sedan-gets-imagined-in-ritzy-colors-and-with-new-styling_10.jpg","link":"https:\/\/www.autoevolution.com\/news\/2026-honda-civic-plug-in-hybrid-sedan-gets-imagined-in-ritzy-colors-and-with-new-styling-248584.html","title":"2026 Honda Civic Plug-In Hybrid Sedan Gets Imagined in Ritzy Colors and","thumbnail":"https:\/\/ts3.mm.bing.net\/th?id=OIP.KEKzUe50pSTk-RWxJJskZAHaEK&pid=15.1","size":"1920\u00d71080","desc":"","filetype":"","width":"1920\u00d71080","height":null,"domain":"www.autoevolution.com"},{"url":"https:\/\/cblab.org\/wp-content\/uploads\/2026\/01\/Honda-Civic-2026-Launch.jpg","link":"https:\/\/cblab.org\/honda-civic-2026-launch\/","title":"Honda Civic 2026 Launch: Bold Design, Sportier Exterior, Enhanced","thumbnail":"https:\/\/ts2.mm.bing.net\/th?id=OIP.1FGaSUA6x_wzXsHZwrX0owHaEK&pid=15.1","size":"1280\u00d7720","desc":"","filetype":"","width":"1280\u00d7720","height":null,"domain":"cblab.org"},{"url":"https:\/\/a0.cdnfan.com\/images\/M\/4\/0\/6\/3\/honda-civic-2026_hd_168096.jpg","link":"https:\/\/www.auto10.com\/actualidad\/nuevo-honda-civic-2026-diseno-exterior-renovado-y-mejoras-importantes-de-equipamiento\/23604","title":"Nuevo Honda Civic 2026: dise\u00f1o exterior renovado y mejoras importantes","thumbnail":"https:\/\/ts3.mm.bing.net\/th?id=OIP.HvZbKKETUzFc2Qdva09ABQHaE6&pid=15.1","size":"2048\u00d71361","desc":"","filetype":"","width":"2048\u00d71361","height":null,"domain":"www.auto10.com"},{"url":"https:\/\/www.honda.ca\/-\/media\/Brands\/Honda\/Models\/CIVIC-SI\/2025\/02-Overview\/08-Gallery\/Exterior\/MY25_Civic_Si_1248x702_Desktop_OverviewGalleryExterior_04.png?h=702&iar=0&w=1248&rev=0db262afa4a04ffaa1f475e22d7da598&hash=F654514B7309C071AA480AE054DBC9A4","link":"https:\/\/www.honda.ca\/en\/civic_si\/2026","title":"2026 Honda Civic Si Compact Sports Car | Honda Canada","thumbnail":"https:\/\/ts2.mm.bing.net\/th?id=OIP.6Rz7RTTrrRtT15gDZ0-xegHaEK&pid=15.1","size":"1248\u00d7702","desc":"","filetype":"","width":"1248\u00d7702","height":null,"domain":"www.honda.ca"},{"url":"https:\/\/s.alicdn.com\/@sc02\/kf\/H3eb087e9aec34abab07f42dd459e3017q.jpg","link":"https:\/\/carinterior.alibaba.com\/buyingguides\/2026-honda-civic-hybrid-hatchback-power-value-guide","title":"2026 Honda Civic Hybrid Hatchback Sport Touring guide","thumbnail":"https:\/\/ts2.mm.bing.net\/th?id=OIP.zRRptUy8NnxjcVPEGMJWTQHaEI&pid=15.1","size":"1664\u00d7928","desc":"","filetype":"","width":"1664\u00d7928","height":null,"domain":"carinterior.alibaba.com"},{"url":"https:\/\/s1.cdn.autoevolution.com\/images\/news\/gallery\/2026-honda-civic-plug-in-hybrid-sedan-gets-imagined-in-ritzy-colors-and-with-new-styling_1.jpg","link":"https:\/\/www.autoevolution.com\/news\/2026-honda-civic-plug-in-hybrid-sedan-gets-imagined-in-ritzy-colors-and-with-new-styling-248584.html","title":"2026 Honda Civic Plug-In Hybrid Sedan Gets Imagined in Ritzy Colors and","thumbnail":"https:\/\/ts4.mm.bing.net\/th?id=OIP.KN_4TLJi8T33Y0XL3rNjZQHaEK&pid=15.1","size":"1920\u00d71080","desc":"","filetype":"","width":"1920\u00d71080","height":null,"domain":"www.autoevolution.com"},{"url":"https:\/\/s1.cdn.autoevolution.com\/images\/news\/gallery\/2026-honda-civic-plug-in-hybrid-sedan-gets-imagined-in-ritzy-colors-and-with-new-styling_4.jpg","link":"https:\/\/www.autoevolution.com\/news\/2026-honda-civic-plug-in-hybrid-sedan-gets-imagined-in-ritzy-colors-and-with-new-styling-248584.html","title":"2026 Honda Civic Plug-In Hybrid Sedan Gets Imagined in Ritzy Colors and","thumbnail":"https:\/\/ts3.mm.bing.net\/th?id=OIP.7H9K36czl_4gzF_OOxkXKwHaEK&pid=15.1","size":"1920\u00d71080","desc":"","filetype":"","width":"1920\u00d71080","height":null,"domain":"www.autoevolution.com"},{"url":"https:\/\/s1.cdn.autoevolution.com\/images\/news\/gallery\/2026-honda-civic-plug-in-hybrid-sedan-gets-imagined-in-ritzy-colors-and-with-new-styling_8.jpg","link":"https:\/\/www.autoevolution.com\/news\/2026-honda-civic-plug-in-hybrid-sedan-gets-imagined-in-ritzy-colors-and-with-new-styling-248584.html","title":"2026 Honda Civic Plug-In Hybrid Sedan Gets Imagined in Ritzy Colors and","thumbnail":"https:\/\/ts3.mm.bing.net\/th?id=OIP.Y98Ymkn7Ezm8vV2ebrgteQHaEK&pid=15.1","size":"1920\u00d71080","desc":"","filetype":"","width":"1920\u00d71080","height":null,"domain":"www.autoevolution.com"},{"url":"https:\/\/s1.cdn.autoevolution.com\/images\/news\/2026-honda-civic-plug-in-hybrid-sedan-gets-imagined-in-ritzy-colors-and-with-new-styling-248584_1.jpg","link":"https:\/\/www.autoevolution.com\/news\/2026-honda-civic-plug-in-hybrid-sedan-gets-imagined-in-ritzy-colors-and-with-new-styling-248584.html","title":"2026 Honda Civic Plug-In Hybrid Sedan Gets Imagined in Ritzy Colors and","thumbnail":"https:\/\/ts3.mm.bing.net\/th?id=OIP.2SGB0G0-4oa4hk1USLUqnAHaEK&pid=15.1","size":"1920\u00d71080","desc":"","filetype":"","width":"1920\u00d71080","height":null,"domain":"www.autoevolution.com"},{"url":"https:\/\/rpmweb.ca\/imager\/medias\/9832828\/2025-Honda-Civic-Sedan-Sport-Hybrid_550ccdc016b66ec25cd6ec310268ae53.jpg","link":"https:\/\/rpmweb.ca\/vehicules\/honda\/civic\/2026\/sport-hybride","title":"Honda Civic Sport Hybride 2026 - Prix, nouveaut\u00e9s, sp\u00e9cifications","thumbnail":"https:\/\/ts3.mm.bing.net\/th?id=OIP.R3DTJ6f40TbboU5L-B3BCAHaEK&pid=15.1","size":"1920\u00d71080","desc":"","filetype":"","width":"1920\u00d71080","height":null,"domain":"rpmweb.ca"},{"url":"https:\/\/images.dealer.com\/ddc\/vehicles\/2026\/Honda\/Civic\/Sedan\/trim_Sport_80f109\/perspective\/front-left\/2026_76.png","link":"https:\/\/www.duvalhonda.com\/global-incentives-search\/2026-Honda-Civic-Sedan-Offers-US2026HND30cb97148db619c8a33e9ad.htm","title":"2026 Honda Civic Incentives, Specials & Offers in Jacksonville FL","thumbnail":"https:\/\/ts3.mm.bing.net\/th?id=OIP.Lo1f2BpvBiw5CwXRWuSbSwHaDV&pid=15.1","size":"1900\u00d7854","desc":"","filetype":"","width":"1900\u00d7854","height":null,"domain":"www.duvalhonda.com"},{"url":"https:\/\/hips.hearstapps.com\/hmg-prod\/images\/2025-honda-civic-sport-touring-hybrid-106-66ba34ddaa207.jpg?crop=0.715xw:0.537xh;0.138xw,0.359xh&resize=1200:*","link":"https:\/\/www.caranddriver.com\/honda\/civic\/specs\/2026\/honda_civic_honda-civic-hybrid-hatchback_2026","title":"2026 Honda Civic \/ Civic Hybrid Sport CVT Features and Specs","thumbnail":"https:\/\/ts3.mm.bing.net\/th?id=OIP.TWOl_0hselVezoQYOuZDKQHaDt&pid=15.1","size":"1200\u00d7601","desc":"","filetype":"","width":"1200\u00d7601","height":null,"domain":"www.caranddriver.com"},{"url":"https:\/\/www.calendarpedia.co.uk\/images-large\/two-year\/calendar-2026--2027-uk.png","link":"https:\/\/tools.couchsurfing.com\/grinnell-5-year-calendar\/2026-calendar-with-week-numbers-and-holidays-for-united-states","title":"2026 Calendar With Week Numbers And Holidays For United States - One","thumbnail":"https:\/\/ts1.mm.bing.net\/th?id=OIP.ewhjabk815tVTBKGNpWJ-AHaFZ&pid=15.1","size":"3295\u00d72404","desc":"\ue0002026\ue001 Calendar With Week Numbers And Holidays For United States - One ...","filetype":"","width":"3295\u00d72404","height":null,"domain":"tools.couchsurfing.com"},{"url":"https:\/\/images.pexels.com\/photos\/32417524\/pexels-photo-32417524.jpeg?cs=srgb&dl=pexels-ann-h-45017-32417524.jpg&fm=jpg","link":"https:\/\/www.pexels.com\/id-id\/pencarian\/Weihnachtsoratorium+Krak\u00f3w+2026\/","title":"7.000+ Foto Weihnachtsoratorium+krak\u00f3w+2026 Terbaik \u00b7 Unduh Gratis 100%","thumbnail":"https:\/\/ts1.mm.bing.net\/th?id=OIP.KKcXwJAIkiryIw-PfjWs5gHaE8&pid=15.1","size":"6000\u00d74000","desc":"7.000+ Foto Weihnachtsoratorium+krak\u00f3w+\ue0002026\ue001 Terbaik \u00b7 Unduh Gratis 100% ...","filetype":"","width":"6000\u00d74000","height":null,"domain":"www.pexels.com"},{"url":"https:\/\/www.123calendars.com\/images\/2026-calendar\/2026-Calendar.jpg","link":"https:\/\/primanyc.net\/2026-kalender\/","title":"2026 Kalender Kalender 2026 Zum Ausdrucken In Excel - PrimaNYC.com","thumbnail":"https:\/\/ts3.mm.bing.net\/th?id=OIP.QskCBvS_8rQrlwcSo11cyQHaF1&pid=15.1","size":"1945\u00d71531","desc":"\ue0002026\ue001 Kalender Kalender \ue0002026\ue001 Zum Ausdrucken In Excel - PrimaNYC.com","filetype":"","width":"1945\u00d71531","height":null,"domain":"primanyc.net"},{"url":"https:\/\/png.pngtree.com\/png-clipart\/20230915\/original\/pngtree-2026-yearly-calendar-with-green-and-black-vector-png-image_12169004.png","link":"https:\/\/mahego.com\/?l=2026-performance-camp-pass-5-week-female-game-changer-o-FUKD9ow9x","title":"2026 Performance Camp Pass 5 Week Female Game Changer Boarding","thumbnail":"https:\/\/ts1.mm.bing.net\/th?id=OIP.LQtR9PqIbs9yeGDzbTCGjQHaHa&pid=15.1","size":"1200\u00d71200","desc":"\ue0002026\ue001 Performance Camp Pass 5 Week Female Game Changer Boarding","filetype":"","width":"1200\u00d71200","height":null,"domain":"mahego.com"},{"url":"https:\/\/www.calendarpedia.com\/images-large\/two-year\/calendar-2026-2027.png","link":"https:\/\/calendar.us.org\/read\/printable-year-calendar-for-2026-singapore-physical-disability\/","title":"Printable Year Calendar For 2026 Singapore Physical Disability","thumbnail":"https:\/\/ts4.mm.bing.net\/th?id=OIP.Pbd4_YVllKZa-YGeiMymSAHaGE&pid=15.1","size":"3001\u00d72460","desc":"Printable Year Calendar For \ue0002026\ue001 Singapore Physical Disability","filetype":"","width":"3001\u00d72460","height":null,"domain":"calendar.us.org"},{"url":"https:\/\/media-cdn-v2.laodong.vn\/Storage\/NewsPortal\/2022\/6\/17\/1057388\/World-Cup-2026.jpg","link":"https:\/\/laodong.vn\/bong-da-quoc-te\/fifa-cong-bo-16-thanh-pho-dang-cai-world-cup-2026-1057388.ldo","title":"FIFA c\u00f4ng b\u1ed1 16 th\u00e0nh ph\u1ed1 \u0111\u0103ng cai World Cup 2026","thumbnail":"https:\/\/ts2.mm.bing.net\/th?id=OIP.kec_b5z81ft-jJyl6O2l-wHaJQ&pid=15.1","size":"960\u00d71200","desc":"FIFA c\u00f4ng b\u1ed1 16 th\u00e0nh ph\u1ed1 \u0111\u0103ng cai World Cup \ue0002026\ue001","filetype":"","width":"960\u00d71200","height":null,"domain":"laodong.vn"},{"url":"https:\/\/c8.alamy.com\/comp\/2S0YB0X\/2026-happy-new-year-banner-for-social-media-post-2S0YB0X.jpg","link":"https:\/\/www.alamy.com\/2026-happy-new-year-banner-for-social-media-post-image637384970.html","title":"2026 Happy New Year banner for social media post Stock Vector Image","thumbnail":"https:\/\/ts1.mm.bing.net\/th?id=OIP._fLifnwNh4xgeRlvtGdj_AHaHk&pid=15.1","size":"1300\u00d71328","desc":"\ue0002026\ue001 Happy New Year banner for social media post Stock Vector Image ...","filetype":"","width":"1300\u00d71328","height":null,"domain":"www.alamy.com"},{"url":"https:\/\/1000logos.net\/wp-content\/uploads\/2023\/05\/World-Cup-2026-Emblem.png","link":"https:\/\/ar.inspiredpencil.com\/pictures-2023\/2026-world-cup-logo","title":"2026 World Cup Logo","thumbnail":"https:\/\/ts2.mm.bing.net\/th?id=OIP.UfHNYdWnoFXqxByFPsPT_QHaEK&pid=15.1","size":"2000\u00d71125","desc":"\ue0002026\ue001 World Cup Logo","filetype":"","width":"2000\u00d71125","height":null,"domain":"ar.inspiredpencil.com"},{"url":"https:\/\/img.planetafobal.com\/2023\/05\/fifa-world-cup-2026-official-logo-zawq.webp","link":"https:\/\/narodnatribuna.info\/lists\/c\/fifa-presenta-el-logo-del-mundial-2026-marca-mxico\/","title":"Fifa Presenta El Logo Del Mundial 2026 Marca Mxico 821x400","thumbnail":"https:\/\/ts3.mm.bing.net\/th?id=OIP.qIAi-8BHWxSC4VUC9HvhLgHaHa&pid=15.1","size":"1611\u00d71611","desc":"Fifa Presenta El Logo Del Mundial \ue0002026\ue001 Marca Mxico 821x400","filetype":"","width":"1611\u00d71611","height":null,"domain":"narodnatribuna.info"},{"url":"https:\/\/c8.alamy.com\/comp\/2R2ACM4\/new-york-usa-18th-may-2023-people-watch-billboards-displaying-the-official-logos-for-the-fifa-world-cup-2026-new-yorknew-jersey-at-a-launch-event-in-times-square-the-event-unveiled-the-official-themes-for-the-metlife-stadium-matches-we-are-nynj-and-we-are-26-the-worlds-top-soccer-competition-is-already-planning-to-host-8-matches-in-the-new-yorknew-jersey-area-and-the-local-organizers-want-to-host-the-final-game-here-too-credit-enrique-shorealamy-live-news-2R2ACM4.jpg","link":"https:\/\/www.alamy.com\/stock-photo\/world-cup-2026-unveil-host.html","title":"World cup 2026 unveil host hi-res stock photography and images - Alamy","thumbnail":"https:\/\/ts4.mm.bing.net\/th?id=OIP.77ypTvzBJr0GymuVHfm_7wHaFs&pid=15.1","size":"1300\u00d7999","desc":"World cup \ue0002026\ue001 unveil host hi-res stock photography and images - Alamy","filetype":"","width":"1300\u00d7999","height":null,"domain":"www.alamy.com"},{"url":"https:\/\/www.sun-sentinel.com\/wp-content\/uploads\/2026\/05\/AP26139692411161.jpg","link":"https:\/\/www.sun-sentinel.com\/2026\/05\/22\/2026-world-cup-parties-are-being-held-in-broward-heres-what-to-expect\/","title":"2026 World Cup parties planned in Broward. What to expect.","thumbnail":"https:\/\/ts3.mm.bing.net\/th?id=OIP.z2am5UhgKhgoMr2Bsb53zAHaE8&pid=15.1","size":"2945\u00d71969","desc":"\ue0002026\ue001 World Cup parties planned in Broward. What to expect.","filetype":"","width":"2945\u00d71969","height":null,"domain":"www.sun-sentinel.com"},{"url":"https:\/\/worldcupwiki.com\/wp-content\/uploads\/FIFA-World-Cup-2026-Opening-Ceremony-1024x558.webp","link":"https:\/\/worldcupwiki.com\/fifa-world-cup-2026-opening-ceremony\/","title":"FIFA World Cup 2026 Opening Ceremony: Date, Time, Venue and Performers","thumbnail":"https:\/\/ts1.mm.bing.net\/th?id=OIP.OaI5agzrez8Mo73sFtezSAAAAA&pid=15.1","size":"474\u00d7258","desc":"FIFA World Cup \ue0002026\ue001 Opening Ceremony: Date, Time, Venue and Performers","filetype":"","width":"474\u00d7258","height":null,"domain":"worldcupwiki.com"},{"url":"https:\/\/cdn.editorji.com\/Kv2e66iUUi.jpg","link":"https:\/\/www.editorji.com\/sports-news\/football\/2026-fifa-world-cup-tournament-logo-unveiled-in-los-angeles-1684409740863","title":"2026 FIFA World Cup: Tournament logo unveiled in Los Angeles | Editorji","thumbnail":"https:\/\/ts2.mm.bing.net\/th?id=OIP.OnvRyOi6MjAR24tlS2z9mwHaDt&pid=15.1","size":"1920\u00d7960","desc":"\ue0002026\ue001 FIFA World Cup: Tournament logo unveiled in Los Angeles | Editorji","filetype":"","width":"1920\u00d7960","height":null,"domain":"www.editorji.com"},{"url":"https:\/\/i.ytimg.com\/vi\/FiJAbapilaY\/maxresdefault.jpg","link":"https:\/\/www.youtube.com\/watch?v=FiJAbapilaY","title":"Wait... THAT'S the 2026 FIFA World Cup logo!? - YouTube","thumbnail":"https:\/\/ts2.mm.bing.net\/th?id=OIP.QxdDAaCKube1riNtT9rl8QHaEK&pid=15.1","size":"1280\u00d7720","desc":"Wait... THAT'S the \ue0002026\ue001 FIFA World Cup logo!? - YouTube","filetype":"","width":"1280\u00d7720","height":null,"domain":"www.youtube.com"},{"url":"https:\/\/s.yimg.com\/ny\/api\/res\/1.2\/aEsz6PZwhp_Y_ZTmZABEsA--\/YXBwaWQ9aGlnaGxhbmRlcjt3PTEyMDA7aD02NzU7Y2Y9d2VicA--\/https:\/\/media.zenfs.com\/en\/sportsgrid_videos_282\/e540bf5276556c22de8ffd5dabd36c83","link":"https:\/\/sports.yahoo.com\/videos\/2026-fifa-world-cup-monumental-124955796.html","title":"2026 FIFA World Cup: A Monumental Event for North America - Yahoo Sports","thumbnail":"https:\/\/ts3.mm.bing.net\/th?id=OIP.16BJNZJySgcZrF1MxFGnDAHaEK&pid=15.1","size":"1200\u00d7675","desc":"\ue0002026\ue001 FIFA World Cup: A Monumental Event for North America - Yahoo Sports","filetype":"","width":"1200\u00d7675","height":null,"domain":"sports.yahoo.com"},{"url":"https:\/\/1000logos.net\/wp-content\/uploads\/2023\/05\/World-Cup-2026-Logo.jpg","link":"https:\/\/utpaqp.edu.pe\/explore\/soccer-world-cup-2026","title":"Soccer World Cup 2026","thumbnail":"https:\/\/ts2.mm.bing.net\/th?id=OIP.Qmm2Sb7UKNP1co-0QWoKYAHaEK&pid=15.1","size":"3840\u00d72160","desc":"Soccer World Cup \ue0002026\ue001","filetype":"","width":"3840\u00d72160","height":null,"domain":"utpaqp.edu.pe"},{"url":"https:\/\/www.about96.com\/wp-content\/uploads\/2026\/04\/FIFA-World-Cup-2026-Opening-Ceremony-Details.png","link":"https:\/\/www.about96.com\/football\/fifa-world-cup-2026-opening-ceremony-details\/","title":"FIFA World Cup 2026 Opening Ceremony Time, Date & Venue","thumbnail":"https:\/\/ts4.mm.bing.net\/th?id=OIP.BIl_WJZ_X_hVk2-JO6P8ZAHaE8&pid=15.1","size":"1200\u00d7800","desc":"FIFA World Cup \ue0002026\ue001 Opening Ceremony Time, Date & Venue","filetype":"","width":"1200\u00d7800","height":null,"domain":"www.about96.com"},{"url":"https:\/\/img.jagranjosh.com\/images\/2023\/May\/1952023\/FIFA-World-Cup-2026.jpg","link":"https:\/\/week.universal-renz.de\/fifa-world-cup-2026-tournament-explainer\/","title":"Fifa World Cup 2026 Tournament Explainer \u2013 BUVCJ","thumbnail":"https:\/\/ts3.mm.bing.net\/th?id=OIP.mfNsXYaCgKUdrzog_tO_5AHaEK&pid=15.1","size":"1200\u00d7675","desc":"Fifa World Cup \ue0002026\ue001 Tournament Explainer \u2013 BUVCJ","filetype":"","width":"1200\u00d7675","height":null,"domain":"week.universal-renz.de"},{"url":"https:\/\/static.wixstatic.com\/media\/a0dfc4_a25f96439b444f18b6b118ed6b996f20~mv2.png\/v1\/fill\/w_2240,h_1260,al_c\/a0dfc4_a25f96439b444f18b6b118ed6b996f20~mv2.png","link":"https:\/\/www.sevenhillsglobal.com\/post\/shg-corporate-hospitality-guide-to-the-2026-fifa-world-cup","title":"SHG's Corporate Hospitality Guide to the 2026 FIFA World Cup","thumbnail":"https:\/\/ts4.mm.bing.net\/th?id=OIP.5rWHSm12p_o6I2MMBip85gHaEK&pid=15.1","size":"2240\u00d71260","desc":"SHG's Corporate Hospitality Guide to the \ue0002026\ue001 FIFA World Cup","filetype":"","width":"2240\u00d71260","height":null,"domain":"www.sevenhillsglobal.com"},{"url":"https:\/\/community.qvc.com\/t5\/image\/serverpage\/image-id\/351762iF26B084668B266B5?v=v2","link":"https:\/\/community.qvc.com\/t5\/TV-and-Movies\/BOLD-amp-BEAUTIFUL-2026-w-SPOILERS\/td-p\/9055876\/page\/11","title":"\ud83d\udc60\ud83d\udc57\ud83d\udc5b BOLD & BEAUTIFUL 2026 w\/SPOILERS \ud83d\udc5b\ud83d\udc57\ud83d\udc60 - Page 11 - Blogs & Forums","thumbnail":"https:\/\/ts1.mm.bing.net\/th?id=OIP.KfokfaKhK3BM9NfH40MKfAAAAA&pid=15.1","size":"474\u00d7266","desc":"\ud83d\udc60\ud83d\udc57\ud83d\udc5b BOLD & BEAUTIFUL \ue0002026\ue001 w\/SPOILERS \ud83d\udc5b\ud83d\udc57\ud83d\udc60 - Page 11 - Blogs & Forums","filetype":"","width":"474\u00d7266","height":null,"domain":"community.qvc.com"},{"url":"https:\/\/rcrusadernews.com\/wp-content\/uploads\/2022\/06\/World-Cup-900x720.png","link":"https:\/\/ar.inspiredpencil.com\/pictures-2023\/fifa-world-cup-2026","title":"Fifa World Cup 2026","thumbnail":"https:\/\/ts4.mm.bing.net\/th?id=OIP.L-FZneECuwQPcO2HrhQnbwHaF7&pid=15.1","size":"900\u00d7720","desc":"Fifa World Cup \ue0002026\ue001","filetype":"","width":"900\u00d7720","height":null,"domain":"ar.inspiredpencil.com"},{"url":"https:\/\/conzit.com\/api\/og?title=FIFA+World+Cup+2026+Opening+Ceremony+Features+Latin+Stars&category=Music&author=Sigal+Ratner-Arias&date=2026-05-09","link":"https:\/\/conzit.com\/post\/fifa-world-cup-2026-opening-ceremony-features-latin-stars","title":"FIFA World Cup 2026 Opening Ceremony Features Latin Stars","thumbnail":"https:\/\/ts3.mm.bing.net\/th?id=OIP.MsDxuYOIG7ERxV4HCYOArAHaD4&pid=15.1","size":"1200\u00d7630","desc":"FIFA World Cup \ue0002026\ue001 Opening Ceremony Features Latin Stars","filetype":"","width":"1200\u00d7630","height":null,"domain":"conzit.com"},{"url":"https:\/\/momentfactory.com\/cdn\/shop\/files\/CATAPULTFIFA2023_0517_203153-9906_ALIVECOVERAGE-WS.jpg?v=1715370754&width=1680","link":"https:\/\/momentfactory.com\/products\/fifa-world-cup-2026-brand-launch","title":"FIFA World Cup 2026 Brand Launch | Moment Factory","thumbnail":"https:\/\/ts4.mm.bing.net\/th?id=OIP.IdUzif5_Or86bZYR6h0CSQHaE8&pid=15.1","size":"1680\u00d71120","desc":"FIFA World Cup \ue0002026\ue001 Brand Launch | Moment Factory","filetype":"","width":"1680\u00d71120","height":null,"domain":"momentfactory.com"},{"url":"https:\/\/image.slidesharecdn.com\/fifaworldcup2026alandmarkeventshowcasingsportspowertoinspire-250915105852-35443b21\/75\/FIFA-World-Cup-2026-A-Landmark-Event-Showcasing-Sport-s-Power-to-Inspire-docx-1-2048.jpg","link":"https:\/\/www.slideshare.net\/slideshow\/fifa-world-cup-2026-a-landmark-event-showcasing-sport-s-power-to-inspire-docx\/283166777","title":"FIFA World Cup 2026 A Landmark Event Showcasing Sport\u2019s Power to","thumbnail":"https:\/\/ts3.mm.bing.net\/th?id=OIP.mGaeg-m4cpeM25_fxamZlQHaJl&pid=15.1","size":"2048\u00d72650","desc":"FIFA World Cup \ue0002026\ue001 A Landmark Event Showcasing Sport\u2019s Power to ...","filetype":"","width":"2048\u00d72650","height":null,"domain":"www.slideshare.net"},{"url":"https:\/\/www.familyfuncanada.com\/vancouver\/files\/2026\/03\/FIFA-World-Cup-EVENTS.png","link":"https:\/\/www.familyfuncanada.com\/vancouver\/fifa-world-cup-2026-events\/","title":"FIFA World Cup 2026 Events | Family Fun Vancouver","thumbnail":"https:\/\/ts1.mm.bing.net\/th?id=OIP.-0jiHilUZU1zeZwKx9H83QAAAA&pid=15.1","size":"474\u00d7395","desc":"FIFA World Cup \ue0002026\ue001 Events | Family Fun Vancouver","filetype":"","width":"474\u00d7395","height":null,"domain":"www.familyfuncanada.com"},{"url":"https:\/\/c8.alamy.com\/comp\/P9KE9Y\/world-cup-football-2026-flag-usa-canada-mexico-P9KE9Y.jpg","link":"https:\/\/www.alamy.com\/stock-photo\/fifa-world-cup-2026.html?imgt=8","title":"Fifa world cup 2026 Stock Vector Images - Alamy","thumbnail":"https:\/\/ts1.mm.bing.net\/th?id=OIP.OZSyAiW_J31Xnk9E2FtoNgHaF0&pid=15.1","size":"1300\u00d71022","desc":"Fifa world cup \ue0002026\ue001 Stock Vector Images - Alamy","filetype":"","width":"1300\u00d71022","height":null,"domain":"www.alamy.com"},{"url":"https:\/\/static.vecteezy.com\/system\/resources\/previews\/016\/715\/551\/original\/2026-graphic-free-png.png","link":"https:\/\/pt.vecteezy.com\/png\/16715551-grafico-png-2026","title":"gr\u00e1fico png 2026 16715551 PNG","thumbnail":"https:\/\/ts4.mm.bing.net\/th?id=OIP.bRCpNTmcxhpf70V2CgdT5AHaHa&pid=15.1","size":"1920\u00d71920","desc":"gr\u00e1fico png \ue0002026\ue001 16715551 PNG","filetype":"","width":"1920\u00d71920","height":null,"domain":"pt.vecteezy.com"},{"url":"https:\/\/assets.mycast.io\/posters\/singers-for-the-world-cup-2026-song-fan-casting-poster-213974-large.jpg?1657326432","link":"https:\/\/www.mycast.io\/stories\/singers-for-the-world-cup-2026-song","title":"Singers for the World Cup 2026 song Fan Casting on myCast","thumbnail":"https:\/\/ts2.mm.bing.net\/th?id=OIP.KYEd5EFV8Z4kq7oBmKsftQHaKb&pid=15.1","size":"588\u00d7828","desc":"Singers for the World Cup \ue0002026\ue001 song Fan Casting on myCast","filetype":"","width":"588\u00d7828","height":null,"domain":"www.mycast.io"},{"url":"https:\/\/c8.alamy.com\/comp\/2JDG4XJ\/happy-new-year-2026-illustration-in-yellow-color-text-on-white-background-2JDG4XJ.jpg","link":"https:\/\/www.alamy.com\/stock-photo\/minimal-color-year-2026.html","title":"Minimal color year 2026 hi-res stock photography and images - Alamy","thumbnail":"https:\/\/ts2.mm.bing.net\/th?id=OIP.W1JqocyZPTgeUfrgPHdofgHaFc&pid=15.1","size":"1300\u00d7956","desc":"Minimal color year \ue0002026\ue001 hi-res stock photography and images - Alamy","filetype":"","width":"1300\u00d7956","height":null,"domain":"www.alamy.com"},{"url":"https:\/\/www.insidesport.in\/wp-content\/uploads\/2022\/11\/6.png","link":"https:\/\/www.insidesport.in\/fifa-world-cup-2026-where-is-world-cup-2026-being-held\/","title":"FIFA World Cup 2026: Where is World Cup 2026 being held?","thumbnail":"https:\/\/ts1.mm.bing.net\/th?id=OIP.ua6Jd-5qjc5BRum4--OdbAHaEK&pid=15.1","size":"1920\u00d71080","desc":"FIFA World Cup \ue0002026\ue001: Where is World Cup \ue0002026\ue001 being held?","filetype":"","width":"1920\u00d71080","height":null,"domain":"www.insidesport.in"},{"url":"https:\/\/i.etsystatic.com\/61890888\/r\/il\/284a31\/7487528626\/il_800x800.7487528626_ovx2.jpg","link":"https:\/\/www.etsy.com\/market\/world_cup_posters_2026","title":"World Cup Posters 2026 - Etsy","thumbnail":"https:\/\/ts3.mm.bing.net\/th?id=OIP.B4dMENtrlKVzfgY-itWZGgHaHa&pid=15.1","size":"800\u00d7800","desc":"World Cup Posters \ue0002026\ue001 - Etsy","filetype":"","width":"800\u00d7800","height":null,"domain":"www.etsy.com"},{"url":"https:\/\/i.ytimg.com\/vi\/tHFPUPrZTrs\/maxresdefault.jpg","link":"https:\/\/telescopictube.com\/2026-fifa-world-cup-winner-prediction-analysis\/","title":"2026 Fifa World Cup Winner Prediction Analysis | The Tube","thumbnail":"https:\/\/ts2.mm.bing.net\/th?id=OIP.hMzkBpHJ7Vh6fdYq60V6HAHaEK&pid=15.1","size":"1280\u00d7720","desc":"\ue0002026\ue001 Fifa World Cup Winner Prediction Analysis | The Tube","filetype":"","width":"1280\u00d7720","height":null,"domain":"telescopictube.com"},{"url":"https:\/\/pbs.twimg.com\/media\/F2B_de-boAE1bXd.jpg:large","link":"https:\/\/calendar.us.org\/read\/fifa-world-cup-2026-group-stage-map\/","title":"Fifa World Cup 2026 Group Stage Map","thumbnail":"https:\/\/ts1.mm.bing.net\/th?id=OIP.2CGzFhaqfieyf9XvlbvjQgHaIw&pid=15.1","size":"1100\u00d71300","desc":"Fifa World Cup \ue0002026\ue001 Group Stage Map","filetype":"","width":"1100\u00d71300","height":null,"domain":"calendar.us.org"},{"url":"https:\/\/i.ytimg.com\/vi\/Snngww6A8cQ\/maxresdefault.jpg","link":"https:\/\/worksheetshq.com\/view\/fifa-world-cup-2026-qualify\/","title":"Fifa World Cup 2026 Qualify","thumbnail":"https:\/\/ts3.mm.bing.net\/th?id=OIP.Jhi_qUc4fajr2uEUN3QdQQHaEK&pid=15.1","size":"1280\u00d7720","desc":"Fifa World Cup \ue0002026\ue001 Qualify","filetype":"","width":"1280\u00d7720","height":null,"domain":"worksheetshq.com"},{"url":"https:\/\/blogger.googleusercontent.com\/img\/b\/R29vZ2xl\/AVvXsEh--jCMX8oHtwOaBnwhQyxgUmSUDYsV8_pY82kAGZx66SZH82FYSWe6MGJsdi18xNq6qZJdqAg5_LbsYy0wrAX3zFL7Z5KEl-CLzcAI9u6rZDjBrmtfTZpTCkS5yriqPrgEX_hrO-8Bouz5-p9ver1DR22t-cJnx7xbQdFLlF5m-Yy3DbwLSE2JR0bN\/s1000\/2026-world-cup-logo-4.jpg","link":"https:\/\/fity.club\/lists\/2025\/2026-fifa-world-cup-logo\/","title":"2026 Fifa World Cup Logo FIFA World Cup 2026: Opening Match In Mexico,","thumbnail":"https:\/\/ts2.mm.bing.net\/th?id=OIP.EqbB96v37KVoPT2mzXf0WQHaHa&pid=15.1","size":"913\u00d7913","desc":"\ue0002026\ue001 Fifa World Cup Logo FIFA World Cup \ue0002026\ue001: Opening Match In Mexico,","filetype":"","width":"913\u00d7913","height":null,"domain":"fity.club"},{"url":"https:\/\/www.gannett-cdn.com\/presto\/2019\/11\/14\/USAT\/63a203f5-5f18-43d1-a99f-387615b0e263-cyprus-13-kyrenia-harbor.jpg?crop=2120,1193,x0,y212&width=2120&height=1193&format=pjpg&auto=webp","link":"https:\/\/www.usatoday.com\/story\/travel\/destinations\/2019\/11\/17\/why-cyprus-next-big-under-radar-vacation-destination\/4193169002\/","title":"Why Cyprus is the next big under-the-radar vacation destination","thumbnail":"https:\/\/ts4.mm.bing.net\/th?id=OIP.2blNqGK5tYh7pFu7KCxNWwHaEK&pid=15.1","size":"2120\u00d71193","desc":"Why \ue000Cyprus\ue001 is the next big under-the-radar vacation destination","filetype":"","width":"2120\u00d71193","height":null,"domain":"www.usatoday.com"},{"url":"https:\/\/www.nationsonline.org\/maps\/cyprus_map.jpg","link":"https:\/\/www.nationsonline.org\/oneworld\/map\/cyprus_map2.htm","title":"Political Map of Cyprus - Nations Online Project","thumbnail":"https:\/\/ts3.mm.bing.net\/th?id=OIP.k8lPlnctz1fOmoKwAA4YnQHaFg&pid=15.1","size":"1944\u00d71445","desc":"Political Map of \ue000Cyprus\ue001 - Nations Online Project","filetype":"","width":"1944\u00d71445","height":null,"domain":"www.nationsonline.org"},{"url":"https:\/\/www.mapsland.com\/maps\/asia\/cyprus\/large-detailed-travel-road-map-of-cyprus.jpg","link":"https:\/\/www.mapsland.com\/asia\/cyprus\/large-detailed-travel-road-map-of-cyprus","title":"Large detailed travel road map of Cyprus | Cyprus | Asia | Mapsland","thumbnail":"https:\/\/ts2.mm.bing.net\/th?id=OIP.vLtFDrlQHuEUyEXdZPVsHwHaFe&pid=15.1","size":"4270\u00d73155","desc":"Large detailed travel road map of \ue000Cyprus\ue001 | \ue000Cyprus\ue001 | Asia | Mapsland ...","filetype":"","width":"4270\u00d73155","height":null,"domain":"www.mapsland.com"},{"url":"https:\/\/www.orangesmile.com\/common\/img_country_maps\/cyprus-map-1.jpg","link":"https:\/\/www.orangesmile.com\/travelguide\/cyprus\/country-maps.htm","title":"Cyprus Maps | Printable Maps of Cyprus for Download","thumbnail":"https:\/\/ts2.mm.bing.net\/th?id=OIP.D6ef5UsQmXCFlrIdImGgqQHaG-&pid=15.1","size":"1683\u00d71585","desc":"\ue000Cyprus\ue001 Maps | Printable Maps of \ue000Cyprus\ue001 for Download","filetype":"","width":"1683\u00d71585","height":null,"domain":"www.orangesmile.com"},{"url":"https:\/\/flightnonstop.com\/wp-content\/uploads\/2023\/01\/Petra-tou-Romiou-Beach-near-Paphos-Cyprus-DP.jpg","link":"https:\/\/flightnonstop.com\/travel-guides\/must-see-places-in-cyprus\/","title":"Must See Places In Cyprus | FlightNonstop","thumbnail":"https:\/\/ts2.mm.bing.net\/th?id=OIP.kwPJo7NNH7BgQZKvm49z2wHaFj&pid=15.1","size":"1200\u00d7900","desc":"Must See Places In \ue000Cyprus\ue001 | FlightNonstop","filetype":"","width":"1200\u00d7900","height":null,"domain":"flightnonstop.com"},{"url":"https:\/\/images.pexels.com\/photos\/30563627\/pexels-photo-30563627.jpeg?cs=srgb&dl=pexels-freestockpro-30563627.jpg&fm=jpg","link":"https:\/\/www.pexels.com\/photo\/aerial-view-of-paphos-seaside-cyprus-30563626\/","title":"Aerial View of Paphos Seaside, Cyprus \u00b7 Free Stock Photo","thumbnail":"https:\/\/ts3.mm.bing.net\/th?id=OIP.2e9WT1hZx7HDResaEdf8-AHaEK&pid=15.1","size":"3413\u00d71920","desc":"Aerial View of Paphos Seaside, \ue000Cyprus\ue001 \u00b7 Free Stock Photo","filetype":"","width":"3413\u00d71920","height":null,"domain":"www.pexels.com"},{"url":"https:\/\/www.travelluxuryvillas.com\/wp-content\/uploads\/2020\/09\/shutterstock_1012532905-scaled.jpg","link":"https:\/\/www.travelluxuryvillas.com\/the-ultimate-cyprus-trip\/","title":"The ultimate Cyprus trip | Travel Luxury Villas","thumbnail":"https:\/\/ts3.mm.bing.net\/th?id=OIP.HqauScx4aGtslSVxHYWulAHaE7&pid=15.1","size":"2560\u00d71706","desc":"The ultimate \ue000Cyprus\ue001 trip | Travel Luxury Villas","filetype":"","width":"2560\u00d71706","height":null,"domain":"www.travelluxuryvillas.com"},{"url":"https:\/\/cdn.pixabay.com\/photo\/2023\/01\/02\/17\/58\/cyprus-7692621_1280.jpg","link":"https:\/\/pixabay.com\/images\/search\/oszlopos ciprus\/","title":"10,000+ Free Oszlopf\u0151 Cyprus & Cyprus Images - Pixabay","thumbnail":"https:\/\/ts1.mm.bing.net\/th?id=OIP._HKgLvSFMp8X-0zyC5lmOQHaEc&pid=15.1","size":"1280\u00d7768","desc":"10,000+ Free Oszlopf\u0151 \ue000Cyprus\ue001 & \ue000Cyprus\ue001 Images - Pixabay","filetype":"","width":"1280\u00d7768","height":null,"domain":"pixabay.com"},{"url":"https:\/\/media.istockphoto.com\/id\/821804076\/photo\/beautiful-landscape-near-of-nissi-beach-and-cavo-greco-in-ayia-napa-cyprus-island.jpg?s=612x612&w=0&k=20&c=QZZkKpZcl1m5gj0Jt6fHk8DCw_3W28e9dEw1RhjP7Ac=","link":"https:\/\/www.istockphoto.com\/photos\/cyprus-island","title":"201,500+ Cyprus Island Stock Photos, Pictures & Royalty-Free Images","thumbnail":"https:\/\/ts2.mm.bing.net\/th?id=OIP.R-aGB11ACeT63nTX7RUUNQHaE8&pid=15.1","size":"612\u00d7408","desc":"201,500+ \ue000Cyprus\ue001 Island Stock Photos, Pictures & Royalty-Free Images ...","filetype":"","width":"612\u00d7408","height":null,"domain":"www.istockphoto.com"},{"url":"https:\/\/www.worldtravelguide.net\/wp-content\/uploads\/2017\/04\/Think-Cyprus-AyiaNapa-514991484-Kirillm-copy.jpg","link":"https:\/\/www.worldtravelguide.net\/guides\/europe\/cyprus\/","title":"The complete guide to Cyprus","thumbnail":"https:\/\/ts1.mm.bing.net\/th?id=OIP.qQIBaKOx2vHNNW-S8PoALgHaEO&pid=15.1","size":"1440\u00d7823","desc":"The complete guide to \ue000Cyprus\ue001","filetype":"","width":"1440\u00d7823","height":null,"domain":"www.worldtravelguide.net"},{"url":"http:\/\/www.worldatlas.com\/img\/areamap\/93f68d33eeabdfe8e10dbb01e9c6fdce.gif","link":"http:\/\/www.worldatlas.com\/webimage\/countrys\/europe\/cy.htm","title":"Cyprus Map \/ Geography of Cyprus \/ Map of Cyprus - Worldatlas.com","thumbnail":"https:\/\/ts4.mm.bing.net\/th?id=OIP.MnVD5iCUiFRpP5PaUl0nNgHaIE&pid=15.1","size":"3453\u00d73765","desc":"\ue000Cyprus\ue001 Map \/ Geography of \ue000Cyprus\ue001 \/ Map of \ue000Cyprus\ue001 - \ue000Worldatlas.com\ue001","filetype":"","width":"3453\u00d73765","height":null,"domain":"www.worldatlas.com"},{"url":"https:\/\/www.worldatlas.com\/upload\/4c\/d8\/63\/cy-01.jpg","link":"https:\/\/www.worldatlas.com\/maps\/cyprus","title":"Cyprus Maps & Facts - World Atlas","thumbnail":"https:\/\/ts2.mm.bing.net\/th?id=OIP.woFzUpZzYTgaN3cNo2HGGQHaIM&pid=15.1","size":"3426\u00d73794","desc":"\ue000Cyprus\ue001 Maps & Facts - World Atlas","filetype":"","width":"3426\u00d73794","height":null,"domain":"www.worldatlas.com"},{"url":"https:\/\/www.mapsland.com\/maps\/asia\/cyprus\/large-political-and-administrative-map-of-cyprus-with-major-cities.jpg","link":"https:\/\/www.mapsland.com\/asia\/cyprus\/large-political-and-administrative-map-of-cyprus-with-major-cities","title":"Large political and administrative map of Cyprus with major cities","thumbnail":"https:\/\/ts4.mm.bing.net\/th?id=OIP.bk3m4Oc48kkd60UG6yOTdwHaE2&pid=15.1","size":"1446\u00d7946","desc":"Large political and administrative map of \ue000Cyprus\ue001 with major cities ...","filetype":"","width":"1446\u00d7946","height":null,"domain":"www.mapsland.com"},{"url":"https:\/\/www.thedubrovniktimes.com\/media\/k2\/items\/cache\/9d75fca6901eee50efd9161d4bf16a55_XL.jpg","link":"https:\/\/www.thedubrovniktimes.com\/lifestyle\/feature\/item\/14407-cyprus-a-paradise-island-to-discover","title":"Cyprus: A Paradise Island to Discover - The Dubrovnik Times","thumbnail":"https:\/\/ts3.mm.bing.net\/th?id=OIP.6K584IA7W2W_OJRgFr4dmgHaEc&pid=15.1","size":"900\u00d7540","desc":"\ue000Cyprus\ue001: A Paradise Island to Discover - The Dubrovnik Times","filetype":"","width":"900\u00d7540","height":null,"domain":"www.thedubrovniktimes.com"},{"url":"https:\/\/ifmst.org\/wp-content\/uploads\/2025\/03\/ccimage-shutterstock_1662187954.jpg","link":"https:\/\/ifmst.org\/2025\/03\/09\/tourist-attractions-in-cyprus\/","title":"Tourist Attractions in Cyprus - IFMST","thumbnail":"https:\/\/ts2.mm.bing.net\/th?id=OIP.aEtXF6IYLTsTgf5ATqUWdgHaEl&pid=15.1","size":"1000\u00d7619","desc":"Tourist Attractions in \ue000Cyprus\ue001 - IFMST","filetype":"","width":"1000\u00d7619","height":null,"domain":"ifmst.org"},{"url":"https:\/\/thenomadvisor.com\/wp-content\/uploads\/2020\/12\/wheretostayincyprus.jpg","link":"https:\/\/thenomadvisor.com\/where-to-stay-in-cyprus\/","title":"Where to Stay in Cyprus: 12 Best Areas - The Nomadvisor","thumbnail":"https:\/\/ts3.mm.bing.net\/th?id=OIP.8afVFO9SGjeyQU-NCvuo7wHaE7&pid=15.1","size":"1300\u00d7866","desc":"Where to Stay in \ue000Cyprus\ue001: 12 Best Areas - The Nomadvisor","filetype":"","width":"1300\u00d7866","height":null,"domain":"thenomadvisor.com"},{"url":"https:\/\/a.cdn-hotels.com\/gdcs\/production180\/d124\/9dc35ac0-af3d-4cce-a7cf-02132213f43a.jpg","link":"https:\/\/intravelreport.blogspot.com\/2022\/11\/best-beaches-in-cyprus-for-sun-lovers.html","title":"INTRAVELREPORT: Best beaches in Cyprus for sun-lovers","thumbnail":"https:\/\/ts3.mm.bing.net\/th?id=OIP.MxAs-16_ePEywLsmdhKYHAHaE7&pid=15.1","size":"1600\u00d71066","desc":"INTRAVELREPORT: Best beaches in \ue000Cyprus\ue001 for sun-lovers","filetype":"","width":"1600\u00d71066","height":null,"domain":"intravelreport.blogspot.com"},{"url":"http:\/\/1.bp.blogspot.com\/-TqMZUtkNFLY\/VKlmyHM5sZI\/AAAAAAAAHqg\/Xz5ZNLaK1H8\/s1600\/map.png","link":"http:\/\/antiquitytravelers.blogspot.com\/2015\/01\/cyprus-boat-design.html","title":"Antiquity Travelers: Cyprus :: Boat Design","thumbnail":"https:\/\/ts2.mm.bing.net\/th?id=OIP.5HCREC8dZ9z_EsYqEXxOXwHaHH&pid=15.1","size":"917\u00d7881","desc":"Antiquity Travelers: \ue000Cyprus\ue001 :: Boat Design","filetype":"","width":"917\u00d7881","height":null,"domain":"antiquitytravelers.blogspot.com"},{"url":"http:\/\/ontheworldmap.com\/cyprus\/cyprus-location-map.jpg","link":"http:\/\/ontheworldmap.com\/cyprus\/cyprus-location-map.html","title":"Cyprus location on the World Map","thumbnail":"https:\/\/ts1.mm.bing.net\/th?id=OIP.ZKoENaONx6UTG-3ldbBa5wHaEa&pid=15.1","size":"2000\u00d71193","desc":"\ue000Cyprus\ue001 location on the World Map","filetype":"","width":"2000\u00d71193","height":null,"domain":"ontheworldmap.com"},{"url":"https:\/\/media.cnn.com\/api\/v1\/images\/stellar\/prod\/180713114758-nissi-beach-cyprus-tourism-organisation.jpg?q=w_2050,h_1153,x_0,y_0,c_fill\/h_447","link":"https:\/\/edition.cnn.com\/travel\/gallery\/cyprus-beautiful-destinations-photos","title":"A photo tour of Cyprus\u2019s most beautiful destinations | CNN","thumbnail":"https:\/\/ts3.mm.bing.net\/th?id=OIP.Uu0hHgdZIMoZPUakC1N60QHaEK&pid=15.1","size":"795\u00d7447","desc":"A photo tour of \ue000Cyprus\ue001\u2019s most beautiful destinations | CNN","filetype":"","width":"795\u00d7447","height":null,"domain":"edition.cnn.com"},{"url":"https:\/\/i.pinimg.com\/originals\/a7\/50\/6a\/a7506ad4cb5cd58da8a8c941d11cba50.jpg","link":"https:\/\/www.pinterest.com\/pin\/486881409710580847\/","title":"The Top Things To See And Do In Cyprus | Cool places to visit, Most","thumbnail":"https:\/\/ts2.mm.bing.net\/th?id=OIP.cJK__t1gHhNeXPs1F6PoqgHaE7&pid=15.1","size":"3539\u00d72359","desc":"The Top Things To See And Do In \ue000Cyprus\ue001 | Cool places to visit, Most ...","filetype":"","width":"3539\u00d72359","height":null,"domain":"www.pinterest.com"},{"url":"http:\/\/media.tuicontent.nl\/p\/header\/vakantie-cyprus.jpg","link":"http:\/\/www.tui.nl\/p\/vakantie\/cyprus\/","title":"Vakantie Cyprus | TUI","thumbnail":"https:\/\/ts4.mm.bing.net\/th?id=OIP.1WBNdVezCVRnG0Pg4GeUfgHaE8&pid=15.1","size":"1920\u00d71280","desc":"Vakantie \ue000Cyprus\ue001 | TUI","filetype":"","width":"1920\u00d71280","height":null,"domain":"www.tui.nl"},{"url":"https:\/\/www.cyplon.co.uk\/wp-content\/uploads\/2025\/04\/Beautiful-nature-and-cystal-clear-waters-of-Cyprus-island-scaled.jpg","link":"https:\/\/www.cyplon.co.uk\/all-destination\/","title":"Luxury Holiday Destinations | Cyplon Holidays","thumbnail":"https:\/\/ts3.mm.bing.net\/th?id=OIP.FbZ80SEjSnd9dFxOPi1-iAHaDi&pid=15.1","size":"2560\u00d71222","desc":"Luxury Holiday Destinations | Cyplon Holidays","filetype":"","width":"2560\u00d71222","height":null,"domain":"www.cyplon.co.uk"},{"url":"https:\/\/constructive-voices.com\/wp-content\/uploads\/2024\/04\/biodiversity-hotspots-770x440.jpg","link":"https:\/\/constructive-voices.com\/cyprus-sacred-natural-sites-and-biodiversity\/","title":"Cyprus Sacred Natural Sites and Biodiversity","thumbnail":"https:\/\/ts4.mm.bing.net\/th?id=OIP.kxEgCd9b2MJdbTPofaTp_AHaEO&pid=15.1","size":"770\u00d7440","desc":"\ue000Cyprus\ue001 Sacred Natural Sites and Biodiversity","filetype":"","width":"770\u00d7440","height":null,"domain":"constructive-voices.com"},{"url":"https:\/\/cms-images.oliverstravels.com\/app\/uploads\/2020\/01\/11114129\/Beautiful-natural-rock-arch-near-of-Ayia-Napa-Cavo-Greco-and-Protaras-on-Cyprus-island-Mediterranean-Sea.jpg","link":"https:\/\/www.oliverstravels.com\/blog\/cyprus-travel-guide\/","title":"Cyprus Travel Guide: Discover a Rich Culture | Oliver's Travels","thumbnail":"https:\/\/ts1.mm.bing.net\/th?id=OIP.czEG8WHg8V0cagerG-_0UQHaEn&pid=15.1","size":"1297\u00d7809","desc":"\ue000Cyprus\ue001 Travel Guide: Discover a Rich Culture | Oliver's Travels","filetype":"","width":"1297\u00d7809","height":null,"domain":"www.oliverstravels.com"},{"url":"https:\/\/theislandofcyprus.com\/wp-content\/uploads\/2023\/11\/love-bridge-sunset-ayia-napa-cyprus-landscape.jpeg","link":"https:\/\/theislandofcyprus.com\/cyprus-nature\/","title":"Embracing Cyprus Nature: The Island of Cyprus' Splendor Unveiled","thumbnail":"https:\/\/ts2.mm.bing.net\/th?id=OIP.xUgofhaeivG1B1qez55nNwHaEK&pid=15.1","size":"1280\u00d7720","desc":"Embracing \ue000Cyprus\ue001 Nature: The Island of \ue000Cyprus\ue001' Splendor Unveiled","filetype":"","width":"1280\u00d7720","height":null,"domain":"theislandofcyprus.com"},{"url":"https:\/\/wallpaperaccess.com\/full\/3800942.jpg","link":"https:\/\/wallpaperaccess.com\/cyprus-landscape","title":"Cyprus Landscape Wallpapers - Top Free Cyprus Landscape Backgrounds","thumbnail":"https:\/\/ts3.mm.bing.net\/th?id=OIP.zL6ziD0JTqyTyYcEBVr0HgHaE8&pid=15.1","size":"3840\u00d72560","desc":"\ue000Cyprus\ue001 Landscape Wallpapers - Top Free \ue000Cyprus\ue001 Landscape Backgrounds ...","filetype":"","width":"3840\u00d72560","height":null,"domain":"wallpaperaccess.com"},{"url":"https:\/\/www.earth-site.co.uk\/Education\/wp-content\/uploads\/2024\/05\/landscape-4860505_1280.jpg","link":"https:\/\/www.earth-site.co.uk\/Education\/cyprus\/","title":"Cyprus - Earth Site Education","thumbnail":"https:\/\/ts2.mm.bing.net\/th?id=OIP.NH99V2BfZblD49J_RGmlqAHaE7&pid=15.1","size":"1280\u00d7853","desc":"\ue000Cyprus\ue001 - Earth Site Education","filetype":"","width":"1280\u00d7853","height":null,"domain":"www.earth-site.co.uk"},{"url":"https:\/\/www.cyprusisland.net\/sites\/default\/files\/styles\/resize_900x500\/public\/Cyprus_Sea_Cave.jpg","link":"https:\/\/www.cyprusisland.net\/why-visit-cyprus","title":"Why Visit Cyprus? | Cyprus Island","thumbnail":"https:\/\/ts1.mm.bing.net\/th?id=OIP.TrWDWzc-QG_8K_81MXMNoAHaEh&pid=15.1","size":"900\u00d7550","desc":"Why Visit \ue000Cyprus\ue001? | \ue000Cyprus\ue001 Island","filetype":"","width":"900\u00d7550","height":null,"domain":"www.cyprusisland.net"},{"url":"https:\/\/wallpapers.com\/images\/hd\/cyprus-aphrodite-s-rock-tbequf5bul2wz817.jpg","link":"https:\/\/wallpapers.com\/cyprus","title":"[100+] Cyprus Wallpapers | Wallpapers.com","thumbnail":"https:\/\/ts4.mm.bing.net\/th?id=OIP.7n6CmeOv3hhZ6Csj14bfmAHaEu&pid=15.1","size":"1332\u00d7850","desc":"[100+] \ue000Cyprus\ue001 Wallpapers | Wallpapers.com","filetype":"","width":"1332\u00d7850","height":null,"domain":"wallpapers.com"},{"url":"http:\/\/blackplatinumgold.com\/wp-content\/uploads\/2024\/08\/1-7-scaled-1.jpg","link":"https:\/\/blackplatinumgold.com\/cyprus-the-mediterranean-island-of-natural-beauty-and-unparalleled-luxury\/","title":"Cyprus: The Mediterranean Island of Natural Beauty and Unparalleled","thumbnail":"https:\/\/ts2.mm.bing.net\/th?id=OIP.mE8Gds-gBDUCtILuN0pTnAHaEK&pid=15.1","size":"2560\u00d71440","desc":"\ue000Cyprus\ue001: The Mediterranean Island of Natural Beauty and Unparalleled ...","filetype":"","width":"2560\u00d71440","height":null,"domain":"blackplatinumgold.com"},{"url":"https:\/\/eurodrivecyprus.com\/storage\/posts\/February2024\/cyprus-beautiful-beaches-and-holiday-resorts.webp","link":"https:\/\/eurodrivecyprus.com\/en\/blog\/cyprus-a-historical-and-geographical-overview","title":"The Island of Historical and Geographical Discoveries","thumbnail":"https:\/\/ts4.mm.bing.net\/th?id=OIP.uWjECUdsj3G3Kck26fir1wHaD4&pid=15.1","size":"1200\u00d7630","desc":"The Island of Historical and Geographical Discoveries","filetype":"","width":"1200\u00d7630","height":null,"domain":"eurodrivecyprus.com"},{"url":"https:\/\/i.pinimg.com\/736x\/6e\/27\/b8\/6e27b807b72d0e2e347ad5a4431ae4cb.jpg","link":"https:\/\/www.pinterest.com\/pin\/the-10-best-natural-wonders-in-cyprus--724446290081754251\/","title":"The 10 Best Natural Wonders In Cyprus | Natural wonders, Nature","thumbnail":"https:\/\/ts4.mm.bing.net\/th?id=OIP.alVHiiXuqNce2-NTk-ReoQHaE7&pid=15.1","size":"736\u00d7490","desc":"The 10 Best Natural Wonders In \ue000Cyprus\ue001 | Natural wonders, Nature ...","filetype":"","width":"736\u00d7490","height":null,"domain":"www.pinterest.com"},{"url":"https:\/\/www.shutterstock.com\/image-photo\/wonderful-landscape-island-cyprus-600nw-2611595403.jpg","link":"https:\/\/www.shutterstock.com\/search\/cyprus-natural-wonder","title":"1+ Thousand Cyprus Natural Wonder Royalty-Free Images, Stock Photos","thumbnail":"https:\/\/ts3.mm.bing.net\/th?id=OIP.ZsaqzK79B3OkueNkD_z6zwHaDV&pid=15.1","size":"600\u00d7270","desc":"1+ Thousand \ue000Cyprus\ue001 Natural Wonder Royalty-Free Images, Stock Photos ...","filetype":"","width":"600\u00d7270","height":null,"domain":"www.shutterstock.com"},{"url":"https:\/\/citizen-femme.com\/wp-content\/uploads\/2018\/05\/Cyprus.jpeg","link":"https:\/\/citizen-femme.com\/2018\/06\/06\/week-driving-around-cyprus\/","title":"How to road trip in Cyrprus | Citizen Femme travel guide for women","thumbnail":"https:\/\/ts1.mm.bing.net\/th?id=OIP.C6Izea0NEJE-Z7lCzicAQwHaE8&pid=15.1","size":"1500\u00d71000","desc":"How to road trip in Cyrprus | Citizen Femme travel guide for women","filetype":"","width":"1500\u00d71000","height":null,"domain":"citizen-femme.com"},{"url":"https:\/\/a.cdn-hotels.com\/gdcs\/production13\/d696\/ff843eb4-e542-422c-8f60-63f799d60c77.jpg","link":"https:\/\/www.hotels.com\/go\/cyprus\/things-to-do-cyprus","title":"10 Things to Do in Cyprus - What is Cyprus Most Famous For? \u2013 Go Guides","thumbnail":"https:\/\/ts1.mm.bing.net\/th?id=OIP.B59ti5zfDzZcNbjmy0nzCwHaE7&pid=15.1","size":"1600\u00d71066","desc":"cyprus things famous","filetype":"","width":"1600\u00d71066","height":null,"domain":"www.hotels.com"},{"url":"https:\/\/tzassets.bestwestern.com\/wp-content\/uploads\/2022\/10\/17215917\/GREEK-ISLANDS-CYPRUS-scaled.jpg","link":"https:\/\/ar.inspiredpencil.com\/pictures-2023\/cypress-greece","title":"Cypress Greece","thumbnail":"https:\/\/ts4.mm.bing.net\/th?id=OIP.MzSJzzdW1ORZk1xGCqpISwHaE7&pid=15.1","size":"2560\u00d71703","desc":"","filetype":"","width":"2560\u00d71703","height":null,"domain":"ar.inspiredpencil.com"},{"url":"https:\/\/c8.alamy.com\/comp\/2EPFEK2\/flags-of-cyprus-and-greece-on-the-background-of-the-resort-town-and-the-sea-in-the-republic-of-cyprus-2EPFEK2.jpg","link":"https:\/\/www.alamy.com\/flags-of-cyprus-and-greece-on-the-background-of-the-resort-town-and-the-sea-in-the-republic-of-cyprus-image409701686.html","title":"Flags of cyprus and greece on the background of the resort town and the","thumbnail":"https:\/\/ts3.mm.bing.net\/th?id=OIP.Kf7suMdYJP9nbymnGfLEHAHaGy&pid=15.1","size":"1300\u00d71193","desc":"","filetype":"","width":"1300\u00d71193","height":null,"domain":"www.alamy.com"},{"url":"https:\/\/www.thetinybook.com\/wp-content\/uploads\/2023\/01\/Cyprus-or-Greece.jpeg","link":"https:\/\/www.thetinybook.com\/cyprus-or-greece\/","title":"Cyprus or Greece: Which Places Young People Visit During the Holidays","thumbnail":"https:\/\/ts3.mm.bing.net\/th?id=OIP.ki8Dd04s665Mn53MiVSJOgHaE0&pid=15.1","size":"1000\u00d7650","desc":"","filetype":"","width":"1000\u00d7650","height":null,"domain":"www.thetinybook.com"},{"url":"https:\/\/c8.alamy.com\/comp\/KE8W28\/the-flags-of-greece-and-cyprus-flutter-against-a-blue-sky-in-paphos-KE8W28.jpg","link":"https:\/\/www.alamy.com\/stock-photo\/greek-cypriot-flag-cyprus.html","title":"Greek cypriot flag cyprus hi-res stock photography and images - Alamy","thumbnail":"https:\/\/ts4.mm.bing.net\/th?id=OIP.eftq6CE8SEXIY4Cs2ev1BAHaGE&pid=15.1","size":"1300\u00d71065","desc":"cyprus flag greek greece cypriot flags paphos stock flutter against blue sky alamy","filetype":"","width":"1300\u00d71065","height":null,"domain":"www.alamy.com"},{"url":"https:\/\/vacationselector.com\/wp-content\/uploads\/2023\/05\/Cyprus-vs.-Crete.jpg","link":"https:\/\/vacationselector.com\/cyprus-greece\/","title":"Cyprus vs. Greece for Vacation - Which one is better?","thumbnail":"https:\/\/ts2.mm.bing.net\/th?id=OIP.0ZwK6egCixB9L8YjoqnspQHaE8&pid=15.1","size":"1200\u00d7800","desc":"","filetype":"","width":"1200\u00d7800","height":null,"domain":"vacationselector.com"},{"url":"https:\/\/www.cypr.link\/cyprus\/wp-content\/uploads\/2015\/03\/Fotolia_58037448_Subscription_Monthly_M.jpg","link":"https:\/\/fity.club\/lists\/suggestions\/Cyprus-Greece-Map\/","title":"Cyprus Greece Map","thumbnail":"https:\/\/ts1.mm.bing.net\/th?id=OIP.aJZoQjyfbgEpcjAFHkrLhAHaE7&pid=15.1","size":"1688\u00d71125","desc":"","filetype":"","width":"1688\u00d71125","height":null,"domain":"fity.club"},{"url":"https:\/\/image.shutterstock.com\/z\/stock-photo-greece-and-cyprus-two-folded-flags-together-d-rendering-1864573408.jpg","link":"https:\/\/www.shutterstock.com\/search\/greek-cyprus-flag","title":"1,554 Greek cyprus flag Images, Stock Photos & Vectors | Shutterstock","thumbnail":"https:\/\/ts4.mm.bing.net\/th?id=OIP.W9YWST8jEELsJiyfGHXWEAHaEp&pid=15.1","size":"1500\u00d7943","desc":"","filetype":"","width":"1500\u00d7943","height":null,"domain":"www.shutterstock.com"},{"url":"https:\/\/www.traveloffpath.com\/wp-content\/uploads\/2023\/01\/Greek-Ruins-Facing-The-Mediterranean-Sea-In-The-Island-Of-Cyprus-Southern-Europe.jpg","link":"https:\/\/ar.inspiredpencil.com\/pictures-2023\/cypress-greece","title":"Cypress Greece","thumbnail":"https:\/\/ts2.mm.bing.net\/th?id=OIP.Ehc6ivcnhlqr1DciF2gkfAHaHa&pid=15.1","size":"800\u00d7800","desc":"","filetype":"","width":"800\u00d7800","height":null,"domain":"ar.inspiredpencil.com"},{"url":"https:\/\/cdn.britannica.com\/61\/178961-050-AB4C7D83\/Ruins-Kourion-Limassol-Cyprus.jpg","link":"https:\/\/www.britannica.com\/place\/Cyprus\/People","title":"Cyprus - Greek, Turkish, Mediterranean | Britannica","thumbnail":"https:\/\/ts2.mm.bing.net\/th?id=OIP.SLwfWKnc0mdEgXvV_KDEYwHaFf&pid=15.1","size":"1600\u00d71185","desc":"","filetype":"","width":"1600\u00d71185","height":null,"domain":"www.britannica.com"},{"url":"https:\/\/cdn.britannica.com\/84\/79884-004-B27AF93D\/Greek-areas-Turkish-Cyprus.jpg","link":"https:\/\/www.britannica.com\/place\/Cyprus\/People","title":"Cyprus - Greek, Turkish, Mediterranean | Britannica","thumbnail":"https:\/\/ts1.mm.bing.net\/th?id=OIP.9X5VAXhO1oL0OsxFTsDcwQHaFd&pid=15.1","size":"591\u00d7436","desc":"","filetype":"","width":"591\u00d7436","height":null,"domain":"www.britannica.com"},{"url":"https:\/\/www.greektravel.com\/greekislands\/cyprus.jpg","link":"https:\/\/www.greektravel.com\/greekislands\/crete-evia-cyprus.htm","title":"Greek Islands: Crete, Evia, Elafonissos and Cyprus","thumbnail":"https:\/\/ts1.mm.bing.net\/th?id=OIP.FecysBbS4OtaASw65hgYUwHaEH&pid=15.1","size":"850\u00d7472","desc":"cyprus greek island islands crete evia other","filetype":"","width":"850\u00d7472","height":null,"domain":"www.greektravel.com"},{"url":"https:\/\/greekreporter.com\/wp-content\/uploads\/2021\/06\/Konnos_Beach_cyprus-sea-credit-kallerna-cc-by-sa-4.0.jpg","link":"https:\/\/greekreporter.com\/2025\/05\/24\/beaches-cyprus\/","title":"The Most Beautiful Beaches in Cyprus - GreekReporter.com","thumbnail":"https:\/\/ts3.mm.bing.net\/th?id=OIP.vD_TLBo9p4HzxS7dG7OvFwHaE3&pid=15.1","size":"1920\u00d71260","desc":"","filetype":"","width":"1920\u00d71260","height":null,"domain":"greekreporter.com"},{"url":"https:\/\/www.gisreportsonline.com\/wp-content\/uploads\/2021\/04\/Cyprus-Simmering-tensions-over-a-divided-island-1140x576.png","link":"https:\/\/storage.googleapis.com\/dhhphxdjdbivke\/greece-and-cyprus-history.html","title":"Greece And Cyprus History at Janet Simmons blog","thumbnail":"https:\/\/ts4.mm.bing.net\/th?id=OIP.0NLsxXlT0ds_eW1JQ2ynHwHaDv&pid=15.1","size":"1140\u00d7576","desc":"","filetype":"","width":"1140\u00d7576","height":null,"domain":"storage.googleapis.com"},{"url":"https:\/\/ichef.bbci.co.uk\/news\/976\/cpsprodpb\/05FB\/production\/_128313510_bbcmp_cyprus.png","link":"https:\/\/storage.googleapis.com\/dhhphxdjdbivke\/greece-and-cyprus-history.html","title":"Greece And Cyprus History at Janet Simmons blog","thumbnail":"https:\/\/ts4.mm.bing.net\/th?id=OIP.0baXX7rRguFRv2xs3sNXDgHaEK&pid=15.1","size":"976\u00d7549","desc":"","filetype":"","width":"976\u00d7549","height":null,"domain":"storage.googleapis.com"},{"url":"https:\/\/www.chronostravel.com\/wp-content\/uploads\/2020\/07\/Cyprus-Chronos-Travel-tours-4.jpg","link":"https:\/\/www.chronostravel.com\/trips-in-cyprus\/cyprus-archaelogical-tour\/","title":"Cyprus Archaelogy Tour - Chronos Travel - Archaeology tours to Cyprus","thumbnail":"https:\/\/ts3.mm.bing.net\/th?id=OIP.N22Ky7W15an4jOA_EakM6QHaC5&pid=15.1","size":"1920\u00d7750","desc":"","filetype":"","width":"1920\u00d7750","height":null,"domain":"www.chronostravel.com"},{"url":"https:\/\/www.kiprinform.com\/wp-content\/uploads\/2015\/07\/cyprus-region-map.jpg","link":"https:\/\/fity.club\/lists\/suggestions\/Cyprus-Greece-Map\/","title":"Cyprus Greece Map","thumbnail":"https:\/\/ts3.mm.bing.net\/th?id=OIP.GJGtn-NyDh9iHAtzxtIsPAHaEY&pid=15.1","size":"1827\u00d71080","desc":"","filetype":"","width":"1827\u00d71080","height":null,"domain":"fity.club"},{"url":"https:\/\/greekcitytimes.com\/wp-content\/uploads\/2020\/06\/cyprus-2169482_1280.jpg","link":"https:\/\/greekcitytimes.com\/2023\/11\/15\/secure-investments-exploring-tax-friendly-havens-in-cyprus-and-greece-for-high-net-worth-individuals\/","title":"Secure Investments: Exploring Tax-Friendly Havens in Cyprus and Greece","thumbnail":"https:\/\/ts2.mm.bing.net\/th?id=OIP.Zs2Zo-1z55v2RkBelUIqpgHaE7&pid=15.1","size":"1280\u00d7853","desc":"","filetype":"","width":"1280\u00d7853","height":null,"domain":"greekcitytimes.com"},{"url":"https:\/\/www.nationsonline.org\/maps\/cyprus_map.jpg","link":"https:\/\/tripmastery.blogspot.com\/2025\/07\/cyprus-greece-ferry-faces-record-demand.html","title":"Cyprus-Greece Ferry Faces Record Demand - TRIP MASTERY","thumbnail":"https:\/\/ts4.mm.bing.net\/th?id=OIP.k8lPlnctz1fOmoKwAA4YnQHaFg&pid=15.1","size":"1944\u00d71445","desc":"","filetype":"","width":"1944\u00d71445","height":null,"domain":"tripmastery.blogspot.com"},{"url":"https:\/\/saycyprus.com\/wp-content\/uploads\/2025\/11\/thumbnail-1-1632x918.jpg","link":"https:\/\/saycyprus.com\/is-cyprus-in-greece\/","title":"Is Cyprus in Greece? Find Out the Truth Today \u2014 Say Cyprus","thumbnail":"https:\/\/ts2.mm.bing.net\/th?id=OIP.ZD37X0DfI0aD7d7PAR78XgHaEK&pid=15.1","size":"1600\u00d7900","desc":"","filetype":"","width":"1600\u00d7900","height":null,"domain":"saycyprus.com"},{"url":"https:\/\/tzassets.bestwestern.com\/wp-content\/uploads\/2022\/11\/18213151\/GREECE-CYPRUS-scaled.jpg","link":"https:\/\/ar.inspiredpencil.com\/pictures-2023\/cypress-greece","title":"Cypress Greece","thumbnail":"https:\/\/ts1.mm.bing.net\/th?id=OIP.c-ukA9xzdiiN3BEgg66DZQHaE8&pid=15.1","size":"2560\u00d71707","desc":"","filetype":"","width":"2560\u00d71707","height":null,"domain":"ar.inspiredpencil.com"},{"url":"https:\/\/www.anadventurousworld.com\/wp-content\/uploads\/2020\/10\/where-to-stay-in-cyprus.jpg","link":"https:\/\/the-bucket-lister.blogspot.com\/2024\/01\/traveltocyprus .html","title":"CYPRUS","thumbnail":"https:\/\/ts3.mm.bing.net\/th?id=OIP.LZGSMV8RwlCcSLn2dnE6fQHaE8&pid=15.1","size":"1170\u00d7780","desc":"","filetype":"","width":"1170\u00d7780","height":null,"domain":"the-bucket-lister.blogspot.com"},{"url":"https:\/\/www.worldtravelguide.net\/wp-content\/uploads\/2017\/04\/Think-Cyprus-AyiaNapa-514991484-Kirillm-copy.jpg","link":"https:\/\/www.worldtravelguide.net\/guides\/europe\/cyprus\/weather-climate-geography\/","title":"What is the weather, climate and geography like in Cyprus","thumbnail":"https:\/\/ts4.mm.bing.net\/th?id=OIP.qQIBaKOx2vHNNW-S8PoALgHaEO&pid=15.1","size":"1440\u00d7823","desc":"cyprus geography country us features europe","filetype":"","width":"1440\u00d7823","height":null,"domain":"www.worldtravelguide.net"},{"url":"https:\/\/wallpapercave.com\/wp\/wp2167441.jpg","link":"https:\/\/wallpapercave.com\/cyprus-wallpapers","title":"Cyprus Wallpapers - Wallpaper Cave","thumbnail":"https:\/\/ts1.mm.bing.net\/th?id=OIP.4NxtM2y5aCxG0B0X-msTQAHaEK&pid=15.1","size":"1920\u00d71080","desc":"wallpaper ocean view nice cyprus backgrounds wallpapers hd desktop views sea greek download beautiful greece beach 4k mediterranean computer pc","filetype":"","width":"1920\u00d71080","height":null,"domain":"wallpapercave.com"},{"url":"https:\/\/a.cdn-hotels.com\/gdcs\/production180\/d124\/9dc35ac0-af3d-4cce-a7cf-02132213f43a.jpg","link":"https:\/\/letstalksport.co.uk\/news\/cyprus-on-world-map.html","title":"Cyprus on world map","thumbnail":"https:\/\/ts1.mm.bing.net\/th?id=OIP.MxAs-16_ePEywLsmdhKYHAHaE7&pid=15.1","size":"1600\u00d71066","desc":"","filetype":"","width":"1600\u00d71066","height":null,"domain":"letstalksport.co.uk"},{"url":"https:\/\/1.bp.blogspot.com\/-TqMZUtkNFLY\/VKlmyHM5sZI\/AAAAAAAAHqg\/Xz5ZNLaK1H8\/s1600\/map.png","link":"https:\/\/fity.club\/lists\/suggestions\/Cyprus-Greece-Map\/","title":"Cyprus Greece Map","thumbnail":"https:\/\/ts2.mm.bing.net\/th?id=OIP.5HCREC8dZ9z_EsYqEXxOXwHaHH&pid=15.1","size":"917\u00d7881","desc":"","filetype":"","width":"917\u00d7881","height":null,"domain":"fity.club"},{"url":"https:\/\/www.thetinybook.com\/wp-content\/uploads\/2023\/01\/Nissi-Beach-in-Cyprus.jpeg","link":"https:\/\/greeceplanner.com\/cyprus-or-greece\/","title":"Cyprus or Greece: Vacation Places for Young Students \u2013 Greece Planner","thumbnail":"https:\/\/ts4.mm.bing.net\/th?id=OIP.JdjtXD9D3Sf6Rbd4YAZZbQHaE0&pid=15.1","size":"1000\u00d7650","desc":"","filetype":"","width":"1000\u00d7650","height":null,"domain":"greeceplanner.com"},{"url":"https:\/\/i0.wp.com\/wandereroftheworld.co.uk\/wp-content\/uploads\/2017\/07\/Sea-Caves-Ayia-Napa-Cyprus.jpg?w=1024&ssl=1","link":"https:\/\/wandereroftheworld.co.uk\/greek-myths-and-legends-of-cyprus-demystified\/","title":"Cyprus Greek Mythology & Legends Demystified - Wanderers of the World","thumbnail":"https:\/\/ts1.mm.bing.net\/th?id=OIP.30Go92QCMEOUISQfbrAWigHaFj&pid=15.1","size":"1024\u00d7768","desc":"cyprus greek romantic ten mythology legends turquoise caves demystified waters myths vacations","filetype":"","width":"1024\u00d7768","height":null,"domain":"wandereroftheworld.co.uk"},{"url":"https:\/\/cyprus-mail.com\/wp-content\/uploads\/2023\/03\/Colours-of-Cyprus-4.jpg","link":"https:\/\/cyprus-mail.com\/2023\/03\/18\/the-colours-of-cyprus\/","title":"The colours of Cyprus | Cyprus Mail","thumbnail":"https:\/\/ts3.mm.bing.net\/th?id=OIP.mjk1MpHupOqowrpUUXc8aQHaFE&pid=15.1","size":"1024\u00d7702","desc":"","filetype":"","width":"1024\u00d7702","height":null,"domain":"cyprus-mail.com"},{"url":"https:\/\/cdn.britannica.com\/25\/183625-050-71AB9343\/World-Data-Locator-Map-Cyprus.jpg","link":"https:\/\/www.britannica.com\/place\/Cyprus\/People","title":"Cyprus - Greek, Turkish, Mediterranean | Britannica","thumbnail":"https:\/\/ts3.mm.bing.net\/th?id=OIP.IPv7rLd14uBQALao5su4HAHaHG&pid=15.1","size":"1600\u00d71533","desc":"","filetype":"","width":"1600\u00d71533","height":null,"domain":"www.britannica.com"},{"url":"https:\/\/cdn.britannica.com\/85\/7885-050-AD183334\/Republic-of-Cyprus-Turkish-Northern-locator-map.jpg","link":"https:\/\/www.britannica.com\/place\/Cyprus\/People","title":"Cyprus - Greek, Turkish, Mediterranean | Britannica","thumbnail":"https:\/\/ts1.mm.bing.net\/th?id=OIP.ANin3YSmuQM4dv9qhkq0FQHaGI&pid=15.1","size":"1600\u00d71326","desc":"","filetype":"","width":"1600\u00d71326","height":null,"domain":"www.britannica.com"},{"url":"https:\/\/www.mappr.co\/wp-content\/uploads\/2021\/11\/cyprus-main-cities-map.jpg","link":"https:\/\/www.mappr.co\/location\/cyprus\/","title":"Where is Cyprus? Maps and Facts \ud83c\udde8\ud83c\uddfe | Mappr","thumbnail":"https:\/\/ts4.mm.bing.net\/th?id=OIP.oQnr8XlbgB0xe1kcwXgpiQHaFw&pid=15.1","size":"2000\u00d71556","desc":"","filetype":"","width":"2000\u00d71556","height":null,"domain":"www.mappr.co"},{"url":"https:\/\/cdn.pixabay.com\/photo\/2023\/01\/02\/17\/58\/cyprus-7692621_1280.jpg","link":"https:\/\/pixabay.com\/images\/search\/coastal cyprus\/","title":"10,000+ Free Coastal Cyprus & Cyprus Images - Pixabay","thumbnail":"https:\/\/ts2.mm.bing.net\/th?id=OIP._HKgLvSFMp8X-0zyC5lmOQHaEc&pid=15.1","size":"1280\u00d7768","desc":"","filetype":"","width":"1280\u00d7768","height":null,"domain":"pixabay.com"},{"url":"https:\/\/cdn.britannica.com\/84\/7884-050-F84FC9CC\/Cyprus.jpg","link":"https:\/\/www.britannica.com\/topic\/Mycenaean-civilization","title":"Mycenaean civilization | ancient Greece | Britannica","thumbnail":"https:\/\/ts1.mm.bing.net\/th?id=OIP.s3Tzr239lDoI2zukgZZ8ugHaGI&pid=15.1","size":"1600\u00d71326","desc":"","filetype":"","width":"1600\u00d71326","height":null,"domain":"www.britannica.com"},{"url":"https:\/\/www.worldatlas.com\/upload\/4c\/d8\/63\/cy-01.jpg","link":"https:\/\/blickedicht.de\/map-cyprus-ginkgomaps-continent-asia-region-cyprus\/","title":"Map Cyprus; Ginkgomaps Continent: Asia; Region: Cyprus \u2013 PWPK","thumbnail":"https:\/\/ts3.mm.bing.net\/th?id=OIP.woFzUpZzYTgaN3cNo2HGGQHaIM&pid=15.1","size":"3426\u00d73794","desc":"","filetype":"","width":"3426\u00d73794","height":null,"domain":"blickedicht.de"},{"url":"https:\/\/www.cypress.io\/cypress_logo_social.png","link":"https:\/\/www.cypress.io\/blog\/cypress-dashboard-will-soon-become-cypress-cloud","title":"Cypress Dashboard will soon become Cypress Cloud","thumbnail":"https:\/\/ts3.mm.bing.net\/th?id=OIP.pU_h27oaQTXPjLxAhMMG0AHaD4&pid=15.1","size":"5000\u00d72618","desc":"","filetype":"","width":"5000\u00d72618","height":null,"domain":"www.cypress.io"},{"url":"https:\/\/housing.com\/news\/wp-content\/uploads\/2023\/01\/cypress-tree-1200x700-compressed.jpg","link":"https:\/\/ar.inspiredpencil.com\/pictures-2023\/cypress-tree-images","title":"Cypress Tree Images","thumbnail":"https:\/\/ts3.mm.bing.net\/th?id=OIP.khqpMMc54zknude8H5mKnAHaEU&pid=15.1","size":"1200\u00d7700","desc":"","filetype":"","width":"1200\u00d7700","height":null,"domain":"ar.inspiredpencil.com"},{"url":"https:\/\/www.nature-and-garden.com\/wp-content\/uploads\/sites\/4\/2018\/06\/cypress.jpg","link":"https:\/\/www.myheartliveshere.com\/where-do-cypress-trees-grow\/","title":"Where Do Cypress Trees Grow? - My Heart Lives Here","thumbnail":"https:\/\/ts1.mm.bing.net\/th?id=OIP.VeF1COOfzEwLnx8bW7l5dQHaJu&pid=15.1","size":"1200\u00d71575","desc":"","filetype":"","width":"1200\u00d71575","height":null,"domain":"www.myheartliveshere.com"},{"url":"https:\/\/treedoctors.ca\/images\/blog\/20241022\/image-08.webp","link":"https:\/\/storage.googleapis.com\/pbtmljczpklisnfwfisfblog\/how-to-grow-italian-cypress.html","title":"How to Grow Italian Cypress: A Complete Guide for Healthy Growth","thumbnail":"https:\/\/ts4.mm.bing.net\/th?id=OIP.r5OSRanFGAv7qM6EkiT1rQHaE7&pid=15.1","size":"1826\u00d71217","desc":"","filetype":"","width":"1826\u00d71217","height":null,"domain":"storage.googleapis.com"},{"url":"https:\/\/www.trees.com\/wp-content\/uploads\/products\/medium\/1000\/CypressTrees1.webp","link":"https:\/\/www.trees.com\/cypress-trees","title":"Cypress Trees for Sale - Buying & Growing Guide - Trees.com","thumbnail":"https:\/\/ts3.mm.bing.net\/th?id=OIP.pdjR_rsDt1aKGWOe8PE9mAHaG3&pid=15.1","size":"999\u00d7926","desc":"","filetype":"","width":"999\u00d7926","height":null,"domain":"www.trees.com"},{"url":"https:\/\/www.plantvine.com\/plants\/Bald-Cypress-Main-800x1000.jpg","link":"https:\/\/fity.club\/lists\/suggestions\/different-types-of-cypress-trees-pictures\/","title":"Different Types Of Cypress Trees Pictures 10 Types Of Cypress Trees","thumbnail":"https:\/\/ts3.mm.bing.net\/th?id=OIP.F4uoIB1XpYFmRxOGVmkKAgHaJQ&pid=15.1","size":"800\u00d71000","desc":"","filetype":"","width":"800\u00d71000","height":null,"domain":"fity.club"},{"url":"https:\/\/www.thespruce.com\/thmb\/S_dp01nGkr16qJ9biwrXAG--yNA=\/1500x0\/filters:no_upscale():max_bytes(150000):strip_icc()\/italian-cypress-tree-growing-guide-7108396_01-18418fa414ee4495abaf371c8b338c9d.jpg","link":"https:\/\/template.punk2004.de\/growing-and-caring-for-italian-cypress-tips-and-considerations\/","title":"Growing And Caring For Italian Cypress: Tips And Considerations \u2013 QTWWM","thumbnail":"https:\/\/ts2.mm.bing.net\/th?id=OIP.mp2gFSYAvvVMZ3Jhy2k4bAHaE7&pid=15.1","size":"1500\u00d7998","desc":"","filetype":"","width":"1500\u00d7998","height":null,"domain":"template.punk2004.de"},{"url":"https:\/\/cdn.pixabay.com\/photo\/2018\/09\/25\/10\/55\/cypress-trees-3701931_1280.jpg","link":"https:\/\/pixabay.com\/images\/search\/cypress tree\/","title":"200,000+ Free Cypress Tree & Cypress Images - Pixabay","thumbnail":"https:\/\/ts3.mm.bing.net\/th?id=OIP.SPXE5r-37No5cO_mO9PUrQHaE7&pid=15.1","size":"1280\u00d7853","desc":"","filetype":"","width":"1280\u00d7853","height":null,"domain":"pixabay.com"},{"url":"https:\/\/www.thespruce.com\/thmb\/l3D9-3ilnicWzq3kqLJZXGnrevw=\/1500x0\/filters:no_upscale():max_bytes(150000):strip_icc()\/italian-cypress-tree-growing-guide-7108396_03-d858f7e46be545a09f0e234a419f1fad.jpg","link":"https:\/\/ar.inspiredpencil.com\/pictures-2023\/italian-cypress-tree","title":"Italian Cypress Tree","thumbnail":"https:\/\/ts2.mm.bing.net\/th?id=OIP.sHc7Qo8bb9_aDbEky6tmZAHaFD&pid=15.1","size":"1500\u00d71024","desc":"","filetype":"","width":"1500\u00d71024","height":null,"domain":"ar.inspiredpencil.com"},{"url":"https:\/\/nationwideplants.com\/cdn\/shop\/files\/Italian_Cypress_Trees_-_Large_Height.jpg?v=1740616929","link":"https:\/\/fity.club\/lists\/suggestions\/landscaping-with-cypress-trees\/","title":"Landscaping With Cypress Trees Italian Cypress \u2013 Three Timbers","thumbnail":"https:\/\/ts1.mm.bing.net\/th?id=OIP.SvnGNDl1CS_kiIitDrYFagHaHa&pid=15.1","size":"2048\u00d72048","desc":"","filetype":"","width":"2048\u00d72048","height":null,"domain":"fity.club"},{"url":"https:\/\/plantglossary.com\/wp-content\/uploads\/2023\/03\/Italian-Cypress.jpg","link":"https:\/\/likeitornot.de\/cypress-name-meaning-origin-numerology\/","title":"Cypress Name Meaning, Origin, Numerology \u2013 HARO","thumbnail":"https:\/\/ts2.mm.bing.net\/th?id=OIP.ghZ1hNPILBYfqnCri_EqPQHaE8&pid=15.1","size":"1200\u00d7800","desc":"","filetype":"","width":"1200\u00d7800","height":null,"domain":"likeitornot.de"},{"url":"https:\/\/ownyardlife.com\/wp-content\/uploads\/2024\/10\/Cypress-Tree-800x572.jpg","link":"https:\/\/ownyardlife.com\/cypress-tree-care-and-growing-guide-most-detailed\/","title":"Cypress Tree Care and Growing Guide (Most Detailed)","thumbnail":"https:\/\/ts1.mm.bing.net\/th?id=OIP.TYI5HHFcY0VhWoUzrl8XNAHaFS&pid=15.1","size":"800\u00d7572","desc":"","filetype":"","width":"800\u00d7572","height":null,"domain":"ownyardlife.com"},{"url":"https:\/\/static1.backyardbossimages.com\/wordpress\/wp-content\/uploads\/2023\/12\/italian-cypress.jpg","link":"https:\/\/storage.googleapis.com\/dvwhrofdhaalme\/will-italian-cypress-grow-back.html","title":"Will Italian Cypress Grow Back at Ava Lazarev blog","thumbnail":"https:\/\/ts3.mm.bing.net\/th?id=OIP.K686Wt1rfVWIyxhb44TsfAHaFo&pid=15.1","size":"2500\u00d71900","desc":"","filetype":"","width":"2500\u00d71900","height":null,"domain":"storage.googleapis.com"},{"url":"https:\/\/c8.alamy.com\/comp\/GKMMXH\/cypress-trees-GKMMXH.jpg","link":"https:\/\/fity.club\/lists\/suggestions\/cypress-trees-and-shrubs\/","title":"Cypress Trees And Shrubs","thumbnail":"https:\/\/ts1.mm.bing.net\/th?id=OIP.tN9qothrLkV6ud7eLDVhigHaFc&pid=15.1","size":"1300\u00d7955","desc":"","filetype":"","width":"1300\u00d7955","height":null,"domain":"fity.club"},{"url":"https:\/\/www.marthastewart.com\/thmb\/CEytcqVCXNnk01sp-tDIqihL3nU=\/1500x0\/filters:no_upscale():max_bytes(150000):strip_icc()\/GettyImages-1402825453-5dc88ba200bd40b5aaa9701de700ba94.jpg","link":"https:\/\/www.marthastewart.com\/fast-growing-evergreen-trees-8605078","title":"10 Fast-Growing Evergreen Trees That Will Be Tall Before You Know It","thumbnail":"https:\/\/ts1.mm.bing.net\/th?id=OIP.rMwHds-RToXnp4AdQ_VERwHaFj&pid=15.1","size":"1500\u00d71125","desc":"","filetype":"","width":"1500\u00d71125","height":null,"domain":"www.marthastewart.com"},{"url":"https:\/\/cdn.britannica.com\/88\/12488-120-BD690467\/Italian-cypress.jpg","link":"https:\/\/www.britannica.com\/plant\/cypress","title":"Cypress | Growing, Pruning & Planting Tips | Britannica","thumbnail":"https:\/\/ts1.mm.bing.net\/th?id=OIP.4EL7_mv2stLsud69LlVZcQHaFj&pid=15.1","size":"900\u00d7675","desc":"cypress species britannica","filetype":"","width":"900\u00d7675","height":null,"domain":"www.britannica.com"},{"url":"https:\/\/www.thespruce.com\/thmb\/rtg6F7BePw9mspODMQUCuZTCIyg=\/5592x0\/filters:no_upscale():max_bytes(150000):strip_icc()\/italian-cypress-tree-growing-guide-7108396_01a-b7f2a81a11ba4ce9afefd5bf8e3a453d.jpg","link":"https:\/\/template.punk2004.de\/growing-and-caring-for-italian-cypress-tips-and-considerations\/","title":"Growing And Caring For Italian Cypress: Tips And Considerations \u2013 QTWWM","thumbnail":"https:\/\/ts4.mm.bing.net\/th?id=OIP.BVMgj3Q5LR7bMtxTIKHRrwHaEz&pid=15.1","size":"5592\u00d73628","desc":"","filetype":"","width":"5592\u00d73628","height":null,"domain":"template.punk2004.de"},{"url":"https:\/\/plantglossary.com\/wp-content\/uploads\/2023\/03\/Monterey-Cypress.jpg","link":"https:\/\/plantglossary.com\/types-of-cypress-trees\/","title":"7 Types of Cypress Trees \u2013 Background, Qualities and Growing Conditions","thumbnail":"https:\/\/ts1.mm.bing.net\/th?id=OIP.IrG5u6ikijX0FFbt-IC41wHaFQ&pid=15.1","size":"1200\u00d7852","desc":"","filetype":"","width":"1200\u00d7852","height":null,"domain":"plantglossary.com"},{"url":"https:\/\/www.touristsecrets.com\/wp-content\/uploads\/2025\/04\/hidden-cypress-secrets-of-floridas-big-cypress-1745673247.jpg","link":"https:\/\/www.touristsecrets.com\/destinations\/united-states\/florida\/secrets-of-floridas-big-cypress-tree-gardens\/","title":"Secrets Of Florida's Big Cypress Tree Gardens | TouristSecrets","thumbnail":"https:\/\/ts4.mm.bing.net\/th?id=OIP.19jAVJORD-hiNKSiHj_YwgHaE7&pid=15.1","size":"1582\u00d71054","desc":"","filetype":"","width":"1582\u00d71054","height":null,"domain":"www.touristsecrets.com"},{"url":"https:\/\/www.gardeningknowhow.com\/wp-content\/uploads\/2021\/03\/italian-cypress-1536x1152.jpg","link":"https:\/\/docs.cholonautas.edu.pe\/en\/how-to-check-cypress-version-in-command-prompt.html","title":"How To Check Cypress Version In Command Prompt - Free Word Template","thumbnail":"https:\/\/ts3.mm.bing.net\/th?id=OIP.dCiVWTjj5igWsEs_fS9yxQHaFj&pid=15.1","size":"1536\u00d71152","desc":"","filetype":"","width":"1536\u00d71152","height":null,"domain":"docs.cholonautas.edu.pe"},{"url":"https:\/\/www.thespruce.com\/thmb\/Tr7_SlyMgAsdMRQPvpf6ujRWqOc=\/4888x3405\/filters:no_upscale():max_bytes(150000):strip_icc()\/leyland-cypress-trees-2132063-04-48cba8cae614496d96163736b225d1ed.JPG","link":"https:\/\/fity.club\/lists\/suggestions\/varieties-of-cypress-trees\/","title":"Varieties Of Cypress Trees","thumbnail":"https:\/\/ts2.mm.bing.net\/th?id=OIP.rR8R0rlVhwozfMID8AEKbwHaFK&pid=15.1","size":"4888\u00d73405","desc":"","filetype":"","width":"4888\u00d73405","height":null,"domain":"fity.club"},{"url":"https:\/\/www.coniferousforest.com\/wp-content\/uploads\/2020\/04\/Cypress-Tree.jpg","link":"https:\/\/www.coniferousforest.com\/plants-trees\/cypress","title":"Cypress Trees: Resilient Evergreens with Unique Ecological Value","thumbnail":"https:\/\/ts1.mm.bing.net\/th?id=OIP.8Gg0ZQNK9ZMBOcxQzEXAWAHaHa&pid=15.1","size":"1000\u00d71000","desc":"","filetype":"","width":"1000\u00d71000","height":null,"domain":"www.coniferousforest.com"},{"url":"https:\/\/a-z-animals.com\/media\/2022\/12\/3dffe85ecddc53e2ca709ed307c1e6d6ae3a740a.jpg","link":"https:\/\/storage.googleapis.com\/dszfhkyznpzeue\/cypress-reference-types.html","title":"Cypress Reference Types at Lily Bloom blog","thumbnail":"https:\/\/ts3.mm.bing.net\/th?id=OIP.voot-EogFy-iO9Cfg6sJSwHaEc&pid=15.1","size":"2000\u00d71200","desc":"","filetype":"","width":"2000\u00d71200","height":null,"domain":"storage.googleapis.com"},{"url":"https:\/\/shop-static.arborday.org\/media\/0005495_baldcypress.jpeg","link":"https:\/\/animalia-life.club\/qa\/pictures\/bald-cypress-tree-leaf-identification","title":"Bald Cypress Tree Leaf Identification","thumbnail":"https:\/\/ts3.mm.bing.net\/th?id=OIP.u3Xfc3MycfesDQoCN4LufgHaLE&pid=15.1","size":"1205\u00d71800","desc":"","filetype":"","width":"1205\u00d71800","height":null,"domain":"animalia-life.club"},{"url":"https:\/\/sigmaearth.com\/wp-content\/uploads\/2024\/07\/word-image-63953-2.png","link":"https:\/\/qaqooking.wiki\/all\/how-to\/cypress-tree-symbolism","title":"Cypress Tree Symbolism","thumbnail":"https:\/\/ts4.mm.bing.net\/th?id=OIP.BqllXU4bknDWBTRk7Ow9CQHaEK&pid=15.1","size":"1380\u00d7776","desc":"","filetype":"","width":"1380\u00d7776","height":null,"domain":"qaqooking.wiki"},{"url":"https:\/\/www.conserve-energy-future.com\/wp-content\/uploads\/2022\/09\/types-of-cypress-trees.jpg","link":"https:\/\/forhairstyles.com\/30-cypress-tree-varieties-types-of-cypress-trees\/","title":"30 Cypress Tree Varieties Types Of Cypress Trees \u2013 forHairstyles: Your","thumbnail":"https:\/\/ts2.mm.bing.net\/th?id=OIP.PUKwchDmc7X1o7kFISMyTAHaE-&pid=15.1","size":"728\u00d7489","desc":"","filetype":"","width":"728\u00d7489","height":null,"domain":"forhairstyles.com"},{"url":"https:\/\/www.gardeningknowhow.com\/wp-content\/uploads\/2013\/07\/cypress.jpg","link":"https:\/\/ar.inspiredpencil.com\/pictures-2023\/cypress-trees-types","title":"Cypress Trees Types","thumbnail":"https:\/\/ts4.mm.bing.net\/th?id=OIP.9ZAlM-pf9s1n__bvMEluSgHaJ4&pid=15.1","size":"1200\u00d71600","desc":"","filetype":"","width":"1200\u00d71600","height":null,"domain":"ar.inspiredpencil.com"},{"url":"https:\/\/www.planetnatural.com\/wp-content\/uploads\/2023\/07\/European-Cypress.jpg","link":"https:\/\/www.planetnatural.com\/cypress-tree\/","title":"Cypress Tree Guide What Are They + 14 Common Species","thumbnail":"https:\/\/ts4.mm.bing.net\/th?id=OIP.1QY3LNtGOPSaXX3ZUNWHyAHaEK&pid=15.1","size":"1280\u00d7720","desc":"","filetype":"","width":"1280\u00d7720","height":null,"domain":"www.planetnatural.com"},{"url":"https:\/\/www.marthastewart.com\/thmb\/S4J9D2Ocm87d-PKI5elIaYsGf-0=\/1500x0\/filters:no_upscale():max_bytes(150000):strip_icc()\/ms-false-cypress-spring-meadow-1f107842938b45e38885de9aa153e664.jpg","link":"https:\/\/www.marthastewart.com\/fast-growing-evergreen-trees-8605078","title":"10 Fast-Growing Evergreen Trees That Will Be Tall Before You Know It","thumbnail":"https:\/\/ts3.mm.bing.net\/th?id=OIP.0f8JU48RQWDUPCTCKEmtWgHaHa&pid=15.1","size":"1200\u00d71200","desc":"","filetype":"","width":"1200\u00d71200","height":null,"domain":"www.marthastewart.com"},{"url":"https:\/\/www.planetnatural.com\/wp-content\/uploads\/2023\/07\/Chinese-Weeping-Cypress.jpg","link":"https:\/\/www.planetnatural.com\/cypress-tree\/","title":"Cypress Tree Guide What Are They + 14 Common Species","thumbnail":"https:\/\/ts3.mm.bing.net\/th?id=OIP.g4MXegZRa9owNOtSTh2koQHaEK&pid=15.1","size":"1280\u00d7720","desc":"","filetype":"","width":"1280\u00d7720","height":null,"domain":"www.planetnatural.com"},{"url":"https:\/\/www.thespruce.com\/thmb\/sJzyaktVfnUIxSM2rAECKJTLC2o=\/5000x3300\/filters:fill(auto,1)\/leyland-cypress-leaf-closeup-big-58a4b74c5f9b58a3c9170bb8.jpg","link":"https:\/\/storage.googleapis.com\/dhjnjgklxxrqee\/leyland-cypress-yellow-tips.html","title":"Leyland Cypress Yellow Tips at Daniel Shears blog","thumbnail":"https:\/\/ts1.mm.bing.net\/th?id=OIP.Olu89EWrDyU1yjtTbUbP5wHaE4&pid=15.1","size":"5000\u00d73300","desc":"","filetype":"","width":"5000\u00d73300","height":null,"domain":"storage.googleapis.com"},{"url":"https:\/\/www.coniferousforest.com\/wp-content\/uploads\/2020\/12\/Types-of-Cypress-Trees.jpg","link":"https:\/\/narodnatribuna.info\/lists\/l\/leyland-cypress-trees-types\/","title":"Leyland Cypress Trees Types 502x285","thumbnail":"https:\/\/ts3.mm.bing.net\/th?id=OIP.KFkn85CyHYPrJBVB8ZHV_QHaIe&pid=15.1","size":"1394\u00d71596","desc":"","filetype":"","width":"1394\u00d71596","height":null,"domain":"narodnatribuna.info"},{"url":"https:\/\/positivebloom.com\/wp-content\/uploads\/2025\/04\/Lawson-Cypress.jpg","link":"https:\/\/positivebloom.com\/gorgeous-cypress-trees-thatll-give-your-garden-the-privacy-it-deserves\/","title":"15 Gorgeous Cypress Trees That\u2019ll Give Your Garden The Privacy It Deserves","thumbnail":"https:\/\/ts4.mm.bing.net\/th?id=OIP.pVOlZqfE-hXKbg88nL4CdgHaE8&pid=15.1","size":"800\u00d7535","desc":"","filetype":"","width":"800\u00d7535","height":null,"domain":"positivebloom.com"},{"url":"https:\/\/www.thespruce.com\/thmb\/Kw3CbqKhA8LLHK0ur6Hrr3Rt8ss=\/1500x0\/filters:no_upscale():max_bytes(150000):strip_icc()\/growing-lemon-cypress-5113120-hero-3a58422da488401e8a6dfec458213e35.jpg","link":"https:\/\/ar.inspiredpencil.com\/pictures-2023\/cypress-tree-flower","title":"Cypress Tree Flower","thumbnail":"https:\/\/ts2.mm.bing.net\/th?id=OIP.wXvwkCXP_tUuJ4dMtSN6gwHaE8&pid=15.1","size":"1500\u00d71000","desc":"","filetype":"","width":"1500\u00d71000","height":null,"domain":"ar.inspiredpencil.com"},{"url":"https:\/\/plantura.garden\/uk\/wp-content\/uploads\/sites\/2\/2022\/08\/cypress-trees-1024x684.jpg","link":"https:\/\/storage.googleapis.com\/diuimidgpkdnue\/what-grows-on-cypress-trees.html","title":"What Grows On Cypress Trees at Jason Rocha blog","thumbnail":"https:\/\/ts1.mm.bing.net\/th?id=OIP.Bd5rT6fjAR3-yVKKkEn7qQHaE8&pid=15.1","size":"1024\u00d7684","desc":"","filetype":"","width":"1024\u00d7684","height":null,"domain":"storage.googleapis.com"},{"url":"https:\/\/i.pinimg.com\/originals\/66\/b9\/1a\/66b91ac02d45bea3ee97b7af65f7aa5f.jpg","link":"https:\/\/www.artofit.org\/image-gallery\/congratulations-card-graduation\/","title":"Congratulations card graduation \u2013 Artofit","thumbnail":"https:\/\/ts1.mm.bing.net\/th?id=OIP.ehgaJRVGhERKgJ9NC2SHqwHaFw&pid=15.1","size":"1920\u00d71493","desc":"\ue000Congratulations\ue001 card \ue000graduation\ue001 \u2013 Artofit","filetype":"","width":"1920\u00d71493","height":null,"domain":"www.artofit.org"},{"url":"https:\/\/img.freepik.com\/premium-vector\/graduation-vector-congratulation-graduation-vector-congratulations-graduates_730021-822.jpg?w=2000","link":"https:\/\/www.freepik.com\/premium-vector\/graduation-vector-congratulation-graduation-vector-congratulations-graduates_47555745.htm","title":"Premium Vector | Graduation vector congratulation graduation vector","thumbnail":"https:\/\/ts2.mm.bing.net\/th?id=OIP.J9MPUDEVaUA9sfKJ-VjengHaHa&pid=15.1","size":"2000\u00d72000","desc":"Premium Vector | \ue000Graduation\ue001 vector \ue000congratulation\ue001 \ue000graduation\ue001 vector ...","filetype":"","width":"2000\u00d72000","height":null,"domain":"www.freepik.com"},{"url":"https:\/\/img.freepik.com\/premium-vector\/graduation-cap-with-words-congratulations-it_602454-10041.jpg?w=2000","link":"https:\/\/www.freepik.com\/premium-vector\/graduation-cap-with-words-congratulations-it_239169663.htm","title":"Premium Vector | A graduation cap with the words congratulations on it","thumbnail":"https:\/\/ts3.mm.bing.net\/th?id=OIP.yluLKOeGSu73dpeKcSt63QHaHa&pid=15.1","size":"2000\u00d72000","desc":"Premium Vector | A \ue000graduation\ue001 cap with the words \ue000congratulations\ue001 on it","filetype":"","width":"2000\u00d72000","height":null,"domain":"www.freepik.com"},{"url":"https:\/\/thumbs.dreamstime.com\/z\/graduation-quotes-you-did-congratulations-card-banner-fun-vector-best-celebration-message-quotes-happy-motivation-280990419.jpg","link":"https:\/\/qaqooking.wiki\/all\/how-to\/graduation-congratulations-caption","title":"Graduation Congratulations Caption","thumbnail":"https:\/\/ts2.mm.bing.net\/th?id=OIP.9eQFj7H8g6ZlYEVQWTqbKwHaFW&pid=15.1","size":"1600\u00d71157","desc":"\ue000Graduation\ue001 \ue000Congratulations\ue001 Caption","filetype":"","width":"1600\u00d71157","height":null,"domain":"qaqooking.wiki"},{"url":"https:\/\/images.playground.com\/8a0cf817-4a95-4b1d-aa90-34554eb8dad0.jpeg","link":"https:\/\/playground.com\/templates\/s\/graduation-background","title":"Free and customizeable graduation background templates - Playground","thumbnail":"https:\/\/ts3.mm.bing.net\/th?id=OIP.-fjysFxEzdcvwCUy1zF17gHaK0&pid=15.1","size":"832\u00d71216","desc":"Free and customizeable \ue000graduation\ue001 background templates - Playground","filetype":"","width":"832\u00d71216","height":null,"domain":"playground.com"},{"url":"https:\/\/img.freepik.com\/premium-vector\/congrats-grad-wordings-with-graduation-toga-cap-stars-graduations-vector-design_742693-85.jpg?w=1480","link":"https:\/\/www.freepik.com\/premium-vector\/congrats-grad-wordings-with-graduation-toga-cap-stars-graduations-vector-design_34286781.htm","title":"Premium Vector | Congrats Grad wordings with Graduation toga cap and","thumbnail":"https:\/\/ts3.mm.bing.net\/th?id=OIP.OyNo78AwOdovYDsQsFEReQHaHa&pid=15.1","size":"1480\u00d71480","desc":"Premium Vector | \ue000Congrats\ue001 \ue000Grad\ue001 wordings with \ue000Graduation\ue001 toga cap and ...","filetype":"","width":"1480\u00d71480","height":null,"domain":"www.freepik.com"},{"url":"http:\/\/www.rosejamesco.com\/cdn\/shop\/files\/fe282487f474b1e3ecadcf6002b5f8a9a4cadedd088115d03ec6077542746d18.jpg?v=1713818664","link":"https:\/\/rosejamesco.com\/products\/congrats-grad-graduation-greeting-card","title":"Congrats Grad Gold Foil | Graduation Card \u2013 Rose James & Co","thumbnail":"https:\/\/ts3.mm.bing.net\/th?id=OIP.sc3kGBRcYTB-QdfHYHiLAAHaHa&pid=15.1","size":"1971\u00d71971","desc":"\ue000Congrats\ue001 \ue000Grad\ue001 Gold Foil | \ue000Graduation\ue001 Card \u2013 Rose James & Co","filetype":"","width":"1971\u00d71971","height":null,"domain":"rosejamesco.com"},{"url":"https:\/\/img2.clipart-library.com\/28\/congratulations-graduation-clip-art\/congratulations-graduation-clip-art-14.png","link":"https:\/\/clipart-library.com\/clipart\/congratulations-graduation-clip-art-14.htm","title":"congratulations graduation clip art #5904455 | Clipart Library","thumbnail":"https:\/\/ts3.mm.bing.net\/th?id=OIP.I3RSAFvUSpGPS_FYTX1BNgHaFj&pid=15.1","size":"1024\u00d7769","desc":"\ue000congratulations\ue001 \ue000graduation\ue001 clip art #5904455 | Clipart Library","filetype":"","width":"1024\u00d7769","height":null,"domain":"clipart-library.com"},{"url":"https:\/\/i.pinimg.com\/originals\/89\/1d\/1a\/891d1aac1cfef286325d4d4d48157839.jpg?nii=t","link":"https:\/\/www.pinterest.com\/ideas\/graduation-congratulations-images\/945975286140\/","title":"Graduation Congratulations Images","thumbnail":"https:\/\/ts4.mm.bing.net\/th?id=OIP.RfryuairJdbDnk6oZ3ZcYQAAAA&pid=15.1","size":"474\u00d7592","desc":"\ue000Graduation\ue001 \ue000Congratulations\ue001 Images","filetype":"","width":"474\u00d7592","height":null,"domain":"www.pinterest.com"},{"url":"https:\/\/c8.alamy.com\/comp\/2GYM2H3\/congratulations-graduates-poster-with-hat-2GYM2H3.jpg","link":"http:\/\/fity.club\/lists\/suggestions\/congratulations-graduates-2020\/","title":"Congratulations Graduates 2020","thumbnail":"https:\/\/ts1.mm.bing.net\/th?id=OIP._qcv05379K4hAuthdQaJQQHaHg&pid=15.1","size":"1300\u00d71317","desc":"\ue000Congratulations\ue001 \ue000Graduates\ue001 2020","filetype":"","width":"1300\u00d71317","height":null,"domain":"fity.club"},{"url":"https:\/\/wishes.photos\/wp-content\/uploads\/2022\/06\/happy-Graduation-7.jpg","link":"https:\/\/utpaqp.edu.pe\/search\/happy-graduation-wishes-and-messages-for-granddaughter-graduationcongratulations-granddaughter-graduation\/","title":"Happy Graduation Wishes And Messages For Granddaughter","thumbnail":"https:\/\/ts2.mm.bing.net\/th?id=OIP.Bj0k_rK__PwpPq5O5TW4-QHaHa&pid=15.1","size":"1080\u00d71080","desc":"Happy \ue000Graduation\ue001 Wishes And Messages For Granddaughter ...","filetype":"","width":"1080\u00d71080","height":null,"domain":"utpaqp.edu.pe"},{"url":"https:\/\/img.freepik.com\/premium-vector\/congratulations-greeting-sign-graduation_546897-423.jpg?w=2000","link":"https:\/\/ar.inspiredpencil.com\/pictures-2023\/congratulations-graduation-images","title":"Congratulations Graduation Images","thumbnail":"https:\/\/ts3.mm.bing.net\/th?id=OIP.KVwRog8oM0pDTen-tzO95QHaHa&pid=15.1","size":"2000\u00d72000","desc":"\ue000Congratulations\ue001 \ue000Graduation\ue001 Images","filetype":"","width":"2000\u00d72000","height":null,"domain":"ar.inspiredpencil.com"},{"url":"https:\/\/hips.hearstapps.com\/hmg-prod\/images\/graduation-wishes-663a718da3c2e.jpg","link":"https:\/\/narodnatribuna.info\/lists\/c\/congratulations-on-your-graduation-messages-wishes-quotes-life-trends\/","title":"Congratulations On Your Graduation Messages Wishes Quotes Life Trends","thumbnail":"https:\/\/ts2.mm.bing.net\/th?id=OIP.PtnvuuFRrs5ukvwXBcFPyAHaHa&pid=15.1","size":"2083\u00d72083","desc":"\ue000Congratulations\ue001 On Your \ue000Graduation\ue001 Messages Wishes Quotes Life Trends","filetype":"","width":"2083\u00d72083","height":null,"domain":"narodnatribuna.info"},{"url":"https:\/\/m.media-amazon.com\/images\/I\/61AO5lldhgL._AC_UF1000,1000_QL80_.jpg","link":"https:\/\/qaqooking.wiki\/all\/how-to\/congratulations-wishes-for-graduation-ceremony","title":"Congratulations Wishes For Graduation Ceremony","thumbnail":"https:\/\/ts4.mm.bing.net\/th?id=OIP.Tw_9UCoEPSVb1f_uwM6KaAHaHa&pid=15.1","size":"1000\u00d71000","desc":"\ue000Congratulations\ue001 Wishes For \ue000Graduation\ue001 Ceremony","filetype":"","width":"1000\u00d71000","height":null,"domain":"qaqooking.wiki"},{"url":"https:\/\/img.freepik.com\/premium-photo\/congratulations-graduate-graduation-celebration-graphic-with-cap-diploma_606187-17789.jpg?w=2000","link":"https:\/\/www.freepik.com\/premium-ai-image\/congratulations-graduate-graduation-celebration-graphic-with-cap-diploma_355137749.htm","title":"Congratulations graduate graduation celebration graphic with cap and","thumbnail":"https:\/\/ts4.mm.bing.net\/th?id=OIP.w08s1xMA9_frSWvX9lYaHwHaFE&pid=15.1","size":"2000\u00d71368","desc":"\ue000Congratulations\ue001 \ue000graduate\ue001 \ue000graduation\ue001 celebration graphic with cap and ...","filetype":"","width":"2000\u00d71368","height":null,"domain":"www.freepik.com"},{"url":"https:\/\/i.pinimg.com\/originals\/64\/0f\/3d\/640f3d47289591c5b48dba640793ac9b.jpg","link":"https:\/\/ph.pinterest.com\/pin\/1150177192338897178\/","title":"Graduation Cake Topper - Congrats Grad | Happy graduation cake topper","thumbnail":"https:\/\/ts1.mm.bing.net\/th?id=OIP.kIiH_SbJVqymIfvAmeehBwHaHa&pid=15.1","size":"1280\u00d71280","desc":"\ue000Graduation\ue001 Cake Topper - \ue000Congrats\ue001 \ue000Grad\ue001 | Happy \ue000graduation\ue001 cake topper ...","filetype":"","width":"1280\u00d71280","height":null,"domain":"ph.pinterest.com"},{"url":"https:\/\/i.ytimg.com\/vi\/RcidzvrH0KI\/maxresdefault.jpg","link":"https:\/\/ar.inspiredpencil.com\/pictures-2023\/congratulations-graduation-images","title":"Congratulations Graduation Images","thumbnail":"https:\/\/ts1.mm.bing.net\/th?id=OIP.V7h7kT_1_8zkhd6Un7HBTAHaEK&pid=15.1","size":"1280\u00d7720","desc":"\ue000Congratulations\ue001 \ue000Graduation\ue001 Images","filetype":"","width":"1280\u00d7720","height":null,"domain":"ar.inspiredpencil.com"},{"url":"https:\/\/www.callie.com\/gift-ideas\/wp-content\/uploads\/2023\/09\/Graduation-WISH2.jpg","link":"https:\/\/www.callie.com\/gift-ideas\/graduation-wishes\/","title":"50+ Graduation Wishes: Heartfelt Messages To Celebrate Achievements","thumbnail":"https:\/\/ts4.mm.bing.net\/th?id=OIP.e4qilGqzbHeOLMOOl-RAygHaFQ&pid=15.1","size":"1748\u00d71240","desc":"50+ \ue000Graduation\ue001 Wishes: Heartfelt Messages To Celebrate Achievements","filetype":"","width":"1748\u00d71240","height":null,"domain":"www.callie.com"},{"url":"https:\/\/thumbs.dreamstime.com\/z\/graduation-vector-class-congrats-grad-congratulations-graduate-179560600.jpg","link":"https:\/\/cartoondealer.com\/image\/260490367\/congratulations-grad-vector-lettering-graduation-design.html","title":"Congratulations Grad! Vector Lettering For Graduation Design","thumbnail":"https:\/\/ts2.mm.bing.net\/th?id=OIP.hbi9NZwx68iCjb0mb8mIdgHaGF&pid=15.1","size":"1600\u00d71316","desc":"\ue000Congratulations\ue001 \ue000Grad\ue001! Vector Lettering For \ue000Graduation\ue001 Design ...","filetype":"","width":"1600\u00d71316","height":null,"domain":"cartoondealer.com"},{"url":"http:\/\/pricklycards.com\/cdn\/shop\/files\/congratulations-graduation-card.png?v=1736100481","link":"https:\/\/fity.club\/lists\/g\/graduation-congratulations\/","title":"Graduation Congratulations Congratulation On Your Graduation Square","thumbnail":"https:\/\/ts4.mm.bing.net\/th?id=OIP.HPyxcMAh7knPML3atDXNRgHaHa&pid=15.1","size":"2048\u00d72048","desc":"\ue000Graduation\ue001 \ue000Congratulations\ue001 \ue000Congratulation\ue001 On Your \ue000Graduation\ue001 Square","filetype":"","width":"2048\u00d72048","height":null,"domain":"fity.club"},{"url":"https:\/\/i2.wp.com\/i.etsystatic.com\/19450507\/r\/il\/633778\/1869842828\/il_fullxfull.1869842828_n9pz.jpg","link":"https:\/\/utpaqp.edu.pe\/post\/congratulations-graduation-printable\/","title":"Congratulations Graduation Printable - Printables Templates Free","thumbnail":"https:\/\/ts2.mm.bing.net\/th?id=OIP.uIkIlTEKL5RNoIjBGZ3EtwHaF7&pid=15.1","size":"2560\u00d72048","desc":"\ue000Congratulations\ue001 \ue000Graduation\ue001 Printable - Printables Templates Free","filetype":"","width":"2560\u00d72048","height":null,"domain":"utpaqp.edu.pe"},{"url":"https:\/\/img.freepik.com\/premium-vector\/congrats-grad-svg-tshirt-design_836506-251.jpg?w=2000","link":"https:\/\/www.freepik.com\/premium-vector\/congrats-grad-svg-tshirt-design_154919969.htm","title":"Congrats grad svg tshirt design | Premium Vector","thumbnail":"https:\/\/ts2.mm.bing.net\/th?id=OIP.Yza6nd_YEjCutdzUwGQjdgHaHa&pid=15.1","size":"2000\u00d72000","desc":"\ue000Congrats\ue001 \ue000grad\ue001 svg tshirt design | Premium Vector","filetype":"","width":"2000\u00d72000","height":null,"domain":"www.freepik.com"},{"url":"https:\/\/c8.alamy.com\/comp\/2SXCGCH\/kindergarten-graduate-congrats-preschool-grad-vector-illustration-graduation-print-for-kindergarteners-elementary-school-students-cute-colorful-de-2SXCGCH.jpg","link":"https:\/\/fity.club\/lists\/g\/graduation-congrats-graphics\/","title":"Graduation Congrats Graphics","thumbnail":"https:\/\/ts3.mm.bing.net\/th?id=OIP.JeDTUQ3JkIJezm9DvjDC8wHaFc&pid=15.1","size":"1300\u00d7956","desc":"\ue000Graduation\ue001 \ue000Congrats\ue001 Graphics","filetype":"","width":"1300\u00d7956","height":null,"domain":"fity.club"},{"url":"https:\/\/assets.visme.co\/templates\/banners\/thumbnails\/i_Congratulations-Graduate-Poster_full.jpg","link":"https:\/\/www.visme.co\/templates\/posters\/congratulations-graduate-poster-1425294167\/","title":"Congratulations Graduate Poster Template | Visme","thumbnail":"https:\/\/ts2.mm.bing.net\/th?id=OIP.nLCKWJVN3FkoRsgtIWlNCwHaJ4&pid=15.1","size":"1728\u00d72304","desc":"\ue000Congratulations\ue001 \ue000Graduate\ue001 Poster Template | Visme","filetype":"","width":"1728\u00d72304","height":null,"domain":"www.visme.co"},{"url":"https:\/\/img2.clipart-library.com\/28\/congratulations-graduation-clip-art\/congratulations-graduation-clip-art-2.jpg","link":"https:\/\/clipart-library.com\/congratulations-graduation-clip-art.html","title":"Free Congratulations Graduation Clip Art, Download Free Congratulations","thumbnail":"https:\/\/ts1.mm.bing.net\/th?id=OIP.dXAHjOxgyChSbevIpUps5AHaE8&pid=15.1","size":"1024\u00d7683","desc":"Free \ue000Congratulations\ue001 \ue000Graduation\ue001 Clip Art, Download Free \ue000Congratulations\ue001 ...","filetype":"","width":"1024\u00d7683","height":null,"domain":"clipart-library.com"},{"url":"https:\/\/img.freepik.com\/premium-vector\/graduation-congratulations-school-university-college-trendy-calligraphy-golden-glitter-inscription_651154-2585.jpg?w=2000","link":"https:\/\/www.freepik.com\/premium-vector\/graduation-congratulations-school-university-college-trendy-calligraphy-golden-glitter-inscription_34560544.htm","title":"Premium Vector | Graduation congratulations at school university or","thumbnail":"https:\/\/ts3.mm.bing.net\/th?id=OIP._oACvGkenGy5K6NoclVhFgHaEo&pid=15.1","size":"2000\u00d71252","desc":"Premium Vector | \ue000Graduation\ue001 \ue000congratulations\ue001 at school university or ...","filetype":"","width":"2000\u00d71252","height":null,"domain":"www.freepik.com"},{"url":"https:\/\/www.greetingswishes.com\/wp-content\/uploads\/2024\/05\/Congratulations-On-Graduation.jpg","link":"https:\/\/www.greetingswishes.com\/congratulations-to-academic-achievement\/","title":"Graduation Glory: Congratulations to Academic Achievement! - Greetings","thumbnail":"https:\/\/ts4.mm.bing.net\/th?id=OIP.DUuKMMnXu5DW_97xmRITQAHaHa&pid=15.1","size":"1200\u00d71200","desc":"\ue000Graduation\ue001 Glory: \ue000Congratulations\ue001 to Academic Achievement! - Greetings ...","filetype":"","width":"1200\u00d71200","height":null,"domain":"www.greetingswishes.com"},{"url":"https:\/\/i.pinimg.com\/originals\/d1\/b4\/49\/d1b449e0950b8b2860f46c23d338787f.jpg","link":"https:\/\/id.pinterest.com\/pin\/289215607339993002\/","title":"Congrats Graduates. Greeting Lettering Sign With Academic Cap and","thumbnail":"https:\/\/ts4.mm.bing.net\/th?id=OIP.GKY_CTihBekTCYwI59irYgHaFj&pid=15.1","size":"1920\u00d71440","desc":"\ue000Congrats\ue001 \ue000Graduates\ue001. Greeting Lettering Sign With Academic Cap and ...","filetype":"","width":"1920\u00d71440","height":null,"domain":"id.pinterest.com"},{"url":"https:\/\/static.vecteezy.com\/system\/resources\/previews\/003\/885\/562\/original\/congratulations-graduates-poster-free-vector.jpg","link":"https:\/\/utpaqp.edu.pe\/explore\/congratulations-class-of-2024-clip-art","title":"Congratulations Class Of 2024 Clip Art","thumbnail":"https:\/\/ts1.mm.bing.net\/th?id=OIP.xpqMZA7n-kQukcOSIS1j6wHaHa&pid=15.1","size":"3333\u00d73333","desc":"\ue000Congratulations\ue001 Class Of 2024 Clip Art","filetype":"","width":"3333\u00d73333","height":null,"domain":"utpaqp.edu.pe"},{"url":"https:\/\/img.freepik.com\/premium-vector\/congrats-grad-graduation-quote-handwritten-typographic-golden-gradient-art-white-background_560834-1619.jpg?w=2000","link":"https:\/\/ar.inspiredpencil.com\/pictures-2023\/congrats-graduation-quotes","title":"Congrats Graduation Quotes","thumbnail":"https:\/\/ts4.mm.bing.net\/th?id=OIP.YbbekeNdH96QEJRIxENOtAHaF7&pid=15.1","size":"2000\u00d71600","desc":"\ue000Congrats Graduation\ue001 Quotes","filetype":"","width":"2000\u00d71600","height":null,"domain":"ar.inspiredpencil.com"}]}